{"id":1079,"date":"2021-05-18T16:08:42","date_gmt":"2021-05-18T22:08:42","guid":{"rendered":"https:\/\/seal.com.gt\/?p=1079"},"modified":"2021-05-18T16:08:45","modified_gmt":"2021-05-18T22:08:45","slug":"seal-y-ut-nayarit-firman-importante-acuerdo-de-colaboracion","status":"publish","type":"post","link":"https:\/\/seal.com.gt\/en\/seal-y-ut-nayarit-firman-importante-acuerdo-de-colaboracion\/","title":{"rendered":"SEAL y Universidad Tecnol\u00f3gica Nayarit firman importante acuerdo de colaboraci\u00f3n"},"content":{"rendered":"<p>Con el prop\u00f3sito\u00a0 de coordinar la ejecuci\u00f3n de diversas actividades que fortalezcan los conocimientos de las y  los alumnos de las carreras que se imparten en la <strong><a aria-label=\"undefined (opens in a new tab)\" href=\"https:\/\/www.utnay.edu.mx\/\" target=\"_blank\" rel=\"noreferrer noopener\">Universidad Tecnol\u00f3gica Nayarit<\/a><\/strong>, SEAL<strong> <a aria-label=\"undefined (opens in a new tab)\" href=\"https:\/\/seal.com.gt\/en\/\" target=\"_blank\" rel=\"noreferrer noopener\">(Servicios Especializados de Aduana y Log\u00edstica)<\/a> y la citada casa de estudios firmaron un importante acuerdo de colaboraci\u00f3n.<\/strong><\/p>\n\n\n\n<p><strong><a href=\"https:\/\/www.mascontainer.com\/?s=victor\" target=\"_blank\" aria-label=\"undefined (opens in a new tab)\" rel=\"noreferrer noopener\">V\u00edctor L\u00f3pez Duarte, representante de SEAL<\/a><\/strong> dijo \u201cque como empresa el objetivo es entregar una serie de facilidades a las y<strong> <\/strong>\u00a0los alumnos de la <strong>Universidad Tecnol\u00f3gica Nayarit <\/strong>para que realicen visitas de inducci\u00f3n que consistir\u00e1n en recorridos por las instalaciones de la empresa\u00a0 para que de esa forma conozcan de manera general el ambiente y actividades que realizamos\u201d.<\/p>\n\n\n\n<p><a href=\"https:\/\/seal.com.gt\/en\/\" target=\"_blank\" rel=\"noreferrer noopener\"><strong>Amy Zepeda, agente de aduana de SEAL.<\/strong><\/a> agreg\u00f3 \u201cque la idea es entregar todas las facilidades para que los alumnos realicen <strong>sus estancias, oportunidad en la que desarrollar\u00e1n un trabajo espec\u00edfico<\/strong>, que les permitir\u00e1 poner en pr\u00e1ctica los conocimientos adquiridos en tan importante casa de estudios\u201d.<\/p>\n\n\n\n<p>Adem\u00e1s se espera que <strong><a href=\"https:\/\/www.mascontainer.com\/?s=seal\" target=\"_blank\" aria-label=\"undefined (opens in a new tab)\" rel=\"noreferrer noopener\">SEAL\u00a0 y la Universidad Tecnol\u00f3gica Nayarit<\/a><\/strong> pueda desarrollar a futuro proyectos particulares de trabajo que de ser aprobados por ambas partes podr\u00edan materializarse en <strong>otros convenios espec\u00edficos que potencien la labor de las y los estudiantes.<\/strong><\/p>\n\n\n\n<p>Para <strong><a aria-label=\"undefined (opens in a new tab)\" href=\"https:\/\/seal.com.gt\/en\/blog\/\" target=\"_blank\" rel=\"noreferrer noopener\">SEAl <\/a><\/strong>como una de las <strong><a aria-label=\"undefined (opens in a new tab)\" href=\"https:\/\/www.mascontainer.com\/?s=victor\" target=\"_blank\" rel=\"noreferrer noopener\">agencias de aduana y log\u00edstica <\/a><\/strong>m\u00e1s importantes de Guatemala es de suma importancia desarrollar actividades de vinculaci\u00f3n potentes con las fuerzas vivas de sociedad y por ello la firma de un convenio de este tipo en el que se le brindar\u00e1 la<strong> posibilidad de poner en pr\u00e1ctica sus conocimientos a decenas de personas que son parte de la prestigiosa Universidad Tecnol\u00f3gica Nayarit.\u00a0<\/strong><\/p>\n\n\n\n<figure class=\"wp-block-embed-wordpress wp-block-embed is-type-wp-embed is-provider-seal\"><div class=\"wp-block-embed__wrapper\">\nhttps:\/\/seal.com.gt\/2021\/04\/28\/covid-19-yh-el-surgimiento-de-nuevas-oportunidades-de-negocios\/\n<\/div><\/figure>","protected":false},"excerpt":{"rendered":"<p>Con el prop\u00f3sito\u00a0 de coordinar la ejecuci\u00f3n de diversas actividades que fortalezcan los conocimientos de las y los alumnos de las carreras que se imparten en la Universidad Tecnol\u00f3gica Nayarit, SEAL (Servicios Especializados de Aduana y Log\u00edstica) y la citada casa de estudios firmaron un importante acuerdo de colaboraci\u00f3n. V\u00edctor L\u00f3pez Duarte, representante de SEAL [&hellip;]<\/p>\n","protected":false},"author":9,"featured_media":1080,"comment_status":"open","ping_status":"closed","sticky":false,"template":"","format":"standard","meta":{"footnotes":""},"categories":[1],"tags":[10,82,79,81,80,56,78,55,77,76],"class_list":["post-1079","post","type-post","status-publish","format-standard","has-post-thumbnail","hentry","category-blog","tag-agente-de-aduanas","tag-alumnos","tag-convenio","tag-estudiantes","tag-firma","tag-logistica","tag-mascontainer","tag-seal","tag-universidad-tecnica-nayarit","tag-ut"],"yoast_head":"<!-- This site is optimized with the Yoast SEO plugin v27.5 - https:\/\/yoast.com\/product\/yoast-seo-wordpress\/ -->\n<title>SEAL y UT Nayarit firman importante acuerdo de colaboraci\u00f3n<\/title>\n<meta name=\"description\" content=\"La idea es coordinar la ejecutar de diversas actividades que fortalezcan los conocimientos de las y los alumnos de las carreras que se imparten en la Universidad Tecnol\u00f3gica Nayarit.\" \/>\n<meta name=\"robots\" content=\"index, follow, max-snippet:-1, max-image-preview:large, max-video-preview:-1\" \/>\n<link rel=\"canonical\" href=\"https:\/\/www.seal.com.gt\/seal-y-ut-nayarit-firman-importante-acuerdo-de-colaboracion\/\" \/>\n<meta property=\"og:locale\" content=\"en_US\" \/>\n<meta property=\"og:type\" content=\"article\" \/>\n<meta property=\"og:title\" content=\"SEAL y UT Nayarit firman importante acuerdo de colaboraci\u00f3n\" \/>\n<meta property=\"og:description\" content=\"La idea es coordinar la ejecutar de diversas actividades que fortalezcan los conocimientos de las y los alumnos de las carreras que se imparten en la Universidad Tecnol\u00f3gica Nayarit.\" \/>\n<meta property=\"og:url\" content=\"https:\/\/www.seal.com.gt\/seal-y-ut-nayarit-firman-importante-acuerdo-de-colaboracion\/\" \/>\n<meta property=\"og:site_name\" content=\"SEAL\" \/>\n<meta property=\"article:publisher\" content=\"https:\/\/www.facebook.com\/sealgt\/\" \/>\n<meta property=\"article:published_time\" content=\"2021-05-18T22:08:42+00:00\" \/>\n<meta property=\"article:modified_time\" content=\"2021-05-18T22:08:45+00:00\" \/>\n<meta property=\"og:image\" content=\"https:\/\/www.seal.com.gt\/wp-content\/uploads\/2021\/05\/convenio-SEAL.jpg\" \/>\n\t<meta property=\"og:image:width\" content=\"765\" \/>\n\t<meta property=\"og:image:height\" content=\"550\" \/>\n\t<meta property=\"og:image:type\" content=\"image\/jpeg\" \/>\n<meta name=\"author\" content=\"Carlos Fernandez\" \/>\n<meta name=\"twitter:card\" content=\"summary_large_image\" \/>\n<meta name=\"twitter:creator\" content=\"@SealGT\" \/>\n<meta name=\"twitter:site\" content=\"@SealGT\" \/>\n<meta name=\"twitter:label1\" content=\"Written by\" \/>\n\t<meta name=\"twitter:data1\" content=\"Carlos Fernandez\" \/>\n\t<meta name=\"twitter:label2\" content=\"Est. reading time\" \/>\n\t<meta name=\"twitter:data2\" content=\"1 minute\" \/>\n<script type=\"application\/ld+json\" class=\"yoast-schema-graph\">{\"@context\":\"https:\\\/\\\/schema.org\",\"@graph\":[{\"@type\":\"Article\",\"@id\":\"https:\\\/\\\/www.seal.com.gt\\\/seal-y-ut-nayarit-firman-importante-acuerdo-de-colaboracion\\\/#article\",\"isPartOf\":{\"@id\":\"https:\\\/\\\/www.seal.com.gt\\\/seal-y-ut-nayarit-firman-importante-acuerdo-de-colaboracion\\\/\"},\"author\":{\"name\":\"Carlos Fernandez\",\"@id\":\"https:\\\/\\\/www.seal.com.gt\\\/en\\\/#\\\/schema\\\/person\\\/bdaade145a7d4c0e4e550ce8a3a8c9aa\"},\"headline\":\"SEAL y Universidad Tecnol\u00f3gica Nayarit firman importante acuerdo de colaboraci\u00f3n\",\"datePublished\":\"2021-05-18T22:08:42+00:00\",\"dateModified\":\"2021-05-18T22:08:45+00:00\",\"mainEntityOfPage\":{\"@id\":\"https:\\\/\\\/www.seal.com.gt\\\/seal-y-ut-nayarit-firman-importante-acuerdo-de-colaboracion\\\/\"},\"wordCount\":302,\"commentCount\":0,\"publisher\":{\"@id\":\"https:\\\/\\\/www.seal.com.gt\\\/en\\\/#organization\"},\"image\":{\"@id\":\"https:\\\/\\\/www.seal.com.gt\\\/seal-y-ut-nayarit-firman-importante-acuerdo-de-colaboracion\\\/#primaryimage\"},\"thumbnailUrl\":\"https:\\\/\\\/seal.com.gt\\\/wp-content\\\/uploads\\\/2021\\\/05\\\/convenio-SEAL.jpg\",\"keywords\":[\"agente de aduanas\",\"alumnos\",\"Convenio\",\"estudiantes\",\"Firma\",\"log\u00edstica\",\"MasContainer\",\"SEAL\",\"Universidad T\u00e9cnica Nayarit\",\"UT\"],\"articleSection\":[\"Blog\"],\"inLanguage\":\"en-US\",\"potentialAction\":[{\"@type\":\"CommentAction\",\"name\":\"Comment\",\"target\":[\"https:\\\/\\\/www.seal.com.gt\\\/seal-y-ut-nayarit-firman-importante-acuerdo-de-colaboracion\\\/#respond\"]}]},{\"@type\":\"WebPage\",\"@id\":\"https:\\\/\\\/www.seal.com.gt\\\/seal-y-ut-nayarit-firman-importante-acuerdo-de-colaboracion\\\/\",\"url\":\"https:\\\/\\\/www.seal.com.gt\\\/seal-y-ut-nayarit-firman-importante-acuerdo-de-colaboracion\\\/\",\"name\":\"SEAL y UT Nayarit firman importante acuerdo de colaboraci\u00f3n\",\"isPartOf\":{\"@id\":\"https:\\\/\\\/www.seal.com.gt\\\/en\\\/#website\"},\"primaryImageOfPage\":{\"@id\":\"https:\\\/\\\/www.seal.com.gt\\\/seal-y-ut-nayarit-firman-importante-acuerdo-de-colaboracion\\\/#primaryimage\"},\"image\":{\"@id\":\"https:\\\/\\\/www.seal.com.gt\\\/seal-y-ut-nayarit-firman-importante-acuerdo-de-colaboracion\\\/#primaryimage\"},\"thumbnailUrl\":\"https:\\\/\\\/seal.com.gt\\\/wp-content\\\/uploads\\\/2021\\\/05\\\/convenio-SEAL.jpg\",\"datePublished\":\"2021-05-18T22:08:42+00:00\",\"dateModified\":\"2021-05-18T22:08:45+00:00\",\"description\":\"La idea es coordinar la ejecutar de diversas actividades que fortalezcan los conocimientos de las y los alumnos de las carreras que se imparten en la Universidad Tecnol\u00f3gica Nayarit.\",\"breadcrumb\":{\"@id\":\"https:\\\/\\\/www.seal.com.gt\\\/seal-y-ut-nayarit-firman-importante-acuerdo-de-colaboracion\\\/#breadcrumb\"},\"inLanguage\":\"en-US\",\"potentialAction\":[{\"@type\":\"ReadAction\",\"target\":[\"https:\\\/\\\/www.seal.com.gt\\\/seal-y-ut-nayarit-firman-importante-acuerdo-de-colaboracion\\\/\"]}]},{\"@type\":\"ImageObject\",\"inLanguage\":\"en-US\",\"@id\":\"https:\\\/\\\/www.seal.com.gt\\\/seal-y-ut-nayarit-firman-importante-acuerdo-de-colaboracion\\\/#primaryimage\",\"url\":\"https:\\\/\\\/seal.com.gt\\\/wp-content\\\/uploads\\\/2021\\\/05\\\/convenio-SEAL.jpg\",\"contentUrl\":\"https:\\\/\\\/seal.com.gt\\\/wp-content\\\/uploads\\\/2021\\\/05\\\/convenio-SEAL.jpg\",\"width\":765,\"height\":550},{\"@type\":\"BreadcrumbList\",\"@id\":\"https:\\\/\\\/www.seal.com.gt\\\/seal-y-ut-nayarit-firman-importante-acuerdo-de-colaboracion\\\/#breadcrumb\",\"itemListElement\":[{\"@type\":\"ListItem\",\"position\":1,\"name\":\"Portada\",\"item\":\"https:\\\/\\\/seal.com.gt\\\/\"},{\"@type\":\"ListItem\",\"position\":2,\"name\":\"SEAL y Universidad Tecnol\u00f3gica Nayarit firman importante acuerdo de colaboraci\u00f3n\"}]},{\"@type\":\"WebSite\",\"@id\":\"https:\\\/\\\/www.seal.com.gt\\\/en\\\/#website\",\"url\":\"https:\\\/\\\/www.seal.com.gt\\\/en\\\/\",\"name\":\"SEAL\",\"description\":\"Servicios especializados de aduana y log\u00edstica\",\"publisher\":{\"@id\":\"https:\\\/\\\/www.seal.com.gt\\\/en\\\/#organization\"},\"potentialAction\":[{\"@type\":\"SearchAction\",\"target\":{\"@type\":\"EntryPoint\",\"urlTemplate\":\"https:\\\/\\\/www.seal.com.gt\\\/en\\\/?s={search_term_string}\"},\"query-input\":{\"@type\":\"PropertyValueSpecification\",\"valueRequired\":true,\"valueName\":\"search_term_string\"}}],\"inLanguage\":\"en-US\"},{\"@type\":\"Organization\",\"@id\":\"https:\\\/\\\/www.seal.com.gt\\\/en\\\/#organization\",\"name\":\"Servicios Especializados de Aduana y Logistica\",\"url\":\"https:\\\/\\\/www.seal.com.gt\\\/en\\\/\",\"logo\":{\"@type\":\"ImageObject\",\"inLanguage\":\"en-US\",\"@id\":\"https:\\\/\\\/www.seal.com.gt\\\/en\\\/#\\\/schema\\\/logo\\\/image\\\/\",\"url\":\"https:\\\/\\\/seal.com.gt\\\/wp-content\\\/uploads\\\/2019\\\/07\\\/seal-guatemala.png\",\"contentUrl\":\"https:\\\/\\\/seal.com.gt\\\/wp-content\\\/uploads\\\/2019\\\/07\\\/seal-guatemala.png\",\"width\":110,\"height\":75,\"caption\":\"Servicios Especializados de Aduana y Logistica\"},\"image\":{\"@id\":\"https:\\\/\\\/www.seal.com.gt\\\/en\\\/#\\\/schema\\\/logo\\\/image\\\/\"},\"sameAs\":[\"https:\\\/\\\/www.facebook.com\\\/sealgt\\\/\",\"https:\\\/\\\/x.com\\\/SealGT\",\"https:\\\/\\\/www.instagram.com\\\/sealgt_\\\/\",\"https:\\\/\\\/www.linkedin.com\\\/company\\\/sealgt\\\/\",\"https:\\\/\\\/www.youtube.com\\\/channel\\\/UCR7Hlb1FvtE-_dX61LGES_w\"]},{\"@type\":\"Person\",\"@id\":\"https:\\\/\\\/www.seal.com.gt\\\/en\\\/#\\\/schema\\\/person\\\/bdaade145a7d4c0e4e550ce8a3a8c9aa\",\"name\":\"Carlos Fernandez\",\"image\":{\"@type\":\"ImageObject\",\"inLanguage\":\"en-US\",\"@id\":\"https:\\\/\\\/secure.gravatar.com\\\/avatar\\\/58d46d11b3ee03e1c767195c40dc71152c0851754aaf267b52fcee7abb624f2b?s=96&d=mm&r=g\",\"url\":\"https:\\\/\\\/secure.gravatar.com\\\/avatar\\\/58d46d11b3ee03e1c767195c40dc71152c0851754aaf267b52fcee7abb624f2b?s=96&d=mm&r=g\",\"contentUrl\":\"https:\\\/\\\/secure.gravatar.com\\\/avatar\\\/58d46d11b3ee03e1c767195c40dc71152c0851754aaf267b52fcee7abb624f2b?s=96&d=mm&r=g\",\"caption\":\"Carlos Fernandez\"},\"url\":\"https:\\\/\\\/seal.com.gt\\\/en\\\/author\\\/carlos-fernandez\\\/\"}]}<\/script>\n<!-- \/ Yoast SEO plugin. -->","yoast_head_json":{"title":"SEAL y UT Nayarit firman importante acuerdo de colaboraci\u00f3n","description":"La idea es coordinar la ejecutar de diversas actividades que fortalezcan los conocimientos de las y los alumnos de las carreras que se imparten en la Universidad Tecnol\u00f3gica Nayarit.","robots":{"index":"index","follow":"follow","max-snippet":"max-snippet:-1","max-image-preview":"max-image-preview:large","max-video-preview":"max-video-preview:-1"},"canonical":"https:\/\/www.seal.com.gt\/seal-y-ut-nayarit-firman-importante-acuerdo-de-colaboracion\/","og_locale":"en_US","og_type":"article","og_title":"SEAL y UT Nayarit firman importante acuerdo de colaboraci\u00f3n","og_description":"La idea es coordinar la ejecutar de diversas actividades que fortalezcan los conocimientos de las y los alumnos de las carreras que se imparten en la Universidad Tecnol\u00f3gica Nayarit.","og_url":"https:\/\/www.seal.com.gt\/seal-y-ut-nayarit-firman-importante-acuerdo-de-colaboracion\/","og_site_name":"SEAL","article_publisher":"https:\/\/www.facebook.com\/sealgt\/","article_published_time":"2021-05-18T22:08:42+00:00","article_modified_time":"2021-05-18T22:08:45+00:00","og_image":[{"width":765,"height":550,"url":"https:\/\/www.seal.com.gt\/wp-content\/uploads\/2021\/05\/convenio-SEAL.jpg","type":"image\/jpeg"}],"author":"Carlos Fernandez","twitter_card":"summary_large_image","twitter_creator":"@SealGT","twitter_site":"@SealGT","twitter_misc":{"Written by":"Carlos Fernandez","Est. reading time":"1 minute"},"schema":{"@context":"https:\/\/schema.org","@graph":[{"@type":"Article","@id":"https:\/\/www.seal.com.gt\/seal-y-ut-nayarit-firman-importante-acuerdo-de-colaboracion\/#article","isPartOf":{"@id":"https:\/\/www.seal.com.gt\/seal-y-ut-nayarit-firman-importante-acuerdo-de-colaboracion\/"},"author":{"name":"Carlos Fernandez","@id":"https:\/\/www.seal.com.gt\/en\/#\/schema\/person\/bdaade145a7d4c0e4e550ce8a3a8c9aa"},"headline":"SEAL y Universidad Tecnol\u00f3gica Nayarit firman importante acuerdo de colaboraci\u00f3n","datePublished":"2021-05-18T22:08:42+00:00","dateModified":"2021-05-18T22:08:45+00:00","mainEntityOfPage":{"@id":"https:\/\/www.seal.com.gt\/seal-y-ut-nayarit-firman-importante-acuerdo-de-colaboracion\/"},"wordCount":302,"commentCount":0,"publisher":{"@id":"https:\/\/www.seal.com.gt\/en\/#organization"},"image":{"@id":"https:\/\/www.seal.com.gt\/seal-y-ut-nayarit-firman-importante-acuerdo-de-colaboracion\/#primaryimage"},"thumbnailUrl":"https:\/\/seal.com.gt\/wp-content\/uploads\/2021\/05\/convenio-SEAL.jpg","keywords":["agente de aduanas","alumnos","Convenio","estudiantes","Firma","log\u00edstica","MasContainer","SEAL","Universidad T\u00e9cnica Nayarit","UT"],"articleSection":["Blog"],"inLanguage":"en-US","potentialAction":[{"@type":"CommentAction","name":"Comment","target":["https:\/\/www.seal.com.gt\/seal-y-ut-nayarit-firman-importante-acuerdo-de-colaboracion\/#respond"]}]},{"@type":"WebPage","@id":"https:\/\/www.seal.com.gt\/seal-y-ut-nayarit-firman-importante-acuerdo-de-colaboracion\/","url":"https:\/\/www.seal.com.gt\/seal-y-ut-nayarit-firman-importante-acuerdo-de-colaboracion\/","name":"SEAL y UT Nayarit firman importante acuerdo de colaboraci\u00f3n","isPartOf":{"@id":"https:\/\/www.seal.com.gt\/en\/#website"},"primaryImageOfPage":{"@id":"https:\/\/www.seal.com.gt\/seal-y-ut-nayarit-firman-importante-acuerdo-de-colaboracion\/#primaryimage"},"image":{"@id":"https:\/\/www.seal.com.gt\/seal-y-ut-nayarit-firman-importante-acuerdo-de-colaboracion\/#primaryimage"},"thumbnailUrl":"https:\/\/seal.com.gt\/wp-content\/uploads\/2021\/05\/convenio-SEAL.jpg","datePublished":"2021-05-18T22:08:42+00:00","dateModified":"2021-05-18T22:08:45+00:00","description":"La idea es coordinar la ejecutar de diversas actividades que fortalezcan los conocimientos de las y los alumnos de las carreras que se imparten en la Universidad Tecnol\u00f3gica Nayarit.","breadcrumb":{"@id":"https:\/\/www.seal.com.gt\/seal-y-ut-nayarit-firman-importante-acuerdo-de-colaboracion\/#breadcrumb"},"inLanguage":"en-US","potentialAction":[{"@type":"ReadAction","target":["https:\/\/www.seal.com.gt\/seal-y-ut-nayarit-firman-importante-acuerdo-de-colaboracion\/"]}]},{"@type":"ImageObject","inLanguage":"en-US","@id":"https:\/\/www.seal.com.gt\/seal-y-ut-nayarit-firman-importante-acuerdo-de-colaboracion\/#primaryimage","url":"https:\/\/seal.com.gt\/wp-content\/uploads\/2021\/05\/convenio-SEAL.jpg","contentUrl":"https:\/\/seal.com.gt\/wp-content\/uploads\/2021\/05\/convenio-SEAL.jpg","width":765,"height":550},{"@type":"BreadcrumbList","@id":"https:\/\/www.seal.com.gt\/seal-y-ut-nayarit-firman-importante-acuerdo-de-colaboracion\/#breadcrumb","itemListElement":[{"@type":"ListItem","position":1,"name":"Portada","item":"https:\/\/seal.com.gt\/"},{"@type":"ListItem","position":2,"name":"SEAL y Universidad Tecnol\u00f3gica Nayarit firman importante acuerdo de colaboraci\u00f3n"}]},{"@type":"WebSite","@id":"https:\/\/www.seal.com.gt\/en\/#website","url":"https:\/\/www.seal.com.gt\/en\/","name":"SEAL","description":"Servicios especializados de aduana y log\u00edstica","publisher":{"@id":"https:\/\/www.seal.com.gt\/en\/#organization"},"potentialAction":[{"@type":"SearchAction","target":{"@type":"EntryPoint","urlTemplate":"https:\/\/www.seal.com.gt\/en\/?s={search_term_string}"},"query-input":{"@type":"PropertyValueSpecification","valueRequired":true,"valueName":"search_term_string"}}],"inLanguage":"en-US"},{"@type":"Organization","@id":"https:\/\/www.seal.com.gt\/en\/#organization","name":"Servicios Especializados de Aduana y Logistica","url":"https:\/\/www.seal.com.gt\/en\/","logo":{"@type":"ImageObject","inLanguage":"en-US","@id":"https:\/\/www.seal.com.gt\/en\/#\/schema\/logo\/image\/","url":"https:\/\/seal.com.gt\/wp-content\/uploads\/2019\/07\/seal-guatemala.png","contentUrl":"https:\/\/seal.com.gt\/wp-content\/uploads\/2019\/07\/seal-guatemala.png","width":110,"height":75,"caption":"Servicios Especializados de Aduana y Logistica"},"image":{"@id":"https:\/\/www.seal.com.gt\/en\/#\/schema\/logo\/image\/"},"sameAs":["https:\/\/www.facebook.com\/sealgt\/","https:\/\/x.com\/SealGT","https:\/\/www.instagram.com\/sealgt_\/","https:\/\/www.linkedin.com\/company\/sealgt\/","https:\/\/www.youtube.com\/channel\/UCR7Hlb1FvtE-_dX61LGES_w"]},{"@type":"Person","@id":"https:\/\/www.seal.com.gt\/en\/#\/schema\/person\/bdaade145a7d4c0e4e550ce8a3a8c9aa","name":"Carlos Fernandez","image":{"@type":"ImageObject","inLanguage":"en-US","@id":"https:\/\/secure.gravatar.com\/avatar\/58d46d11b3ee03e1c767195c40dc71152c0851754aaf267b52fcee7abb624f2b?s=96&d=mm&r=g","url":"https:\/\/secure.gravatar.com\/avatar\/58d46d11b3ee03e1c767195c40dc71152c0851754aaf267b52fcee7abb624f2b?s=96&d=mm&r=g","contentUrl":"https:\/\/secure.gravatar.com\/avatar\/58d46d11b3ee03e1c767195c40dc71152c0851754aaf267b52fcee7abb624f2b?s=96&d=mm&r=g","caption":"Carlos Fernandez"},"url":"https:\/\/seal.com.gt\/en\/author\/carlos-fernandez\/"}]}},"_links":{"self":[{"href":"https:\/\/seal.com.gt\/en\/wp-json\/wp\/v2\/posts\/1079","targetHints":{"allow":["GET"]}}],"collection":[{"href":"https:\/\/seal.com.gt\/en\/wp-json\/wp\/v2\/posts"}],"about":[{"href":"https:\/\/seal.com.gt\/en\/wp-json\/wp\/v2\/types\/post"}],"author":[{"embeddable":true,"href":"https:\/\/seal.com.gt\/en\/wp-json\/wp\/v2\/users\/9"}],"replies":[{"embeddable":true,"href":"https:\/\/seal.com.gt\/en\/wp-json\/wp\/v2\/comments?post=1079"}],"version-history":[{"count":0,"href":"https:\/\/seal.com.gt\/en\/wp-json\/wp\/v2\/posts\/1079\/revisions"}],"wp:featuredmedia":[{"embeddable":true,"href":"https:\/\/seal.com.gt\/en\/wp-json\/wp\/v2\/media\/1080"}],"wp:attachment":[{"href":"https:\/\/seal.com.gt\/en\/wp-json\/wp\/v2\/media?parent=1079"}],"wp:term":[{"taxonomy":"category","embeddable":true,"href":"https:\/\/seal.com.gt\/en\/wp-json\/wp\/v2\/categories?post=1079"},{"taxonomy":"post_tag","embeddable":true,"href":"https:\/\/seal.com.gt\/en\/wp-json\/wp\/v2\/tags?post=1079"}],"curies":[{"name":"wp","href":"https:\/\/api.w.org\/{rel}","templated":true}]}}