{"id":1113,"date":"2021-08-25T08:42:30","date_gmt":"2021-08-25T14:42:30","guid":{"rendered":"https:\/\/seal.com.gt\/?p=1113"},"modified":"2021-08-25T08:50:12","modified_gmt":"2021-08-25T14:50:12","slug":"seal-es-destacada-por-the-founders-book","status":"publish","type":"post","link":"https:\/\/seal.com.gt\/en\/seal-es-destacada-por-the-founders-book\/","title":{"rendered":"SEAL es destacada por The Founders Book"},"content":{"rendered":"<p>Un gran reconocimiento recibi\u00f3 <strong><a href=\"https:\/\/seal.com.gt\/en\/\" target=\"_blank\" aria-label=\"undefined (opens in a new tab)\" rel=\"noreferrer noopener\">SEAL, Specialized Customs and Logistics Services<\/a><\/strong> ya que fue incluida como parte del grupo de 50 empresas que han tenido una labor destacada en el desarrollo de Guatemala, oportunidad en la que adem\u00e1s se resalt\u00f3<strong> la labor de <a href=\"https:\/\/www.mascontainer.com\/amy-zepeda-de-seal-y-las-perspectivas-economicas-2021\/\" target=\"_blank\" aria-label=\"undefined (opens in a new tab)\" rel=\"noreferrer noopener\">Amy Zepeda en la direcci\u00f3n de la empresa.<\/a><\/strong><\/p>\n\n\n\n<p>En <strong><a href=\"https:\/\/win.gt\/founders\/como-surgio-the-founders-book-2021\/?utm_source=newsletter&amp;utm_medium=email&amp;utm_campaign=como_surgio_the_founders_book_2021_wingt&amp;utm_term=2021-08-18\" target=\"_blank\" aria-label=\"undefined (opens in a new tab)\" rel=\"noreferrer noopener\">The Founders Book de la revista Win<\/a>,<\/strong> se hace una recopilaci\u00f3n de 50 historias de emprendedores exitosos. Se trata de un gran reconocimiento para una empresa que ha hecho grandes esfuerzos por potenciar el trabajo de la <strong><a href=\"https:\/\/seal.com.gt\/en\/2021\/07\/08\/tiempos-de-pandemia-y-nuevas-oportunidades-para-las-mipymes\/\" target=\"_blank\" aria-label=\"undefined (opens in a new tab)\" rel=\"noreferrer noopener\">Mipymes y m\u00e1s a\u00fan en tiempos de pandemia.<\/a><\/strong><\/p>\n\n\n\n<p>SEAL fue destacado en el espacio <strong>&#8220;Innovaci\u00f3n es arriesgarse&#8221;<\/strong> y obviamente que para la compa\u00f1\u00eda &nbsp;es un honor ser reconocidos junto a muchos empresarios y sobre todo por el concepto de \u201carriesgarse\u201d, \u201cque es exactamente lo que hemos hecho, puesto que en esta temporada de baja de negocios a nivel mundial, nosotros nos arriesgamos para lograr un lugar en el mercado de servicios de aduana y transporte internacional\u201d, indicaron desde SEAL.<\/p>\n\n\n\n<p>En la oportunidad se destac\u00f3 el trabajo de las <strong>mujeres en los negocios.<a aria-label=\"undefined (opens in a new tab)\" href=\"https:\/\/www.mascontainer.com\/?s=SEAL\" target=\"_blank\" rel=\"noreferrer noopener\"> En esta \u00e1rea SEAL igualmente ocupa un sitial especial<\/a>.<\/strong> Su directora Amy Zepeda es una experta en aduanas y comercio internacional con dos d\u00e9cadas de experiencia en exportaciones e importaciones y una de las pocas mujeres en Guatemala con autorizaci\u00f3n para ejercer como agente aduanero.<\/p>\n\n\n\n<h4 class=\"wp-block-heading\">Una gran carrera<\/h4>\n\n\n\n<p>Es la directora y <strong>socia fundadora de SEAL e inici\u00f3 su carrera profesional como digitadora de exportaciones en una importante multinacional de servicios de log\u00edstica y carga<\/strong>. Su dedicaci\u00f3n y esmero le permitieron ser ascendida prontamente a supervisora de Importaciones y posteriormente asumi\u00f3 como gerente de Operaciones de Aduanas, posici\u00f3n en la que puli\u00f3 su liderazgo, trabajo en equipo y responsabilidad, y que combin\u00f3 con una c\u00e1tedra de Econom\u00eda en la Universidad Mariano G\u00e1lvez.<\/p>\n\n\n\n<p>Con una licenciatura en Comercio Internacional y una s\u00f3lida experiencia laboral, la siguiente meta de Amy fue convertirse en agente aduanera. En 2015, Amy dio el paso a una nueva etapa en su carrera. Junto a su esposo V\u00edctor L\u00f3pez \u2013tambi\u00e9n un experto en servicios de aduana, importaci\u00f3n y exportaci\u00f3n\u2013 fund\u00f3 SEAL, el primero de varios emprendimientos en los que la pareja pondr\u00eda en pr\u00e1ctica sus conocimientos sobre la operaci\u00f3n, estructuraci\u00f3n y comercializaci\u00f3n del negocio aduanero.<\/p>\n\n\n\n<p>SEAL se ha posicionado <strong>como un referente de servicios de log\u00edstica y transporte internacional <\/strong>con amplias competencias para casos complejos que requieren de atenci\u00f3n personalizada y alto compromiso con el cliente.<\/p>","protected":false},"excerpt":{"rendered":"<p>Un gran reconocimiento recibi\u00f3 SEAL, Servicios Especializados de Aduana y Log\u00edstica ya que fue incluida como parte del grupo de 50 empresas que han tenido una labor destacada en el desarrollo de Guatemala, oportunidad en la que adem\u00e1s se resalt\u00f3 la labor de Amy Zepeda en la direcci\u00f3n de la empresa. En The Founders Book [&hellip;]<\/p>\n","protected":false},"author":9,"featured_media":1077,"comment_status":"open","ping_status":"closed","sticky":false,"template":"","format":"standard","meta":{"footnotes":""},"categories":[1],"tags":[55,65,98,99],"class_list":["post-1113","post","type-post","status-publish","format-standard","has-post-thumbnail","hentry","category-blog","tag-seal","tag-servicios-especializados-de-aduana-y-logistica","tag-the-founders-book","tag-win"],"yoast_head":"<!-- This site is optimized with the Yoast SEO plugin v27.5 - https:\/\/yoast.com\/product\/yoast-seo-wordpress\/ -->\n<title>SEAL es destacada por The Founders Book<\/title>\n<meta name=\"description\" content=\"Un gran reconocimiento recibi\u00f3 SEAL, Servicios Especializados de Aduana y Log\u00edstica ya que fue incluida como parte del grupo de 50 empresas que han tenido una labor destacada en el desarrollo de Guatemala, oportunidad en la que adem\u00e1s se resalt\u00f3 la labor de Amy Zepeda en la direcci\u00f3n de la empresa.\" \/>\n<meta name=\"robots\" content=\"index, follow, max-snippet:-1, max-image-preview:large, max-video-preview:-1\" \/>\n<link rel=\"canonical\" href=\"https:\/\/www.seal.com.gt\/en\/seal-es-destacada-por-the-founders-book\/\" \/>\n<meta property=\"og:locale\" content=\"en_US\" \/>\n<meta property=\"og:type\" content=\"article\" \/>\n<meta property=\"og:title\" content=\"SEAL es destacada por The Founders Book\" \/>\n<meta property=\"og:description\" content=\"Un gran reconocimiento recibi\u00f3 SEAL, Servicios Especializados de Aduana y Log\u00edstica ya que fue incluida como parte del grupo de 50 empresas que han tenido una labor destacada en el desarrollo de Guatemala, oportunidad en la que adem\u00e1s se resalt\u00f3 la labor de Amy Zepeda en la direcci\u00f3n de la empresa.\" \/>\n<meta property=\"og:url\" content=\"https:\/\/www.seal.com.gt\/en\/seal-es-destacada-por-the-founders-book\/\" \/>\n<meta property=\"og:site_name\" content=\"SEAL\" \/>\n<meta property=\"article:publisher\" content=\"https:\/\/www.facebook.com\/sealgt\/\" \/>\n<meta property=\"article:published_time\" content=\"2021-08-25T14:42:30+00:00\" \/>\n<meta property=\"article:modified_time\" content=\"2021-08-25T14:50:12+00:00\" \/>\n<meta property=\"og:image\" content=\"https:\/\/www.seal.com.gt\/wp-content\/uploads\/2021\/04\/amy-cepeda-300x216-1.png\" \/>\n\t<meta property=\"og:image:width\" content=\"765\" \/>\n\t<meta property=\"og:image:height\" content=\"550\" \/>\n\t<meta property=\"og:image:type\" content=\"image\/png\" \/>\n<meta name=\"author\" content=\"Carlos Fernandez\" \/>\n<meta name=\"twitter:card\" content=\"summary_large_image\" \/>\n<meta name=\"twitter:creator\" content=\"@SealGT\" \/>\n<meta name=\"twitter:site\" content=\"@SealGT\" \/>\n<meta name=\"twitter:label1\" content=\"Written by\" \/>\n\t<meta name=\"twitter:data1\" content=\"Carlos Fernandez\" \/>\n\t<meta name=\"twitter:label2\" content=\"Est. reading time\" \/>\n\t<meta name=\"twitter:data2\" content=\"2 minutes\" \/>\n<script type=\"application\/ld+json\" class=\"yoast-schema-graph\">{\"@context\":\"https:\\\/\\\/schema.org\",\"@graph\":[{\"@type\":\"Article\",\"@id\":\"https:\\\/\\\/www.seal.com.gt\\\/en\\\/seal-es-destacada-por-the-founders-book\\\/#article\",\"isPartOf\":{\"@id\":\"https:\\\/\\\/www.seal.com.gt\\\/en\\\/seal-es-destacada-por-the-founders-book\\\/\"},\"author\":{\"name\":\"Carlos Fernandez\",\"@id\":\"https:\\\/\\\/www.seal.com.gt\\\/en\\\/#\\\/schema\\\/person\\\/bdaade145a7d4c0e4e550ce8a3a8c9aa\"},\"headline\":\"SEAL es destacada por The Founders Book\",\"datePublished\":\"2021-08-25T14:42:30+00:00\",\"dateModified\":\"2021-08-25T14:50:12+00:00\",\"mainEntityOfPage\":{\"@id\":\"https:\\\/\\\/www.seal.com.gt\\\/en\\\/seal-es-destacada-por-the-founders-book\\\/\"},\"wordCount\":444,\"commentCount\":0,\"publisher\":{\"@id\":\"https:\\\/\\\/www.seal.com.gt\\\/en\\\/#organization\"},\"image\":{\"@id\":\"https:\\\/\\\/www.seal.com.gt\\\/en\\\/seal-es-destacada-por-the-founders-book\\\/#primaryimage\"},\"thumbnailUrl\":\"https:\\\/\\\/seal.com.gt\\\/wp-content\\\/uploads\\\/2021\\\/04\\\/amy-cepeda-300x216-1.png\",\"keywords\":[\"SEAL\",\"servicios especializados de aduana y log\u00edstica\",\"the founders book\",\"win\"],\"articleSection\":[\"Blog\"],\"inLanguage\":\"en-US\",\"potentialAction\":[{\"@type\":\"CommentAction\",\"name\":\"Comment\",\"target\":[\"https:\\\/\\\/www.seal.com.gt\\\/en\\\/seal-es-destacada-por-the-founders-book\\\/#respond\"]}]},{\"@type\":\"WebPage\",\"@id\":\"https:\\\/\\\/www.seal.com.gt\\\/en\\\/seal-es-destacada-por-the-founders-book\\\/\",\"url\":\"https:\\\/\\\/www.seal.com.gt\\\/en\\\/seal-es-destacada-por-the-founders-book\\\/\",\"name\":\"SEAL es destacada por The Founders Book\",\"isPartOf\":{\"@id\":\"https:\\\/\\\/www.seal.com.gt\\\/en\\\/#website\"},\"primaryImageOfPage\":{\"@id\":\"https:\\\/\\\/www.seal.com.gt\\\/en\\\/seal-es-destacada-por-the-founders-book\\\/#primaryimage\"},\"image\":{\"@id\":\"https:\\\/\\\/www.seal.com.gt\\\/en\\\/seal-es-destacada-por-the-founders-book\\\/#primaryimage\"},\"thumbnailUrl\":\"https:\\\/\\\/seal.com.gt\\\/wp-content\\\/uploads\\\/2021\\\/04\\\/amy-cepeda-300x216-1.png\",\"datePublished\":\"2021-08-25T14:42:30+00:00\",\"dateModified\":\"2021-08-25T14:50:12+00:00\",\"description\":\"Un gran reconocimiento recibi\u00f3 SEAL, Servicios Especializados de Aduana y Log\u00edstica ya que fue incluida como parte del grupo de 50 empresas que han tenido una labor destacada en el desarrollo de Guatemala, oportunidad en la que adem\u00e1s se resalt\u00f3 la labor de Amy Zepeda en la direcci\u00f3n de la empresa.\",\"breadcrumb\":{\"@id\":\"https:\\\/\\\/www.seal.com.gt\\\/en\\\/seal-es-destacada-por-the-founders-book\\\/#breadcrumb\"},\"inLanguage\":\"en-US\",\"potentialAction\":[{\"@type\":\"ReadAction\",\"target\":[\"https:\\\/\\\/www.seal.com.gt\\\/en\\\/seal-es-destacada-por-the-founders-book\\\/\"]}]},{\"@type\":\"ImageObject\",\"inLanguage\":\"en-US\",\"@id\":\"https:\\\/\\\/www.seal.com.gt\\\/en\\\/seal-es-destacada-por-the-founders-book\\\/#primaryimage\",\"url\":\"https:\\\/\\\/seal.com.gt\\\/wp-content\\\/uploads\\\/2021\\\/04\\\/amy-cepeda-300x216-1.png\",\"contentUrl\":\"https:\\\/\\\/seal.com.gt\\\/wp-content\\\/uploads\\\/2021\\\/04\\\/amy-cepeda-300x216-1.png\",\"width\":765,\"height\":550},{\"@type\":\"BreadcrumbList\",\"@id\":\"https:\\\/\\\/www.seal.com.gt\\\/en\\\/seal-es-destacada-por-the-founders-book\\\/#breadcrumb\",\"itemListElement\":[{\"@type\":\"ListItem\",\"position\":1,\"name\":\"Portada\",\"item\":\"https:\\\/\\\/seal.com.gt\\\/\"},{\"@type\":\"ListItem\",\"position\":2,\"name\":\"SEAL es destacada por The Founders Book\"}]},{\"@type\":\"WebSite\",\"@id\":\"https:\\\/\\\/www.seal.com.gt\\\/en\\\/#website\",\"url\":\"https:\\\/\\\/www.seal.com.gt\\\/en\\\/\",\"name\":\"SEAL\",\"description\":\"Servicios especializados de aduana y log\u00edstica\",\"publisher\":{\"@id\":\"https:\\\/\\\/www.seal.com.gt\\\/en\\\/#organization\"},\"potentialAction\":[{\"@type\":\"SearchAction\",\"target\":{\"@type\":\"EntryPoint\",\"urlTemplate\":\"https:\\\/\\\/www.seal.com.gt\\\/en\\\/?s={search_term_string}\"},\"query-input\":{\"@type\":\"PropertyValueSpecification\",\"valueRequired\":true,\"valueName\":\"search_term_string\"}}],\"inLanguage\":\"en-US\"},{\"@type\":\"Organization\",\"@id\":\"https:\\\/\\\/www.seal.com.gt\\\/en\\\/#organization\",\"name\":\"Servicios Especializados de Aduana y Logistica\",\"url\":\"https:\\\/\\\/www.seal.com.gt\\\/en\\\/\",\"logo\":{\"@type\":\"ImageObject\",\"inLanguage\":\"en-US\",\"@id\":\"https:\\\/\\\/www.seal.com.gt\\\/en\\\/#\\\/schema\\\/logo\\\/image\\\/\",\"url\":\"https:\\\/\\\/seal.com.gt\\\/wp-content\\\/uploads\\\/2019\\\/07\\\/seal-guatemala.png\",\"contentUrl\":\"https:\\\/\\\/seal.com.gt\\\/wp-content\\\/uploads\\\/2019\\\/07\\\/seal-guatemala.png\",\"width\":110,\"height\":75,\"caption\":\"Servicios Especializados de Aduana y Logistica\"},\"image\":{\"@id\":\"https:\\\/\\\/www.seal.com.gt\\\/en\\\/#\\\/schema\\\/logo\\\/image\\\/\"},\"sameAs\":[\"https:\\\/\\\/www.facebook.com\\\/sealgt\\\/\",\"https:\\\/\\\/x.com\\\/SealGT\",\"https:\\\/\\\/www.instagram.com\\\/sealgt_\\\/\",\"https:\\\/\\\/www.linkedin.com\\\/company\\\/sealgt\\\/\",\"https:\\\/\\\/www.youtube.com\\\/channel\\\/UCR7Hlb1FvtE-_dX61LGES_w\"]},{\"@type\":\"Person\",\"@id\":\"https:\\\/\\\/www.seal.com.gt\\\/en\\\/#\\\/schema\\\/person\\\/bdaade145a7d4c0e4e550ce8a3a8c9aa\",\"name\":\"Carlos Fernandez\",\"image\":{\"@type\":\"ImageObject\",\"inLanguage\":\"en-US\",\"@id\":\"https:\\\/\\\/secure.gravatar.com\\\/avatar\\\/58d46d11b3ee03e1c767195c40dc71152c0851754aaf267b52fcee7abb624f2b?s=96&d=mm&r=g\",\"url\":\"https:\\\/\\\/secure.gravatar.com\\\/avatar\\\/58d46d11b3ee03e1c767195c40dc71152c0851754aaf267b52fcee7abb624f2b?s=96&d=mm&r=g\",\"contentUrl\":\"https:\\\/\\\/secure.gravatar.com\\\/avatar\\\/58d46d11b3ee03e1c767195c40dc71152c0851754aaf267b52fcee7abb624f2b?s=96&d=mm&r=g\",\"caption\":\"Carlos Fernandez\"},\"url\":\"https:\\\/\\\/seal.com.gt\\\/en\\\/author\\\/carlos-fernandez\\\/\"}]}<\/script>\n<!-- \/ Yoast SEO plugin. -->","yoast_head_json":{"title":"SEAL es destacada por The Founders Book","description":"Un gran reconocimiento recibi\u00f3 SEAL, Servicios Especializados de Aduana y Log\u00edstica ya que fue incluida como parte del grupo de 50 empresas que han tenido una labor destacada en el desarrollo de Guatemala, oportunidad en la que adem\u00e1s se resalt\u00f3 la labor de Amy Zepeda en la direcci\u00f3n de la empresa.","robots":{"index":"index","follow":"follow","max-snippet":"max-snippet:-1","max-image-preview":"max-image-preview:large","max-video-preview":"max-video-preview:-1"},"canonical":"https:\/\/www.seal.com.gt\/en\/seal-es-destacada-por-the-founders-book\/","og_locale":"en_US","og_type":"article","og_title":"SEAL es destacada por The Founders Book","og_description":"Un gran reconocimiento recibi\u00f3 SEAL, Servicios Especializados de Aduana y Log\u00edstica ya que fue incluida como parte del grupo de 50 empresas que han tenido una labor destacada en el desarrollo de Guatemala, oportunidad en la que adem\u00e1s se resalt\u00f3 la labor de Amy Zepeda en la direcci\u00f3n de la empresa.","og_url":"https:\/\/www.seal.com.gt\/en\/seal-es-destacada-por-the-founders-book\/","og_site_name":"SEAL","article_publisher":"https:\/\/www.facebook.com\/sealgt\/","article_published_time":"2021-08-25T14:42:30+00:00","article_modified_time":"2021-08-25T14:50:12+00:00","og_image":[{"width":765,"height":550,"url":"https:\/\/www.seal.com.gt\/wp-content\/uploads\/2021\/04\/amy-cepeda-300x216-1.png","type":"image\/png"}],"author":"Carlos Fernandez","twitter_card":"summary_large_image","twitter_creator":"@SealGT","twitter_site":"@SealGT","twitter_misc":{"Written by":"Carlos Fernandez","Est. reading time":"2 minutes"},"schema":{"@context":"https:\/\/schema.org","@graph":[{"@type":"Article","@id":"https:\/\/www.seal.com.gt\/en\/seal-es-destacada-por-the-founders-book\/#article","isPartOf":{"@id":"https:\/\/www.seal.com.gt\/en\/seal-es-destacada-por-the-founders-book\/"},"author":{"name":"Carlos Fernandez","@id":"https:\/\/www.seal.com.gt\/en\/#\/schema\/person\/bdaade145a7d4c0e4e550ce8a3a8c9aa"},"headline":"SEAL es destacada por The Founders Book","datePublished":"2021-08-25T14:42:30+00:00","dateModified":"2021-08-25T14:50:12+00:00","mainEntityOfPage":{"@id":"https:\/\/www.seal.com.gt\/en\/seal-es-destacada-por-the-founders-book\/"},"wordCount":444,"commentCount":0,"publisher":{"@id":"https:\/\/www.seal.com.gt\/en\/#organization"},"image":{"@id":"https:\/\/www.seal.com.gt\/en\/seal-es-destacada-por-the-founders-book\/#primaryimage"},"thumbnailUrl":"https:\/\/seal.com.gt\/wp-content\/uploads\/2021\/04\/amy-cepeda-300x216-1.png","keywords":["SEAL","servicios especializados de aduana y log\u00edstica","the founders book","win"],"articleSection":["Blog"],"inLanguage":"en-US","potentialAction":[{"@type":"CommentAction","name":"Comment","target":["https:\/\/www.seal.com.gt\/en\/seal-es-destacada-por-the-founders-book\/#respond"]}]},{"@type":"WebPage","@id":"https:\/\/www.seal.com.gt\/en\/seal-es-destacada-por-the-founders-book\/","url":"https:\/\/www.seal.com.gt\/en\/seal-es-destacada-por-the-founders-book\/","name":"SEAL es destacada por The Founders Book","isPartOf":{"@id":"https:\/\/www.seal.com.gt\/en\/#website"},"primaryImageOfPage":{"@id":"https:\/\/www.seal.com.gt\/en\/seal-es-destacada-por-the-founders-book\/#primaryimage"},"image":{"@id":"https:\/\/www.seal.com.gt\/en\/seal-es-destacada-por-the-founders-book\/#primaryimage"},"thumbnailUrl":"https:\/\/seal.com.gt\/wp-content\/uploads\/2021\/04\/amy-cepeda-300x216-1.png","datePublished":"2021-08-25T14:42:30+00:00","dateModified":"2021-08-25T14:50:12+00:00","description":"Un gran reconocimiento recibi\u00f3 SEAL, Servicios Especializados de Aduana y Log\u00edstica ya que fue incluida como parte del grupo de 50 empresas que han tenido una labor destacada en el desarrollo de Guatemala, oportunidad en la que adem\u00e1s se resalt\u00f3 la labor de Amy Zepeda en la direcci\u00f3n de la empresa.","breadcrumb":{"@id":"https:\/\/www.seal.com.gt\/en\/seal-es-destacada-por-the-founders-book\/#breadcrumb"},"inLanguage":"en-US","potentialAction":[{"@type":"ReadAction","target":["https:\/\/www.seal.com.gt\/en\/seal-es-destacada-por-the-founders-book\/"]}]},{"@type":"ImageObject","inLanguage":"en-US","@id":"https:\/\/www.seal.com.gt\/en\/seal-es-destacada-por-the-founders-book\/#primaryimage","url":"https:\/\/seal.com.gt\/wp-content\/uploads\/2021\/04\/amy-cepeda-300x216-1.png","contentUrl":"https:\/\/seal.com.gt\/wp-content\/uploads\/2021\/04\/amy-cepeda-300x216-1.png","width":765,"height":550},{"@type":"BreadcrumbList","@id":"https:\/\/www.seal.com.gt\/en\/seal-es-destacada-por-the-founders-book\/#breadcrumb","itemListElement":[{"@type":"ListItem","position":1,"name":"Portada","item":"https:\/\/seal.com.gt\/"},{"@type":"ListItem","position":2,"name":"SEAL es destacada por The Founders Book"}]},{"@type":"WebSite","@id":"https:\/\/www.seal.com.gt\/en\/#website","url":"https:\/\/www.seal.com.gt\/en\/","name":"SEAL","description":"Servicios especializados de aduana y log\u00edstica","publisher":{"@id":"https:\/\/www.seal.com.gt\/en\/#organization"},"potentialAction":[{"@type":"SearchAction","target":{"@type":"EntryPoint","urlTemplate":"https:\/\/www.seal.com.gt\/en\/?s={search_term_string}"},"query-input":{"@type":"PropertyValueSpecification","valueRequired":true,"valueName":"search_term_string"}}],"inLanguage":"en-US"},{"@type":"Organization","@id":"https:\/\/www.seal.com.gt\/en\/#organization","name":"Servicios Especializados de Aduana y Logistica","url":"https:\/\/www.seal.com.gt\/en\/","logo":{"@type":"ImageObject","inLanguage":"en-US","@id":"https:\/\/www.seal.com.gt\/en\/#\/schema\/logo\/image\/","url":"https:\/\/seal.com.gt\/wp-content\/uploads\/2019\/07\/seal-guatemala.png","contentUrl":"https:\/\/seal.com.gt\/wp-content\/uploads\/2019\/07\/seal-guatemala.png","width":110,"height":75,"caption":"Servicios Especializados de Aduana y Logistica"},"image":{"@id":"https:\/\/www.seal.com.gt\/en\/#\/schema\/logo\/image\/"},"sameAs":["https:\/\/www.facebook.com\/sealgt\/","https:\/\/x.com\/SealGT","https:\/\/www.instagram.com\/sealgt_\/","https:\/\/www.linkedin.com\/company\/sealgt\/","https:\/\/www.youtube.com\/channel\/UCR7Hlb1FvtE-_dX61LGES_w"]},{"@type":"Person","@id":"https:\/\/www.seal.com.gt\/en\/#\/schema\/person\/bdaade145a7d4c0e4e550ce8a3a8c9aa","name":"Carlos Fernandez","image":{"@type":"ImageObject","inLanguage":"en-US","@id":"https:\/\/secure.gravatar.com\/avatar\/58d46d11b3ee03e1c767195c40dc71152c0851754aaf267b52fcee7abb624f2b?s=96&d=mm&r=g","url":"https:\/\/secure.gravatar.com\/avatar\/58d46d11b3ee03e1c767195c40dc71152c0851754aaf267b52fcee7abb624f2b?s=96&d=mm&r=g","contentUrl":"https:\/\/secure.gravatar.com\/avatar\/58d46d11b3ee03e1c767195c40dc71152c0851754aaf267b52fcee7abb624f2b?s=96&d=mm&r=g","caption":"Carlos Fernandez"},"url":"https:\/\/seal.com.gt\/en\/author\/carlos-fernandez\/"}]}},"_links":{"self":[{"href":"https:\/\/seal.com.gt\/en\/wp-json\/wp\/v2\/posts\/1113","targetHints":{"allow":["GET"]}}],"collection":[{"href":"https:\/\/seal.com.gt\/en\/wp-json\/wp\/v2\/posts"}],"about":[{"href":"https:\/\/seal.com.gt\/en\/wp-json\/wp\/v2\/types\/post"}],"author":[{"embeddable":true,"href":"https:\/\/seal.com.gt\/en\/wp-json\/wp\/v2\/users\/9"}],"replies":[{"embeddable":true,"href":"https:\/\/seal.com.gt\/en\/wp-json\/wp\/v2\/comments?post=1113"}],"version-history":[{"count":0,"href":"https:\/\/seal.com.gt\/en\/wp-json\/wp\/v2\/posts\/1113\/revisions"}],"wp:featuredmedia":[{"embeddable":true,"href":"https:\/\/seal.com.gt\/en\/wp-json\/wp\/v2\/media\/1077"}],"wp:attachment":[{"href":"https:\/\/seal.com.gt\/en\/wp-json\/wp\/v2\/media?parent=1113"}],"wp:term":[{"taxonomy":"category","embeddable":true,"href":"https:\/\/seal.com.gt\/en\/wp-json\/wp\/v2\/categories?post=1113"},{"taxonomy":"post_tag","embeddable":true,"href":"https:\/\/seal.com.gt\/en\/wp-json\/wp\/v2\/tags?post=1113"}],"curies":[{"name":"wp","href":"https:\/\/api.w.org\/{rel}","templated":true}]}}