{"id":1146,"date":"2021-09-21T06:43:21","date_gmt":"2021-09-21T12:43:21","guid":{"rendered":"https:\/\/seal.com.gt\/?p=1146"},"modified":"2021-09-21T06:43:24","modified_gmt":"2021-09-21T12:43:24","slug":"los-problemas-de-las-pymes-al-querer-exportar-o-importar","status":"publish","type":"post","link":"https:\/\/seal.com.gt\/en\/los-problemas-de-las-pymes-al-querer-exportar-o-importar\/","title":{"rendered":"Los problemas de las Pymes al querer exportar o importar"},"content":{"rendered":"<p>Uno de los grandes \u00a0inconvenientes que <a aria-label=\"undefined (opens in a new tab)\" href=\"https:\/\/seal.com.gt\/en\/2021\/04\/15\/mipymes-asesorarse-es-fundamental-para-importar\/\" target=\"_blank\" rel=\"noreferrer noopener\">afrontan <strong>las Pymes<\/strong><\/a> es cuando cada una de ellas comienza a exportar o importar.\u00a0<strong>Lo que sucede en el primer caso y en \u00a0<\/strong>muchas regiones de Latinoam\u00e9rica, es que los emprendimientos son muy buenos, pero al no existir educaci\u00f3n y capacitaci\u00f3n se generan una serie de inconvenientes que , finalmente, llevan a la Pyme a generar sobrecostos que te sacan del mercado, muriendo de esa forma una muy\u00a0 buena idea.<\/p>\n\n\n\n<p>As\u00ed lo se\u00f1ala el profesor&nbsp;<strong><u>Pool Ccanto Palacios<\/u><\/strong>&nbsp;<strong>especialista en Cadena de Suministros, Compras y Contratos, Comercio exterior.<\/strong>&nbsp;\u201cSi una Pyme no maneja de correcta forma el &nbsp;comercio exterior o c\u00f3mo funciona la<a href=\"https:\/\/www.mascontainer.com\/?s=log%C3%ADstica+internacional\"><strong>&nbsp;log\u00edstica internacional<\/strong><\/a>&nbsp;se pueden generar muchas p\u00e9rdidas.&nbsp; Por ejemplo, &nbsp;perder una cadena de fr\u00edo en&nbsp; productos perecederos o agr\u00edcolas, puede ser fatal. Los exportadores deben conocer bien el producto y&nbsp;<strong>procurar que esa log\u00edstica<\/strong>&nbsp;permita que los productos lleguen al destino tal y como salieron del origen. Teniendo en cuenta esas consideraciones es necesario destacar un punto clave.\u201d<\/p>\n\n\n\n<p>Es decir, a juicio del profesor Ccanto&nbsp;<strong>la educaci\u00f3n como tal no es suficiente<\/strong>. \u201cSolo es parte de un tri\u00e1ngulo que puede acercarte de mejor forma al \u00e9xito. En ese \u201ctri\u00e1ngulo de \u00e9xito\u201d est\u00e1 involucrado el Estado con la infraestructura, &nbsp;leyes y normas que faciliten estos proyectos y&nbsp; por otro lado los empresarios que ayudados por el&nbsp;<strong>Estado y trabajando de la mano hacen que exista crecimiento econ\u00f3mico.<\/strong><\/p>\n\n\n\n<h4 class=\"wp-block-heading\"><strong>Importaciones<\/strong><\/h4>\n\n\n\n<p>\u00bfPero qu\u00e9 pasa con las importaciones? Aqu\u00ed tambi\u00e9n ocurren una serie de inconvenientes que deben ser tratados por personal profesional y experto.<a href=\"https:\/\/seal.com.gt\/en\/\" target=\"_blank\" rel=\"noreferrer noopener\"><strong>&nbsp;V\u00edctor L\u00f3pez de SEAL (Servicios Especializados de Aduana y Log\u00edstica)<\/strong><\/a>, se\u00f1ala que es importante&nbsp;<strong>analizar las necesidades de cada pyme para por ejemplo definir la mejor ruta y modalidad<\/strong>.<\/p>\n\n\n\n<p>\u201cEs decir debe asesorar para saber si la importaci\u00f3n \u00a0se puede hacer por medio de alianzas de una <strong><a href=\"https:\/\/seal.com.gt\/en\/\" target=\"_blank\" aria-label=\"undefined (opens in a new tab)\" rel=\"noreferrer noopener\">agencia de aduanas <\/a><\/strong>con distintos operadores. Importante es auditar \u00a0a los proveedores, desarrollando controles de calidad previos. En el caso de las\u00a0\u00a0importaciones desde Asia, estas son un verdadero reto para diversos empresarios visionarios. Es \u00a0importante analizar c\u00f3mo hacerlo y a trav\u00e9s de las mejores pr\u00e1cticas en\u00a0comercio internacional.<\/p>\n\n\n\n<p>V\u00edctor L\u00f3pez de SEAL se\u00f1ala que es clave entender toda la normativa vigente y ejecutar correctamente todos los pasos que exigen las&nbsp;<a href=\"https:\/\/www.mascontainer.com\/la-cadena-de-suministros-en-la-nube-los-desafios-de-la-logistica\/\">cadenas de suministros<\/a>, ya que solo de esa forma se logran operaciones exitosas:&nbsp;Requisitos, documentaci\u00f3n, conocimiento de embarque y dependiendo las mercanc\u00edas, permisos especiales. \u201cSiempre&nbsp;previo a confirmar la compra se debe realizar la revisi\u00f3n de los requisitos para la importaci\u00f3n, adem\u00e1s de llevar a cabo el&nbsp;an\u00e1lisis de los costos involucrados para conocer si el precio es competitivo.\u201d<\/p>","protected":false},"excerpt":{"rendered":"<p>Uno de los grandes \u00a0inconvenientes que afrontan las Pymes es cuando cada una de ellas comienza a exportar o importar.\u00a0Lo que sucede en el primer caso y en \u00a0muchas regiones de Latinoam\u00e9rica, es que los emprendimientos son muy buenos, pero al no existir educaci\u00f3n y capacitaci\u00f3n se generan una serie de inconvenientes que , finalmente, [&hellip;]<\/p>\n","protected":false},"author":9,"featured_media":1148,"comment_status":"open","ping_status":"closed","sticky":false,"template":"","format":"standard","meta":{"footnotes":""},"categories":[1],"tags":[5,93,58,57,95,55,65],"class_list":["post-1146","post","type-post","status-publish","format-standard","has-post-thumbnail","hentry","category-blog","tag-aduana","tag-exportaciones","tag-importaciones","tag-mipymes","tag-pymes","tag-seal","tag-servicios-especializados-de-aduana-y-logistica"],"yoast_head":"<!-- This site is optimized with the Yoast SEO plugin v27.5 - https:\/\/yoast.com\/product\/yoast-seo-wordpress\/ -->\n<title>Los problemas de las Pymes al querer exportar o importar<\/title>\n<meta name=\"description\" content=\"Uno de los grandes inconvenientes que afrontan las Pymes es cuando cada una de ellas comienza a exportar o importar. Falta educaci\u00f3n y asesoramiento.\" \/>\n<meta name=\"robots\" content=\"index, follow, max-snippet:-1, max-image-preview:large, max-video-preview:-1\" \/>\n<link rel=\"canonical\" href=\"https:\/\/www.seal.com.gt\/los-problemas-de-las-pymes-al-querer-exportar-o-importar\/\" \/>\n<meta property=\"og:locale\" content=\"en_US\" \/>\n<meta property=\"og:type\" content=\"article\" \/>\n<meta property=\"og:title\" content=\"Los problemas de las Pymes al querer exportar o importar\" \/>\n<meta property=\"og:description\" content=\"Uno de los grandes inconvenientes que afrontan las Pymes es cuando cada una de ellas comienza a exportar o importar. Falta educaci\u00f3n y asesoramiento.\" \/>\n<meta property=\"og:url\" content=\"https:\/\/www.seal.com.gt\/los-problemas-de-las-pymes-al-querer-exportar-o-importar\/\" \/>\n<meta property=\"og:site_name\" content=\"SEAL\" \/>\n<meta property=\"article:publisher\" content=\"https:\/\/www.facebook.com\/sealgt\/\" \/>\n<meta property=\"article:published_time\" content=\"2021-09-21T12:43:21+00:00\" \/>\n<meta property=\"article:modified_time\" content=\"2021-09-21T12:43:24+00:00\" \/>\n<meta property=\"og:image\" content=\"https:\/\/www.seal.com.gt\/wp-content\/uploads\/2021\/09\/PYMES.png\" \/>\n\t<meta property=\"og:image:width\" content=\"767\" \/>\n\t<meta property=\"og:image:height\" content=\"550\" \/>\n\t<meta property=\"og:image:type\" content=\"image\/png\" \/>\n<meta name=\"author\" content=\"Carlos Fernandez\" \/>\n<meta name=\"twitter:card\" content=\"summary_large_image\" \/>\n<meta name=\"twitter:creator\" content=\"@SealGT\" \/>\n<meta name=\"twitter:site\" content=\"@SealGT\" \/>\n<meta name=\"twitter:label1\" content=\"Written by\" \/>\n\t<meta name=\"twitter:data1\" content=\"Carlos Fernandez\" \/>\n\t<meta name=\"twitter:label2\" content=\"Est. reading time\" \/>\n\t<meta name=\"twitter:data2\" content=\"2 minutes\" \/>\n<script type=\"application\/ld+json\" class=\"yoast-schema-graph\">{\"@context\":\"https:\\\/\\\/schema.org\",\"@graph\":[{\"@type\":\"Article\",\"@id\":\"https:\\\/\\\/www.seal.com.gt\\\/los-problemas-de-las-pymes-al-querer-exportar-o-importar\\\/#article\",\"isPartOf\":{\"@id\":\"https:\\\/\\\/www.seal.com.gt\\\/los-problemas-de-las-pymes-al-querer-exportar-o-importar\\\/\"},\"author\":{\"name\":\"Carlos Fernandez\",\"@id\":\"https:\\\/\\\/www.seal.com.gt\\\/en\\\/#\\\/schema\\\/person\\\/bdaade145a7d4c0e4e550ce8a3a8c9aa\"},\"headline\":\"Los problemas de las Pymes al querer exportar o importar\",\"datePublished\":\"2021-09-21T12:43:21+00:00\",\"dateModified\":\"2021-09-21T12:43:24+00:00\",\"mainEntityOfPage\":{\"@id\":\"https:\\\/\\\/www.seal.com.gt\\\/los-problemas-de-las-pymes-al-querer-exportar-o-importar\\\/\"},\"wordCount\":497,\"commentCount\":0,\"publisher\":{\"@id\":\"https:\\\/\\\/www.seal.com.gt\\\/en\\\/#organization\"},\"image\":{\"@id\":\"https:\\\/\\\/www.seal.com.gt\\\/los-problemas-de-las-pymes-al-querer-exportar-o-importar\\\/#primaryimage\"},\"thumbnailUrl\":\"https:\\\/\\\/seal.com.gt\\\/wp-content\\\/uploads\\\/2021\\\/09\\\/PYMES.png\",\"keywords\":[\"aduana\",\"exportaciones\",\"importaciones\",\"MiPymes\",\"pymes\",\"SEAL\",\"servicios especializados de aduana y log\u00edstica\"],\"articleSection\":[\"Blog\"],\"inLanguage\":\"en-US\",\"potentialAction\":[{\"@type\":\"CommentAction\",\"name\":\"Comment\",\"target\":[\"https:\\\/\\\/www.seal.com.gt\\\/los-problemas-de-las-pymes-al-querer-exportar-o-importar\\\/#respond\"]}]},{\"@type\":\"WebPage\",\"@id\":\"https:\\\/\\\/www.seal.com.gt\\\/los-problemas-de-las-pymes-al-querer-exportar-o-importar\\\/\",\"url\":\"https:\\\/\\\/www.seal.com.gt\\\/los-problemas-de-las-pymes-al-querer-exportar-o-importar\\\/\",\"name\":\"Los problemas de las Pymes al querer exportar o importar\",\"isPartOf\":{\"@id\":\"https:\\\/\\\/www.seal.com.gt\\\/en\\\/#website\"},\"primaryImageOfPage\":{\"@id\":\"https:\\\/\\\/www.seal.com.gt\\\/los-problemas-de-las-pymes-al-querer-exportar-o-importar\\\/#primaryimage\"},\"image\":{\"@id\":\"https:\\\/\\\/www.seal.com.gt\\\/los-problemas-de-las-pymes-al-querer-exportar-o-importar\\\/#primaryimage\"},\"thumbnailUrl\":\"https:\\\/\\\/seal.com.gt\\\/wp-content\\\/uploads\\\/2021\\\/09\\\/PYMES.png\",\"datePublished\":\"2021-09-21T12:43:21+00:00\",\"dateModified\":\"2021-09-21T12:43:24+00:00\",\"description\":\"Uno de los grandes inconvenientes que afrontan las Pymes es cuando cada una de ellas comienza a exportar o importar. Falta educaci\u00f3n y asesoramiento.\",\"breadcrumb\":{\"@id\":\"https:\\\/\\\/www.seal.com.gt\\\/los-problemas-de-las-pymes-al-querer-exportar-o-importar\\\/#breadcrumb\"},\"inLanguage\":\"en-US\",\"potentialAction\":[{\"@type\":\"ReadAction\",\"target\":[\"https:\\\/\\\/www.seal.com.gt\\\/los-problemas-de-las-pymes-al-querer-exportar-o-importar\\\/\"]}]},{\"@type\":\"ImageObject\",\"inLanguage\":\"en-US\",\"@id\":\"https:\\\/\\\/www.seal.com.gt\\\/los-problemas-de-las-pymes-al-querer-exportar-o-importar\\\/#primaryimage\",\"url\":\"https:\\\/\\\/seal.com.gt\\\/wp-content\\\/uploads\\\/2021\\\/09\\\/PYMES.png\",\"contentUrl\":\"https:\\\/\\\/seal.com.gt\\\/wp-content\\\/uploads\\\/2021\\\/09\\\/PYMES.png\",\"width\":767,\"height\":550},{\"@type\":\"BreadcrumbList\",\"@id\":\"https:\\\/\\\/www.seal.com.gt\\\/los-problemas-de-las-pymes-al-querer-exportar-o-importar\\\/#breadcrumb\",\"itemListElement\":[{\"@type\":\"ListItem\",\"position\":1,\"name\":\"Portada\",\"item\":\"https:\\\/\\\/seal.com.gt\\\/\"},{\"@type\":\"ListItem\",\"position\":2,\"name\":\"Los problemas de las Pymes al querer exportar o importar\"}]},{\"@type\":\"WebSite\",\"@id\":\"https:\\\/\\\/www.seal.com.gt\\\/en\\\/#website\",\"url\":\"https:\\\/\\\/www.seal.com.gt\\\/en\\\/\",\"name\":\"SEAL\",\"description\":\"Servicios especializados de aduana y log\u00edstica\",\"publisher\":{\"@id\":\"https:\\\/\\\/www.seal.com.gt\\\/en\\\/#organization\"},\"potentialAction\":[{\"@type\":\"SearchAction\",\"target\":{\"@type\":\"EntryPoint\",\"urlTemplate\":\"https:\\\/\\\/www.seal.com.gt\\\/en\\\/?s={search_term_string}\"},\"query-input\":{\"@type\":\"PropertyValueSpecification\",\"valueRequired\":true,\"valueName\":\"search_term_string\"}}],\"inLanguage\":\"en-US\"},{\"@type\":\"Organization\",\"@id\":\"https:\\\/\\\/www.seal.com.gt\\\/en\\\/#organization\",\"name\":\"Servicios Especializados de Aduana y Logistica\",\"url\":\"https:\\\/\\\/www.seal.com.gt\\\/en\\\/\",\"logo\":{\"@type\":\"ImageObject\",\"inLanguage\":\"en-US\",\"@id\":\"https:\\\/\\\/www.seal.com.gt\\\/en\\\/#\\\/schema\\\/logo\\\/image\\\/\",\"url\":\"https:\\\/\\\/seal.com.gt\\\/wp-content\\\/uploads\\\/2019\\\/07\\\/seal-guatemala.png\",\"contentUrl\":\"https:\\\/\\\/seal.com.gt\\\/wp-content\\\/uploads\\\/2019\\\/07\\\/seal-guatemala.png\",\"width\":110,\"height\":75,\"caption\":\"Servicios Especializados de Aduana y Logistica\"},\"image\":{\"@id\":\"https:\\\/\\\/www.seal.com.gt\\\/en\\\/#\\\/schema\\\/logo\\\/image\\\/\"},\"sameAs\":[\"https:\\\/\\\/www.facebook.com\\\/sealgt\\\/\",\"https:\\\/\\\/x.com\\\/SealGT\",\"https:\\\/\\\/www.instagram.com\\\/sealgt_\\\/\",\"https:\\\/\\\/www.linkedin.com\\\/company\\\/sealgt\\\/\",\"https:\\\/\\\/www.youtube.com\\\/channel\\\/UCR7Hlb1FvtE-_dX61LGES_w\"]},{\"@type\":\"Person\",\"@id\":\"https:\\\/\\\/www.seal.com.gt\\\/en\\\/#\\\/schema\\\/person\\\/bdaade145a7d4c0e4e550ce8a3a8c9aa\",\"name\":\"Carlos Fernandez\",\"image\":{\"@type\":\"ImageObject\",\"inLanguage\":\"en-US\",\"@id\":\"https:\\\/\\\/secure.gravatar.com\\\/avatar\\\/58d46d11b3ee03e1c767195c40dc71152c0851754aaf267b52fcee7abb624f2b?s=96&d=mm&r=g\",\"url\":\"https:\\\/\\\/secure.gravatar.com\\\/avatar\\\/58d46d11b3ee03e1c767195c40dc71152c0851754aaf267b52fcee7abb624f2b?s=96&d=mm&r=g\",\"contentUrl\":\"https:\\\/\\\/secure.gravatar.com\\\/avatar\\\/58d46d11b3ee03e1c767195c40dc71152c0851754aaf267b52fcee7abb624f2b?s=96&d=mm&r=g\",\"caption\":\"Carlos Fernandez\"},\"url\":\"https:\\\/\\\/seal.com.gt\\\/en\\\/author\\\/carlos-fernandez\\\/\"}]}<\/script>\n<!-- \/ Yoast SEO plugin. -->","yoast_head_json":{"title":"Los problemas de las Pymes al querer exportar o importar","description":"Uno de los grandes inconvenientes que afrontan las Pymes es cuando cada una de ellas comienza a exportar o importar. Falta educaci\u00f3n y asesoramiento.","robots":{"index":"index","follow":"follow","max-snippet":"max-snippet:-1","max-image-preview":"max-image-preview:large","max-video-preview":"max-video-preview:-1"},"canonical":"https:\/\/www.seal.com.gt\/los-problemas-de-las-pymes-al-querer-exportar-o-importar\/","og_locale":"en_US","og_type":"article","og_title":"Los problemas de las Pymes al querer exportar o importar","og_description":"Uno de los grandes inconvenientes que afrontan las Pymes es cuando cada una de ellas comienza a exportar o importar. Falta educaci\u00f3n y asesoramiento.","og_url":"https:\/\/www.seal.com.gt\/los-problemas-de-las-pymes-al-querer-exportar-o-importar\/","og_site_name":"SEAL","article_publisher":"https:\/\/www.facebook.com\/sealgt\/","article_published_time":"2021-09-21T12:43:21+00:00","article_modified_time":"2021-09-21T12:43:24+00:00","og_image":[{"width":767,"height":550,"url":"https:\/\/www.seal.com.gt\/wp-content\/uploads\/2021\/09\/PYMES.png","type":"image\/png"}],"author":"Carlos Fernandez","twitter_card":"summary_large_image","twitter_creator":"@SealGT","twitter_site":"@SealGT","twitter_misc":{"Written by":"Carlos Fernandez","Est. reading time":"2 minutes"},"schema":{"@context":"https:\/\/schema.org","@graph":[{"@type":"Article","@id":"https:\/\/www.seal.com.gt\/los-problemas-de-las-pymes-al-querer-exportar-o-importar\/#article","isPartOf":{"@id":"https:\/\/www.seal.com.gt\/los-problemas-de-las-pymes-al-querer-exportar-o-importar\/"},"author":{"name":"Carlos Fernandez","@id":"https:\/\/www.seal.com.gt\/en\/#\/schema\/person\/bdaade145a7d4c0e4e550ce8a3a8c9aa"},"headline":"Los problemas de las Pymes al querer exportar o importar","datePublished":"2021-09-21T12:43:21+00:00","dateModified":"2021-09-21T12:43:24+00:00","mainEntityOfPage":{"@id":"https:\/\/www.seal.com.gt\/los-problemas-de-las-pymes-al-querer-exportar-o-importar\/"},"wordCount":497,"commentCount":0,"publisher":{"@id":"https:\/\/www.seal.com.gt\/en\/#organization"},"image":{"@id":"https:\/\/www.seal.com.gt\/los-problemas-de-las-pymes-al-querer-exportar-o-importar\/#primaryimage"},"thumbnailUrl":"https:\/\/seal.com.gt\/wp-content\/uploads\/2021\/09\/PYMES.png","keywords":["aduana","exportaciones","importaciones","MiPymes","pymes","SEAL","servicios especializados de aduana y log\u00edstica"],"articleSection":["Blog"],"inLanguage":"en-US","potentialAction":[{"@type":"CommentAction","name":"Comment","target":["https:\/\/www.seal.com.gt\/los-problemas-de-las-pymes-al-querer-exportar-o-importar\/#respond"]}]},{"@type":"WebPage","@id":"https:\/\/www.seal.com.gt\/los-problemas-de-las-pymes-al-querer-exportar-o-importar\/","url":"https:\/\/www.seal.com.gt\/los-problemas-de-las-pymes-al-querer-exportar-o-importar\/","name":"Los problemas de las Pymes al querer exportar o importar","isPartOf":{"@id":"https:\/\/www.seal.com.gt\/en\/#website"},"primaryImageOfPage":{"@id":"https:\/\/www.seal.com.gt\/los-problemas-de-las-pymes-al-querer-exportar-o-importar\/#primaryimage"},"image":{"@id":"https:\/\/www.seal.com.gt\/los-problemas-de-las-pymes-al-querer-exportar-o-importar\/#primaryimage"},"thumbnailUrl":"https:\/\/seal.com.gt\/wp-content\/uploads\/2021\/09\/PYMES.png","datePublished":"2021-09-21T12:43:21+00:00","dateModified":"2021-09-21T12:43:24+00:00","description":"Uno de los grandes inconvenientes que afrontan las Pymes es cuando cada una de ellas comienza a exportar o importar. Falta educaci\u00f3n y asesoramiento.","breadcrumb":{"@id":"https:\/\/www.seal.com.gt\/los-problemas-de-las-pymes-al-querer-exportar-o-importar\/#breadcrumb"},"inLanguage":"en-US","potentialAction":[{"@type":"ReadAction","target":["https:\/\/www.seal.com.gt\/los-problemas-de-las-pymes-al-querer-exportar-o-importar\/"]}]},{"@type":"ImageObject","inLanguage":"en-US","@id":"https:\/\/www.seal.com.gt\/los-problemas-de-las-pymes-al-querer-exportar-o-importar\/#primaryimage","url":"https:\/\/seal.com.gt\/wp-content\/uploads\/2021\/09\/PYMES.png","contentUrl":"https:\/\/seal.com.gt\/wp-content\/uploads\/2021\/09\/PYMES.png","width":767,"height":550},{"@type":"BreadcrumbList","@id":"https:\/\/www.seal.com.gt\/los-problemas-de-las-pymes-al-querer-exportar-o-importar\/#breadcrumb","itemListElement":[{"@type":"ListItem","position":1,"name":"Portada","item":"https:\/\/seal.com.gt\/"},{"@type":"ListItem","position":2,"name":"Los problemas de las Pymes al querer exportar o importar"}]},{"@type":"WebSite","@id":"https:\/\/www.seal.com.gt\/en\/#website","url":"https:\/\/www.seal.com.gt\/en\/","name":"SEAL","description":"Servicios especializados de aduana y log\u00edstica","publisher":{"@id":"https:\/\/www.seal.com.gt\/en\/#organization"},"potentialAction":[{"@type":"SearchAction","target":{"@type":"EntryPoint","urlTemplate":"https:\/\/www.seal.com.gt\/en\/?s={search_term_string}"},"query-input":{"@type":"PropertyValueSpecification","valueRequired":true,"valueName":"search_term_string"}}],"inLanguage":"en-US"},{"@type":"Organization","@id":"https:\/\/www.seal.com.gt\/en\/#organization","name":"Servicios Especializados de Aduana y Logistica","url":"https:\/\/www.seal.com.gt\/en\/","logo":{"@type":"ImageObject","inLanguage":"en-US","@id":"https:\/\/www.seal.com.gt\/en\/#\/schema\/logo\/image\/","url":"https:\/\/seal.com.gt\/wp-content\/uploads\/2019\/07\/seal-guatemala.png","contentUrl":"https:\/\/seal.com.gt\/wp-content\/uploads\/2019\/07\/seal-guatemala.png","width":110,"height":75,"caption":"Servicios Especializados de Aduana y Logistica"},"image":{"@id":"https:\/\/www.seal.com.gt\/en\/#\/schema\/logo\/image\/"},"sameAs":["https:\/\/www.facebook.com\/sealgt\/","https:\/\/x.com\/SealGT","https:\/\/www.instagram.com\/sealgt_\/","https:\/\/www.linkedin.com\/company\/sealgt\/","https:\/\/www.youtube.com\/channel\/UCR7Hlb1FvtE-_dX61LGES_w"]},{"@type":"Person","@id":"https:\/\/www.seal.com.gt\/en\/#\/schema\/person\/bdaade145a7d4c0e4e550ce8a3a8c9aa","name":"Carlos Fernandez","image":{"@type":"ImageObject","inLanguage":"en-US","@id":"https:\/\/secure.gravatar.com\/avatar\/58d46d11b3ee03e1c767195c40dc71152c0851754aaf267b52fcee7abb624f2b?s=96&d=mm&r=g","url":"https:\/\/secure.gravatar.com\/avatar\/58d46d11b3ee03e1c767195c40dc71152c0851754aaf267b52fcee7abb624f2b?s=96&d=mm&r=g","contentUrl":"https:\/\/secure.gravatar.com\/avatar\/58d46d11b3ee03e1c767195c40dc71152c0851754aaf267b52fcee7abb624f2b?s=96&d=mm&r=g","caption":"Carlos Fernandez"},"url":"https:\/\/seal.com.gt\/en\/author\/carlos-fernandez\/"}]}},"_links":{"self":[{"href":"https:\/\/seal.com.gt\/en\/wp-json\/wp\/v2\/posts\/1146","targetHints":{"allow":["GET"]}}],"collection":[{"href":"https:\/\/seal.com.gt\/en\/wp-json\/wp\/v2\/posts"}],"about":[{"href":"https:\/\/seal.com.gt\/en\/wp-json\/wp\/v2\/types\/post"}],"author":[{"embeddable":true,"href":"https:\/\/seal.com.gt\/en\/wp-json\/wp\/v2\/users\/9"}],"replies":[{"embeddable":true,"href":"https:\/\/seal.com.gt\/en\/wp-json\/wp\/v2\/comments?post=1146"}],"version-history":[{"count":0,"href":"https:\/\/seal.com.gt\/en\/wp-json\/wp\/v2\/posts\/1146\/revisions"}],"wp:featuredmedia":[{"embeddable":true,"href":"https:\/\/seal.com.gt\/en\/wp-json\/wp\/v2\/media\/1148"}],"wp:attachment":[{"href":"https:\/\/seal.com.gt\/en\/wp-json\/wp\/v2\/media?parent=1146"}],"wp:term":[{"taxonomy":"category","embeddable":true,"href":"https:\/\/seal.com.gt\/en\/wp-json\/wp\/v2\/categories?post=1146"},{"taxonomy":"post_tag","embeddable":true,"href":"https:\/\/seal.com.gt\/en\/wp-json\/wp\/v2\/tags?post=1146"}],"curies":[{"name":"wp","href":"https:\/\/api.w.org\/{rel}","templated":true}]}}