{"id":1528,"date":"2022-01-25T14:41:47","date_gmt":"2022-01-25T20:41:47","guid":{"rendered":"https:\/\/seal.com.gt\/?p=1528"},"modified":"2022-01-25T14:41:47","modified_gmt":"2022-01-25T20:41:47","slug":"innovacion-para-el-desarrollo-de-guatemala","status":"publish","type":"post","link":"https:\/\/seal.com.gt\/en\/innovacion-para-el-desarrollo-de-guatemala\/","title":{"rendered":"Innovaci\u00f3n para el desarrollo de Guatemala"},"content":{"rendered":"<p>Impulsar la productividad en <a href=\"https:\/\/seal.com.gt\/en\/blog\/\" target=\"_blank\" rel=\"noopener\"><strong>Guatemala<\/strong><\/a> es un desaf\u00edo naci\u00f3n y por ello el Ministerio de Econom\u00eda (MINECO) present\u00f3 la <strong>Pol\u00edtica de Innovaci\u00f3n Productiva para la Competitividad.<\/strong> La estrategia mencionada es un compromiso del Gobierno que tiene como marco la Pol\u00edtica General de Gobierno (PGG 2020-2024), que a su vez se fundamenta en el Plan Nacional de Innovaci\u00f3n y Desarrollo (PLANID) y que en t\u00e9rminos generales, promover\u00e1 la productividad a trav\u00e9s de la innovaci\u00f3n en las empresas y la mejora del capital humano en los diversos sectores productivos del pa\u00eds.<\/p>\n<p><strong>El representante de\u00a0<a href=\"https:\/\/seal.com.gt\/en\/\" target=\"_blank\" rel=\"noopener\">SEAL, Servicios Especializados de Aduana y Log\u00edstica,\u00a0V\u00edctor L\u00f3pez., dijo que\u00a0<\/a><\/strong> \u201cla innovaci\u00f3n y el desarrollo de las <a href=\"https:\/\/seal.com.gt\/en\/2021\/10\/22\/claves-para-una-importacion-exitosa\/\" target=\"_blank\" rel=\"noopener\"><strong>Mipymes<\/strong> <\/a>son indispensable para desarrollo de nuestras naciones. En la mayor\u00eda de los pa\u00edses de<strong>\u00a0Latinoam\u00e9rica<\/strong> e incluso en pa\u00edses desarrollados como Italia, son fundamentales para la generaci\u00f3n de empleos.&#8221;<\/p>\n<p>Por ello contar con una <strong><em>Pol\u00edtica de Innovaci\u00f3n Productiva para la Competitividad<\/em><\/strong> puede ser una fuerte de desarrollo para Guatemala, siempre y cuando se desarrolle de buena manera\u2026<a href=\"https:\/\/www.mascontainer.com\/?s=SEAL\" target=\"_blank\" rel=\"noopener\"><strong> Seg\u00fan se explic\u00f3 desde el MINECO<\/strong> <\/a>la innovaci\u00f3n productiva en este caso se relaciona con la forma en que se aplican la investigaci\u00f3n, el desarrollo y la innovaci\u00f3n en la resoluci\u00f3n de necesidades y problemas que enfrentan los sectores productivos durante la creaci\u00f3n de productos y servicios.<\/p>\n<p>Al respecto, el <a href=\"https:\/\/www.mineco.gob.gt\/\" target=\"_blank\" rel=\"noopener\"><strong>Ministro de Econom\u00eda, Antonio Malouf<\/strong><\/a>, afirm\u00f3 durante su participaci\u00f3n en el evento de lanzamiento que \u201cla innovaci\u00f3n productiva es el motor detr\u00e1s del crecimiento de la productividad empresarial y en general, del crecimiento de la econom\u00eda\u201d.<\/p>\n<p>El ministro explic\u00f3 que, por la raz\u00f3n antes mencionada, se considera como una prioridad fundamental el fortalecimiento y el desarrollo de la innovaci\u00f3n porque esta se desarrolla dentro de ecosistemas. <strong>\u201cDe tal cuenta que es vital fortalecer las capacidades de los ecosistemas para generar y transferir conocimientos a empresas y emprendedores\u201d, dijo.<\/strong><\/p>\n<p>Con este fin, <strong>MINECO<\/strong>, como ente rector de dicha a pol\u00edtica ministerial de innovaci\u00f3n, en los pr\u00f3ximos a\u00f1os pondr\u00e1 en marcha esta estrategia que propiciar\u00e1 una participaci\u00f3n m\u00e1s activa del Estado en la articulaci\u00f3n del ecosistema de innovaci\u00f3n del pa\u00eds.<\/p>\n<h3><strong>Acciones concretas<\/strong><\/h3>\n<p>Seg\u00fan lo anterior, se espera que las acciones de la pol\u00edtica impacten en la Competitividad de Guatemala en varios aspectos:<\/p>\n<ol>\n<li>Facilitando el acceso al capital humano desarrollando acciones que permitan facilitar promover los estudios de productividad laboral y estudios de impacto de nuevos procesos en el sector productivo; el desarrollo de capacitaciones y conferencias basadas en innovaci\u00f3n y competencias clave para alcanzar niveles m\u00e1s altos de productividad laboral; la vinculaci\u00f3n entre el capital humano, principalmente de STEAM, con el sector privado; y la promoci\u00f3n de figuras de inserci\u00f3n laboral enfocadas en la formaci\u00f3n para el trabajo y competencias laborales espec\u00edficas<\/li>\n<li>Fortaleciendo las iniciativas y programas conjuntos entre los actores del ecosistema de innovaci\u00f3n promoviendo la interacci\u00f3n \u00e1gil entre los actores del ecosistema de innovaci\u00f3n, para que en conjunto generen iniciativas y programas enfocados en resolver necesidades productivas a trav\u00e9s de la innovaci\u00f3n, implementando acciones que permitan al ecosistema de innovaci\u00f3n poseer la capacidad y contar con mecanismos para generar conocimiento y adopci\u00f3n de nuevas tecnolog\u00edas basado en la Investigaci\u00f3n, el Desarrollo y la Innovaci\u00f3n.\u00a0\u00a0<\/li>\n<li>Contribuyendo al fortalecimiento de las capacidades del ecosistema de innovaci\u00f3n de generar y adoptar conocimientos, nuevas tecnolog\u00edas e innovaciones, dise\u00f1ando e implementando instrumentos, normativa y estructura para garantizar financiamiento sostenible de actores en el ecosistema de innovaci\u00f3n, propiciando las alianzas y proyectos nacionales e internacionales que fortalezcan el ecosistema de innovaci\u00f3n productiva, promoviendo \u00a0mecanismos y proyectos de apoyo del crecimiento de empresas que realizan y dan soporte a la Investigaci\u00f3n, Desarrollo e Innovaci\u00f3n<\/li>\n<li>Promoviendo la facilitaci\u00f3n de los tr\u00e1mites gubernamentales de la innovaci\u00f3n por medio de la implementaci\u00f3n de acciones orientadas hacia un gobierno abierto y digital que beneficiar\u00e1 a la poblaci\u00f3n en general que acude a realizar tr\u00e1mites en las instituciones p\u00fablicas.<\/li>\n<\/ol>\n<h3><strong>Otros datos<\/strong><\/h3>\n<ul>\n<li>La Pol\u00edtica de Innovaci\u00f3n Productiva para la Competitividad surge de un proceso participativo que involucr\u00f3 a los actores del ecosistema de innovaci\u00f3n de Guatemala.<\/li>\n<li>Tiene como referencias propuestas previas tales como la \u201cHoja de Ruta de la Innovaci\u00f3n en Guatemala\u201d, elaborada por el Observatorio Econ\u00f3mico Sostenible (OES) de la Universidad del Valle de Guatemala.<\/li>\n<li>Ha contado con la participaci\u00f3n de las universidades \u00a0del pa\u00eds, de centros de investigaci\u00f3n, la Fundaci\u00f3n Naumman, as\u00ed como de la Delegaci\u00f3n de la Uni\u00f3n Europea en Guatemala.<\/li>\n<\/ul>\n<p>Est\u00e1 alineada a las prioridades estrat\u00e9gicas del Plan Nacional de Desarrollo K\u00b4atun 2032.<\/p>","protected":false},"excerpt":{"rendered":"<p>Impulsar la productividad en Guatemala es un desaf\u00edo naci\u00f3n y por ello el Ministerio de Econom\u00eda (MINECO) present\u00f3 la Pol\u00edtica de Innovaci\u00f3n Productiva para la Competitividad. La estrategia mencionada es un compromiso del Gobierno que tiene como marco la Pol\u00edtica General de Gobierno (PGG 2020-2024), que a su vez se fundamenta en el Plan Nacional [&hellip;]<\/p>\n","protected":false},"author":9,"featured_media":1529,"comment_status":"open","ping_status":"closed","sticky":false,"template":"","format":"standard","meta":{"footnotes":""},"categories":[1],"tags":[112,62,59,322,61,321,55,65],"class_list":["post-1528","post","type-post","status-publish","format-standard","has-post-thumbnail","hentry","category-blog","tag-aduanas","tag-centroamerica","tag-comercio","tag-economia","tag-guatemala","tag-mineco","tag-seal","tag-servicios-especializados-de-aduana-y-logistica"],"yoast_head":"<!-- This site is optimized with the Yoast SEO plugin v27.5 - https:\/\/yoast.com\/product\/yoast-seo-wordpress\/ -->\n<title>Innovaci\u00f3n para el desarrollo de Guatemala<\/title>\n<meta name=\"description\" content=\"El representante de\u00a0SEAL, Servicios Especializados de Aduana y Log\u00edstica,\u00a0V\u00edctor L\u00f3pez., dijo que\u00a0 \u201cla innovaci\u00f3n y el desarrollo de las Mipymes son indispensable para desarrollo de nuestras naciones. En la mayor\u00eda de los pa\u00edses de\u00a0Latinoam\u00e9rica e incluso en pa\u00edses desarrollados como Italia, son fundamentales para la generaci\u00f3n de empleos.&quot;\" \/>\n<meta name=\"robots\" content=\"index, follow, max-snippet:-1, max-image-preview:large, max-video-preview:-1\" \/>\n<link rel=\"canonical\" href=\"https:\/\/www.seal.com.gt\/en\/innovacion-para-el-desarrollo-de-guatemala\/\" \/>\n<meta property=\"og:locale\" content=\"en_US\" \/>\n<meta property=\"og:type\" content=\"article\" \/>\n<meta property=\"og:title\" content=\"Innovaci\u00f3n para el desarrollo de Guatemala\" \/>\n<meta property=\"og:description\" content=\"El representante de\u00a0SEAL, Servicios Especializados de Aduana y Log\u00edstica,\u00a0V\u00edctor L\u00f3pez., dijo que\u00a0 \u201cla innovaci\u00f3n y el desarrollo de las Mipymes son indispensable para desarrollo de nuestras naciones. En la mayor\u00eda de los pa\u00edses de\u00a0Latinoam\u00e9rica e incluso en pa\u00edses desarrollados como Italia, son fundamentales para la generaci\u00f3n de empleos.&quot;\" \/>\n<meta property=\"og:url\" content=\"https:\/\/www.seal.com.gt\/en\/innovacion-para-el-desarrollo-de-guatemala\/\" \/>\n<meta property=\"og:site_name\" content=\"SEAL\" \/>\n<meta property=\"article:publisher\" content=\"https:\/\/www.facebook.com\/sealgt\/\" \/>\n<meta property=\"article:published_time\" content=\"2022-01-25T20:41:47+00:00\" \/>\n<meta property=\"og:image\" content=\"https:\/\/www.seal.com.gt\/wp-content\/uploads\/2022\/01\/Logistica-2.jpg\" \/>\n\t<meta property=\"og:image:width\" content=\"765\" \/>\n\t<meta property=\"og:image:height\" content=\"550\" \/>\n\t<meta property=\"og:image:type\" content=\"image\/jpeg\" \/>\n<meta name=\"author\" content=\"Carlos Fernandez\" \/>\n<meta name=\"twitter:card\" content=\"summary_large_image\" \/>\n<meta name=\"twitter:creator\" content=\"@SealGT\" \/>\n<meta name=\"twitter:site\" content=\"@SealGT\" \/>\n<meta name=\"twitter:label1\" content=\"Written by\" \/>\n\t<meta name=\"twitter:data1\" content=\"Carlos Fernandez\" \/>\n\t<meta name=\"twitter:label2\" content=\"Est. reading time\" \/>\n\t<meta name=\"twitter:data2\" content=\"4 minutes\" \/>\n<script type=\"application\/ld+json\" class=\"yoast-schema-graph\">{\"@context\":\"https:\\\/\\\/schema.org\",\"@graph\":[{\"@type\":\"Article\",\"@id\":\"https:\\\/\\\/www.seal.com.gt\\\/en\\\/innovacion-para-el-desarrollo-de-guatemala\\\/#article\",\"isPartOf\":{\"@id\":\"https:\\\/\\\/www.seal.com.gt\\\/en\\\/innovacion-para-el-desarrollo-de-guatemala\\\/\"},\"author\":{\"name\":\"Carlos Fernandez\",\"@id\":\"https:\\\/\\\/www.seal.com.gt\\\/en\\\/#\\\/schema\\\/person\\\/bdaade145a7d4c0e4e550ce8a3a8c9aa\"},\"headline\":\"Innovaci\u00f3n para el desarrollo de Guatemala\",\"datePublished\":\"2022-01-25T20:41:47+00:00\",\"mainEntityOfPage\":{\"@id\":\"https:\\\/\\\/www.seal.com.gt\\\/en\\\/innovacion-para-el-desarrollo-de-guatemala\\\/\"},\"wordCount\":828,\"commentCount\":0,\"publisher\":{\"@id\":\"https:\\\/\\\/www.seal.com.gt\\\/en\\\/#organization\"},\"image\":{\"@id\":\"https:\\\/\\\/www.seal.com.gt\\\/en\\\/innovacion-para-el-desarrollo-de-guatemala\\\/#primaryimage\"},\"thumbnailUrl\":\"https:\\\/\\\/seal.com.gt\\\/wp-content\\\/uploads\\\/2022\\\/01\\\/Logistica-2.jpg\",\"keywords\":[\"aduanas\",\"centroam\u00e9rica\",\"comercio\",\"econom\u00eda\",\"guatemala\",\"MINECO\",\"SEAL\",\"servicios especializados de aduana y log\u00edstica\"],\"articleSection\":[\"Blog\"],\"inLanguage\":\"en-US\",\"potentialAction\":[{\"@type\":\"CommentAction\",\"name\":\"Comment\",\"target\":[\"https:\\\/\\\/www.seal.com.gt\\\/en\\\/innovacion-para-el-desarrollo-de-guatemala\\\/#respond\"]}]},{\"@type\":\"WebPage\",\"@id\":\"https:\\\/\\\/www.seal.com.gt\\\/en\\\/innovacion-para-el-desarrollo-de-guatemala\\\/\",\"url\":\"https:\\\/\\\/www.seal.com.gt\\\/en\\\/innovacion-para-el-desarrollo-de-guatemala\\\/\",\"name\":\"Innovaci\u00f3n para el desarrollo de Guatemala\",\"isPartOf\":{\"@id\":\"https:\\\/\\\/www.seal.com.gt\\\/en\\\/#website\"},\"primaryImageOfPage\":{\"@id\":\"https:\\\/\\\/www.seal.com.gt\\\/en\\\/innovacion-para-el-desarrollo-de-guatemala\\\/#primaryimage\"},\"image\":{\"@id\":\"https:\\\/\\\/www.seal.com.gt\\\/en\\\/innovacion-para-el-desarrollo-de-guatemala\\\/#primaryimage\"},\"thumbnailUrl\":\"https:\\\/\\\/seal.com.gt\\\/wp-content\\\/uploads\\\/2022\\\/01\\\/Logistica-2.jpg\",\"datePublished\":\"2022-01-25T20:41:47+00:00\",\"description\":\"El representante de\u00a0SEAL, Servicios Especializados de Aduana y Log\u00edstica,\u00a0V\u00edctor L\u00f3pez., dijo que\u00a0 \u201cla innovaci\u00f3n y el desarrollo de las Mipymes son indispensable para desarrollo de nuestras naciones. En la mayor\u00eda de los pa\u00edses de\u00a0Latinoam\u00e9rica e incluso en pa\u00edses desarrollados como Italia, son fundamentales para la generaci\u00f3n de empleos.\\\"\",\"breadcrumb\":{\"@id\":\"https:\\\/\\\/www.seal.com.gt\\\/en\\\/innovacion-para-el-desarrollo-de-guatemala\\\/#breadcrumb\"},\"inLanguage\":\"en-US\",\"potentialAction\":[{\"@type\":\"ReadAction\",\"target\":[\"https:\\\/\\\/www.seal.com.gt\\\/en\\\/innovacion-para-el-desarrollo-de-guatemala\\\/\"]}]},{\"@type\":\"ImageObject\",\"inLanguage\":\"en-US\",\"@id\":\"https:\\\/\\\/www.seal.com.gt\\\/en\\\/innovacion-para-el-desarrollo-de-guatemala\\\/#primaryimage\",\"url\":\"https:\\\/\\\/seal.com.gt\\\/wp-content\\\/uploads\\\/2022\\\/01\\\/Logistica-2.jpg\",\"contentUrl\":\"https:\\\/\\\/seal.com.gt\\\/wp-content\\\/uploads\\\/2022\\\/01\\\/Logistica-2.jpg\",\"width\":765,\"height\":550},{\"@type\":\"BreadcrumbList\",\"@id\":\"https:\\\/\\\/www.seal.com.gt\\\/en\\\/innovacion-para-el-desarrollo-de-guatemala\\\/#breadcrumb\",\"itemListElement\":[{\"@type\":\"ListItem\",\"position\":1,\"name\":\"Portada\",\"item\":\"https:\\\/\\\/seal.com.gt\\\/\"},{\"@type\":\"ListItem\",\"position\":2,\"name\":\"Innovaci\u00f3n para el desarrollo de Guatemala\"}]},{\"@type\":\"WebSite\",\"@id\":\"https:\\\/\\\/www.seal.com.gt\\\/en\\\/#website\",\"url\":\"https:\\\/\\\/www.seal.com.gt\\\/en\\\/\",\"name\":\"SEAL\",\"description\":\"Servicios especializados de aduana y log\u00edstica\",\"publisher\":{\"@id\":\"https:\\\/\\\/www.seal.com.gt\\\/en\\\/#organization\"},\"potentialAction\":[{\"@type\":\"SearchAction\",\"target\":{\"@type\":\"EntryPoint\",\"urlTemplate\":\"https:\\\/\\\/www.seal.com.gt\\\/en\\\/?s={search_term_string}\"},\"query-input\":{\"@type\":\"PropertyValueSpecification\",\"valueRequired\":true,\"valueName\":\"search_term_string\"}}],\"inLanguage\":\"en-US\"},{\"@type\":\"Organization\",\"@id\":\"https:\\\/\\\/www.seal.com.gt\\\/en\\\/#organization\",\"name\":\"Servicios Especializados de Aduana y Logistica\",\"url\":\"https:\\\/\\\/www.seal.com.gt\\\/en\\\/\",\"logo\":{\"@type\":\"ImageObject\",\"inLanguage\":\"en-US\",\"@id\":\"https:\\\/\\\/www.seal.com.gt\\\/en\\\/#\\\/schema\\\/logo\\\/image\\\/\",\"url\":\"https:\\\/\\\/seal.com.gt\\\/wp-content\\\/uploads\\\/2019\\\/07\\\/seal-guatemala.png\",\"contentUrl\":\"https:\\\/\\\/seal.com.gt\\\/wp-content\\\/uploads\\\/2019\\\/07\\\/seal-guatemala.png\",\"width\":110,\"height\":75,\"caption\":\"Servicios Especializados de Aduana y Logistica\"},\"image\":{\"@id\":\"https:\\\/\\\/www.seal.com.gt\\\/en\\\/#\\\/schema\\\/logo\\\/image\\\/\"},\"sameAs\":[\"https:\\\/\\\/www.facebook.com\\\/sealgt\\\/\",\"https:\\\/\\\/x.com\\\/SealGT\",\"https:\\\/\\\/www.instagram.com\\\/sealgt_\\\/\",\"https:\\\/\\\/www.linkedin.com\\\/company\\\/sealgt\\\/\",\"https:\\\/\\\/www.youtube.com\\\/channel\\\/UCR7Hlb1FvtE-_dX61LGES_w\"]},{\"@type\":\"Person\",\"@id\":\"https:\\\/\\\/www.seal.com.gt\\\/en\\\/#\\\/schema\\\/person\\\/bdaade145a7d4c0e4e550ce8a3a8c9aa\",\"name\":\"Carlos Fernandez\",\"image\":{\"@type\":\"ImageObject\",\"inLanguage\":\"en-US\",\"@id\":\"https:\\\/\\\/secure.gravatar.com\\\/avatar\\\/58d46d11b3ee03e1c767195c40dc71152c0851754aaf267b52fcee7abb624f2b?s=96&d=mm&r=g\",\"url\":\"https:\\\/\\\/secure.gravatar.com\\\/avatar\\\/58d46d11b3ee03e1c767195c40dc71152c0851754aaf267b52fcee7abb624f2b?s=96&d=mm&r=g\",\"contentUrl\":\"https:\\\/\\\/secure.gravatar.com\\\/avatar\\\/58d46d11b3ee03e1c767195c40dc71152c0851754aaf267b52fcee7abb624f2b?s=96&d=mm&r=g\",\"caption\":\"Carlos Fernandez\"},\"url\":\"https:\\\/\\\/seal.com.gt\\\/en\\\/author\\\/carlos-fernandez\\\/\"}]}<\/script>\n<!-- \/ Yoast SEO plugin. -->","yoast_head_json":{"title":"Innovaci\u00f3n para el desarrollo de Guatemala","description":"El representante de\u00a0SEAL, Servicios Especializados de Aduana y Log\u00edstica,\u00a0V\u00edctor L\u00f3pez., dijo que\u00a0 \u201cla innovaci\u00f3n y el desarrollo de las Mipymes son indispensable para desarrollo de nuestras naciones. En la mayor\u00eda de los pa\u00edses de\u00a0Latinoam\u00e9rica e incluso en pa\u00edses desarrollados como Italia, son fundamentales para la generaci\u00f3n de empleos.\"","robots":{"index":"index","follow":"follow","max-snippet":"max-snippet:-1","max-image-preview":"max-image-preview:large","max-video-preview":"max-video-preview:-1"},"canonical":"https:\/\/www.seal.com.gt\/en\/innovacion-para-el-desarrollo-de-guatemala\/","og_locale":"en_US","og_type":"article","og_title":"Innovaci\u00f3n para el desarrollo de Guatemala","og_description":"El representante de\u00a0SEAL, Servicios Especializados de Aduana y Log\u00edstica,\u00a0V\u00edctor L\u00f3pez., dijo que\u00a0 \u201cla innovaci\u00f3n y el desarrollo de las Mipymes son indispensable para desarrollo de nuestras naciones. En la mayor\u00eda de los pa\u00edses de\u00a0Latinoam\u00e9rica e incluso en pa\u00edses desarrollados como Italia, son fundamentales para la generaci\u00f3n de empleos.\"","og_url":"https:\/\/www.seal.com.gt\/en\/innovacion-para-el-desarrollo-de-guatemala\/","og_site_name":"SEAL","article_publisher":"https:\/\/www.facebook.com\/sealgt\/","article_published_time":"2022-01-25T20:41:47+00:00","og_image":[{"width":765,"height":550,"url":"https:\/\/www.seal.com.gt\/wp-content\/uploads\/2022\/01\/Logistica-2.jpg","type":"image\/jpeg"}],"author":"Carlos Fernandez","twitter_card":"summary_large_image","twitter_creator":"@SealGT","twitter_site":"@SealGT","twitter_misc":{"Written by":"Carlos Fernandez","Est. reading time":"4 minutes"},"schema":{"@context":"https:\/\/schema.org","@graph":[{"@type":"Article","@id":"https:\/\/www.seal.com.gt\/en\/innovacion-para-el-desarrollo-de-guatemala\/#article","isPartOf":{"@id":"https:\/\/www.seal.com.gt\/en\/innovacion-para-el-desarrollo-de-guatemala\/"},"author":{"name":"Carlos Fernandez","@id":"https:\/\/www.seal.com.gt\/en\/#\/schema\/person\/bdaade145a7d4c0e4e550ce8a3a8c9aa"},"headline":"Innovaci\u00f3n para el desarrollo de Guatemala","datePublished":"2022-01-25T20:41:47+00:00","mainEntityOfPage":{"@id":"https:\/\/www.seal.com.gt\/en\/innovacion-para-el-desarrollo-de-guatemala\/"},"wordCount":828,"commentCount":0,"publisher":{"@id":"https:\/\/www.seal.com.gt\/en\/#organization"},"image":{"@id":"https:\/\/www.seal.com.gt\/en\/innovacion-para-el-desarrollo-de-guatemala\/#primaryimage"},"thumbnailUrl":"https:\/\/seal.com.gt\/wp-content\/uploads\/2022\/01\/Logistica-2.jpg","keywords":["aduanas","centroam\u00e9rica","comercio","econom\u00eda","guatemala","MINECO","SEAL","servicios especializados de aduana y log\u00edstica"],"articleSection":["Blog"],"inLanguage":"en-US","potentialAction":[{"@type":"CommentAction","name":"Comment","target":["https:\/\/www.seal.com.gt\/en\/innovacion-para-el-desarrollo-de-guatemala\/#respond"]}]},{"@type":"WebPage","@id":"https:\/\/www.seal.com.gt\/en\/innovacion-para-el-desarrollo-de-guatemala\/","url":"https:\/\/www.seal.com.gt\/en\/innovacion-para-el-desarrollo-de-guatemala\/","name":"Innovaci\u00f3n para el desarrollo de Guatemala","isPartOf":{"@id":"https:\/\/www.seal.com.gt\/en\/#website"},"primaryImageOfPage":{"@id":"https:\/\/www.seal.com.gt\/en\/innovacion-para-el-desarrollo-de-guatemala\/#primaryimage"},"image":{"@id":"https:\/\/www.seal.com.gt\/en\/innovacion-para-el-desarrollo-de-guatemala\/#primaryimage"},"thumbnailUrl":"https:\/\/seal.com.gt\/wp-content\/uploads\/2022\/01\/Logistica-2.jpg","datePublished":"2022-01-25T20:41:47+00:00","description":"El representante de\u00a0SEAL, Servicios Especializados de Aduana y Log\u00edstica,\u00a0V\u00edctor L\u00f3pez., dijo que\u00a0 \u201cla innovaci\u00f3n y el desarrollo de las Mipymes son indispensable para desarrollo de nuestras naciones. En la mayor\u00eda de los pa\u00edses de\u00a0Latinoam\u00e9rica e incluso en pa\u00edses desarrollados como Italia, son fundamentales para la generaci\u00f3n de empleos.\"","breadcrumb":{"@id":"https:\/\/www.seal.com.gt\/en\/innovacion-para-el-desarrollo-de-guatemala\/#breadcrumb"},"inLanguage":"en-US","potentialAction":[{"@type":"ReadAction","target":["https:\/\/www.seal.com.gt\/en\/innovacion-para-el-desarrollo-de-guatemala\/"]}]},{"@type":"ImageObject","inLanguage":"en-US","@id":"https:\/\/www.seal.com.gt\/en\/innovacion-para-el-desarrollo-de-guatemala\/#primaryimage","url":"https:\/\/seal.com.gt\/wp-content\/uploads\/2022\/01\/Logistica-2.jpg","contentUrl":"https:\/\/seal.com.gt\/wp-content\/uploads\/2022\/01\/Logistica-2.jpg","width":765,"height":550},{"@type":"BreadcrumbList","@id":"https:\/\/www.seal.com.gt\/en\/innovacion-para-el-desarrollo-de-guatemala\/#breadcrumb","itemListElement":[{"@type":"ListItem","position":1,"name":"Portada","item":"https:\/\/seal.com.gt\/"},{"@type":"ListItem","position":2,"name":"Innovaci\u00f3n para el desarrollo de Guatemala"}]},{"@type":"WebSite","@id":"https:\/\/www.seal.com.gt\/en\/#website","url":"https:\/\/www.seal.com.gt\/en\/","name":"SEAL","description":"Servicios especializados de aduana y log\u00edstica","publisher":{"@id":"https:\/\/www.seal.com.gt\/en\/#organization"},"potentialAction":[{"@type":"SearchAction","target":{"@type":"EntryPoint","urlTemplate":"https:\/\/www.seal.com.gt\/en\/?s={search_term_string}"},"query-input":{"@type":"PropertyValueSpecification","valueRequired":true,"valueName":"search_term_string"}}],"inLanguage":"en-US"},{"@type":"Organization","@id":"https:\/\/www.seal.com.gt\/en\/#organization","name":"Servicios Especializados de Aduana y Logistica","url":"https:\/\/www.seal.com.gt\/en\/","logo":{"@type":"ImageObject","inLanguage":"en-US","@id":"https:\/\/www.seal.com.gt\/en\/#\/schema\/logo\/image\/","url":"https:\/\/seal.com.gt\/wp-content\/uploads\/2019\/07\/seal-guatemala.png","contentUrl":"https:\/\/seal.com.gt\/wp-content\/uploads\/2019\/07\/seal-guatemala.png","width":110,"height":75,"caption":"Servicios Especializados de Aduana y Logistica"},"image":{"@id":"https:\/\/www.seal.com.gt\/en\/#\/schema\/logo\/image\/"},"sameAs":["https:\/\/www.facebook.com\/sealgt\/","https:\/\/x.com\/SealGT","https:\/\/www.instagram.com\/sealgt_\/","https:\/\/www.linkedin.com\/company\/sealgt\/","https:\/\/www.youtube.com\/channel\/UCR7Hlb1FvtE-_dX61LGES_w"]},{"@type":"Person","@id":"https:\/\/www.seal.com.gt\/en\/#\/schema\/person\/bdaade145a7d4c0e4e550ce8a3a8c9aa","name":"Carlos Fernandez","image":{"@type":"ImageObject","inLanguage":"en-US","@id":"https:\/\/secure.gravatar.com\/avatar\/58d46d11b3ee03e1c767195c40dc71152c0851754aaf267b52fcee7abb624f2b?s=96&d=mm&r=g","url":"https:\/\/secure.gravatar.com\/avatar\/58d46d11b3ee03e1c767195c40dc71152c0851754aaf267b52fcee7abb624f2b?s=96&d=mm&r=g","contentUrl":"https:\/\/secure.gravatar.com\/avatar\/58d46d11b3ee03e1c767195c40dc71152c0851754aaf267b52fcee7abb624f2b?s=96&d=mm&r=g","caption":"Carlos Fernandez"},"url":"https:\/\/seal.com.gt\/en\/author\/carlos-fernandez\/"}]}},"_links":{"self":[{"href":"https:\/\/seal.com.gt\/en\/wp-json\/wp\/v2\/posts\/1528","targetHints":{"allow":["GET"]}}],"collection":[{"href":"https:\/\/seal.com.gt\/en\/wp-json\/wp\/v2\/posts"}],"about":[{"href":"https:\/\/seal.com.gt\/en\/wp-json\/wp\/v2\/types\/post"}],"author":[{"embeddable":true,"href":"https:\/\/seal.com.gt\/en\/wp-json\/wp\/v2\/users\/9"}],"replies":[{"embeddable":true,"href":"https:\/\/seal.com.gt\/en\/wp-json\/wp\/v2\/comments?post=1528"}],"version-history":[{"count":0,"href":"https:\/\/seal.com.gt\/en\/wp-json\/wp\/v2\/posts\/1528\/revisions"}],"wp:featuredmedia":[{"embeddable":true,"href":"https:\/\/seal.com.gt\/en\/wp-json\/wp\/v2\/media\/1529"}],"wp:attachment":[{"href":"https:\/\/seal.com.gt\/en\/wp-json\/wp\/v2\/media?parent=1528"}],"wp:term":[{"taxonomy":"category","embeddable":true,"href":"https:\/\/seal.com.gt\/en\/wp-json\/wp\/v2\/categories?post=1528"},{"taxonomy":"post_tag","embeddable":true,"href":"https:\/\/seal.com.gt\/en\/wp-json\/wp\/v2\/tags?post=1528"}],"curies":[{"name":"wp","href":"https:\/\/api.w.org\/{rel}","templated":true}]}}