{"id":1680,"date":"2022-03-29T12:30:58","date_gmt":"2022-03-29T18:30:58","guid":{"rendered":"https:\/\/seal.com.gt\/?p=1680"},"modified":"2022-03-29T12:30:58","modified_gmt":"2022-03-29T18:30:58","slug":"guatemala-un-pais-de-emprendedores","status":"publish","type":"post","link":"https:\/\/seal.com.gt\/en\/guatemala-un-pais-de-emprendedores\/","title":{"rendered":"Guatemala un pa\u00eds de emprendedores"},"content":{"rendered":"<p>El <strong>Ministerio de Econom\u00eda de Guatemala (MINECO)<\/strong> dedicar\u00e1 un fuerte porcentaje de sus esfuerzos al relanzamiento del <strong>Programa de Emprendimientos<\/strong> el cual tendr\u00e1 una visi\u00f3n territorial con el fin de apoyar a los emprendedores a lo largo y ancho del territorio nacional.<\/p>\n<p>Se trata de un proyecto de alta importancia y m\u00e1s a\u00fan si seg\u00fan cifras de <a href=\"https:\/\/www.mascontainer.com\/cepal-efectos-de-la-pandemia-se-extenderan-hasta-el-ano-2025\/\"><strong>Comisi\u00f3n Econ\u00f3mica para Am\u00e9rica Latina y el Caribe (CEPAL)<\/strong><\/a>, se\u00f1ala que en Centroam\u00e9rica,\u00a0<strong>las micro, peque\u00f1as y medianas empresa representan en 99% del movimiento industrial<\/strong>, generando por l\u00f3gica conclusi\u00f3n la mayor\u00eda de los empleos.<\/p>\n<p>Seg\u00fan<a href=\"https:\/\/seal.com.gt\/en\/2021\/08\/14\/victor-fernando-lopez-duarte\/\" target=\"_blank\" rel=\"noopener\"><strong> V\u00edctor L\u00f3pez de SEAL<\/strong><\/a>, Servicios Especializados de Aduana y Log\u00edstica en\u00a0<a href=\"https:\/\/www.mascontainer.com\/guatemala-entro-en-vigencia-el-acuerdo-de-asociacion-con-reino-unido\/\"><strong>Guatemala<\/strong><\/a>\u00a0de manera particular, las\u00a0<strong>MiPymes contribuyen con cerca del 80% de las fuentes laborales<\/strong>, aportando el\u00a0<strong>40% del PIB<\/strong>.<\/p>\n<h4><strong>Cifras<\/strong><\/h4>\n<p>Es m\u00e1s, de acuerdo con el m\u00e1s reciente reporte nacional del Monitor Global del Emprendimiento (GEM), realizado por la Universidad Francisco Marroqu\u00edn a trav\u00e9s del Centro de Emprendimiento Kirzner es contundente.<\/p>\n<p>En la investigaci\u00f3n para el periodo 2020-2021, de los 43 pa\u00edses participantes, <strong>Guatemala<\/strong> se ubic\u00f3 en la quinta posici\u00f3n como uno de los pa\u00edses en donde una mayor porci\u00f3n de su poblaci\u00f3n adulta (18-64 a\u00f1os) es due\u00f1a y administra un negocio de reciente creaci\u00f3n (tiene menos de 42 meses de estar funcionando).<\/p>\n<p>El estudio revel\u00f3 que alrededor de 2.7 millones de guatemaltecos generaban ingresos emprendiendo un negocio y que el pa\u00eds cuenta con una alta tasa\u00a0 de emprendimiento. Por ejemplo, desde 2014 hasta la fecha <strong>Guatemala<\/strong> ha ocupado el primer lugar como el pa\u00eds en donde el emprender un negocio es considerado como la opci\u00f3n m\u00e1s deseable para generar ingresos.<\/p>\n<h4><strong>Proyectos<\/strong><\/h4>\n<p>Tomando en cuenta esos datos el Ministerio de Econom\u00eda anunci\u00f3 la apertura de la Ventanilla de Inversiones y el relanzamiento del Programa de Emprendimiento con visi\u00f3n territorial. Se trata de dos programas \u201cinsignia\u201d, indic\u00f3 el Ministro de Econom\u00eda, Janio Rosales.<\/p>\n<p>El ministro <strong>Rosales destac\u00f3 que se continuar\u00e1 \u201ctrabajando muy fuertemente en proyectos insignias para este a\u00f1o\u201d como la\u00a0 ventanilla mencionada,<\/strong> que permitir\u00e1 m\u00e1s celeridad en los negocios y facilitar\u00e1 la incorporaci\u00f3n de las empresas en el pa\u00eds, \u201clo que sin duda\u00a0 generar\u00e1 mayor atractivo para los inversionistas\u201d.<\/p>","protected":false},"excerpt":{"rendered":"<p>El Ministerio de Econom\u00eda de Guatemala (MINECO) dedicar\u00e1 un fuerte porcentaje de sus esfuerzos al relanzamiento del Programa de Emprendimientos el cual tendr\u00e1 una visi\u00f3n territorial con el fin de apoyar a los emprendedores a lo largo y ancho del territorio nacional. Se trata de un proyecto de alta importancia y m\u00e1s a\u00fan si seg\u00fan [&hellip;]<\/p>\n","protected":false},"author":9,"featured_media":1057,"comment_status":"open","ping_status":"closed","sticky":false,"template":"","format":"standard","meta":{"footnotes":""},"categories":[1],"tags":[5,61,95,55,65,96],"class_list":["post-1680","post","type-post","status-publish","format-standard","has-post-thumbnail","hentry","category-blog","tag-aduana","tag-guatemala","tag-pymes","tag-seal","tag-servicios-especializados-de-aduana-y-logistica","tag-victor-lopez"],"yoast_head":"<!-- This site is optimized with the Yoast SEO plugin v27.5 - https:\/\/yoast.com\/product\/yoast-seo-wordpress\/ -->\n<title>Guatemala un pa\u00eds de emprendedores<\/title>\n<meta name=\"description\" content=\"Seg\u00fan V\u00edctor L\u00f3pez de SEAL, Servicios Especializados de Aduana y Log\u00edstica en\u00a0Guatemala\u00a0de manera particular, las\u00a0MiPymes contribuyen con cerca del 80% de las fuentes laborales, aportando el\u00a040% del PIB.\" \/>\n<meta name=\"robots\" content=\"index, follow, max-snippet:-1, max-image-preview:large, max-video-preview:-1\" \/>\n<link rel=\"canonical\" href=\"https:\/\/www.seal.com.gt\/guatemala-un-pais-de-emprendedores\/\" \/>\n<meta property=\"og:locale\" content=\"en_US\" \/>\n<meta property=\"og:type\" content=\"article\" \/>\n<meta property=\"og:title\" content=\"Guatemala un pa\u00eds de emprendedores\" \/>\n<meta property=\"og:description\" content=\"Seg\u00fan V\u00edctor L\u00f3pez de SEAL, Servicios Especializados de Aduana y Log\u00edstica en\u00a0Guatemala\u00a0de manera particular, las\u00a0MiPymes contribuyen con cerca del 80% de las fuentes laborales, aportando el\u00a040% del PIB.\" \/>\n<meta property=\"og:url\" content=\"https:\/\/www.seal.com.gt\/guatemala-un-pais-de-emprendedores\/\" \/>\n<meta property=\"og:site_name\" content=\"SEAL\" \/>\n<meta property=\"article:publisher\" content=\"https:\/\/www.facebook.com\/sealgt\/\" \/>\n<meta property=\"article:published_time\" content=\"2022-03-29T18:30:58+00:00\" \/>\n<meta property=\"og:image\" content=\"https:\/\/www.seal.com.gt\/wp-content\/uploads\/2021\/04\/seal-mipyme.png\" \/>\n\t<meta property=\"og:image:width\" content=\"765\" \/>\n\t<meta property=\"og:image:height\" content=\"550\" \/>\n\t<meta property=\"og:image:type\" content=\"image\/png\" \/>\n<meta name=\"author\" content=\"Carlos Fernandez\" \/>\n<meta name=\"twitter:card\" content=\"summary_large_image\" \/>\n<meta name=\"twitter:creator\" content=\"@SealGT\" \/>\n<meta name=\"twitter:site\" content=\"@SealGT\" \/>\n<meta name=\"twitter:label1\" content=\"Written by\" \/>\n\t<meta name=\"twitter:data1\" content=\"Carlos Fernandez\" \/>\n\t<meta name=\"twitter:label2\" content=\"Est. reading time\" \/>\n\t<meta name=\"twitter:data2\" content=\"2 minutes\" \/>\n<script type=\"application\/ld+json\" class=\"yoast-schema-graph\">{\"@context\":\"https:\\\/\\\/schema.org\",\"@graph\":[{\"@type\":\"Article\",\"@id\":\"https:\\\/\\\/www.seal.com.gt\\\/guatemala-un-pais-de-emprendedores\\\/#article\",\"isPartOf\":{\"@id\":\"https:\\\/\\\/www.seal.com.gt\\\/guatemala-un-pais-de-emprendedores\\\/\"},\"author\":{\"name\":\"Carlos Fernandez\",\"@id\":\"https:\\\/\\\/www.seal.com.gt\\\/en\\\/#\\\/schema\\\/person\\\/bdaade145a7d4c0e4e550ce8a3a8c9aa\"},\"headline\":\"Guatemala un pa\u00eds de emprendedores\",\"datePublished\":\"2022-03-29T18:30:58+00:00\",\"mainEntityOfPage\":{\"@id\":\"https:\\\/\\\/www.seal.com.gt\\\/guatemala-un-pais-de-emprendedores\\\/\"},\"wordCount\":394,\"commentCount\":0,\"publisher\":{\"@id\":\"https:\\\/\\\/www.seal.com.gt\\\/en\\\/#organization\"},\"image\":{\"@id\":\"https:\\\/\\\/www.seal.com.gt\\\/guatemala-un-pais-de-emprendedores\\\/#primaryimage\"},\"thumbnailUrl\":\"https:\\\/\\\/seal.com.gt\\\/wp-content\\\/uploads\\\/2021\\\/04\\\/seal-mipyme.png\",\"keywords\":[\"aduana\",\"guatemala\",\"pymes\",\"SEAL\",\"servicios especializados de aduana y log\u00edstica\",\"v\u00edctor l\u00f3pez\"],\"articleSection\":[\"Blog\"],\"inLanguage\":\"en-US\",\"potentialAction\":[{\"@type\":\"CommentAction\",\"name\":\"Comment\",\"target\":[\"https:\\\/\\\/www.seal.com.gt\\\/guatemala-un-pais-de-emprendedores\\\/#respond\"]}]},{\"@type\":\"WebPage\",\"@id\":\"https:\\\/\\\/www.seal.com.gt\\\/guatemala-un-pais-de-emprendedores\\\/\",\"url\":\"https:\\\/\\\/www.seal.com.gt\\\/guatemala-un-pais-de-emprendedores\\\/\",\"name\":\"Guatemala un pa\u00eds de emprendedores\",\"isPartOf\":{\"@id\":\"https:\\\/\\\/www.seal.com.gt\\\/en\\\/#website\"},\"primaryImageOfPage\":{\"@id\":\"https:\\\/\\\/www.seal.com.gt\\\/guatemala-un-pais-de-emprendedores\\\/#primaryimage\"},\"image\":{\"@id\":\"https:\\\/\\\/www.seal.com.gt\\\/guatemala-un-pais-de-emprendedores\\\/#primaryimage\"},\"thumbnailUrl\":\"https:\\\/\\\/seal.com.gt\\\/wp-content\\\/uploads\\\/2021\\\/04\\\/seal-mipyme.png\",\"datePublished\":\"2022-03-29T18:30:58+00:00\",\"description\":\"Seg\u00fan V\u00edctor L\u00f3pez de SEAL, Servicios Especializados de Aduana y Log\u00edstica en\u00a0Guatemala\u00a0de manera particular, las\u00a0MiPymes contribuyen con cerca del 80% de las fuentes laborales, aportando el\u00a040% del PIB.\",\"breadcrumb\":{\"@id\":\"https:\\\/\\\/www.seal.com.gt\\\/guatemala-un-pais-de-emprendedores\\\/#breadcrumb\"},\"inLanguage\":\"en-US\",\"potentialAction\":[{\"@type\":\"ReadAction\",\"target\":[\"https:\\\/\\\/www.seal.com.gt\\\/guatemala-un-pais-de-emprendedores\\\/\"]}]},{\"@type\":\"ImageObject\",\"inLanguage\":\"en-US\",\"@id\":\"https:\\\/\\\/www.seal.com.gt\\\/guatemala-un-pais-de-emprendedores\\\/#primaryimage\",\"url\":\"https:\\\/\\\/seal.com.gt\\\/wp-content\\\/uploads\\\/2021\\\/04\\\/seal-mipyme.png\",\"contentUrl\":\"https:\\\/\\\/seal.com.gt\\\/wp-content\\\/uploads\\\/2021\\\/04\\\/seal-mipyme.png\",\"width\":765,\"height\":550},{\"@type\":\"BreadcrumbList\",\"@id\":\"https:\\\/\\\/www.seal.com.gt\\\/guatemala-un-pais-de-emprendedores\\\/#breadcrumb\",\"itemListElement\":[{\"@type\":\"ListItem\",\"position\":1,\"name\":\"Portada\",\"item\":\"https:\\\/\\\/seal.com.gt\\\/\"},{\"@type\":\"ListItem\",\"position\":2,\"name\":\"Guatemala un pa\u00eds de emprendedores\"}]},{\"@type\":\"WebSite\",\"@id\":\"https:\\\/\\\/www.seal.com.gt\\\/en\\\/#website\",\"url\":\"https:\\\/\\\/www.seal.com.gt\\\/en\\\/\",\"name\":\"SEAL\",\"description\":\"Servicios especializados de aduana y log\u00edstica\",\"publisher\":{\"@id\":\"https:\\\/\\\/www.seal.com.gt\\\/en\\\/#organization\"},\"potentialAction\":[{\"@type\":\"SearchAction\",\"target\":{\"@type\":\"EntryPoint\",\"urlTemplate\":\"https:\\\/\\\/www.seal.com.gt\\\/en\\\/?s={search_term_string}\"},\"query-input\":{\"@type\":\"PropertyValueSpecification\",\"valueRequired\":true,\"valueName\":\"search_term_string\"}}],\"inLanguage\":\"en-US\"},{\"@type\":\"Organization\",\"@id\":\"https:\\\/\\\/www.seal.com.gt\\\/en\\\/#organization\",\"name\":\"Servicios Especializados de Aduana y Logistica\",\"url\":\"https:\\\/\\\/www.seal.com.gt\\\/en\\\/\",\"logo\":{\"@type\":\"ImageObject\",\"inLanguage\":\"en-US\",\"@id\":\"https:\\\/\\\/www.seal.com.gt\\\/en\\\/#\\\/schema\\\/logo\\\/image\\\/\",\"url\":\"https:\\\/\\\/seal.com.gt\\\/wp-content\\\/uploads\\\/2019\\\/07\\\/seal-guatemala.png\",\"contentUrl\":\"https:\\\/\\\/seal.com.gt\\\/wp-content\\\/uploads\\\/2019\\\/07\\\/seal-guatemala.png\",\"width\":110,\"height\":75,\"caption\":\"Servicios Especializados de Aduana y Logistica\"},\"image\":{\"@id\":\"https:\\\/\\\/www.seal.com.gt\\\/en\\\/#\\\/schema\\\/logo\\\/image\\\/\"},\"sameAs\":[\"https:\\\/\\\/www.facebook.com\\\/sealgt\\\/\",\"https:\\\/\\\/x.com\\\/SealGT\",\"https:\\\/\\\/www.instagram.com\\\/sealgt_\\\/\",\"https:\\\/\\\/www.linkedin.com\\\/company\\\/sealgt\\\/\",\"https:\\\/\\\/www.youtube.com\\\/channel\\\/UCR7Hlb1FvtE-_dX61LGES_w\"]},{\"@type\":\"Person\",\"@id\":\"https:\\\/\\\/www.seal.com.gt\\\/en\\\/#\\\/schema\\\/person\\\/bdaade145a7d4c0e4e550ce8a3a8c9aa\",\"name\":\"Carlos Fernandez\",\"image\":{\"@type\":\"ImageObject\",\"inLanguage\":\"en-US\",\"@id\":\"https:\\\/\\\/secure.gravatar.com\\\/avatar\\\/58d46d11b3ee03e1c767195c40dc71152c0851754aaf267b52fcee7abb624f2b?s=96&d=mm&r=g\",\"url\":\"https:\\\/\\\/secure.gravatar.com\\\/avatar\\\/58d46d11b3ee03e1c767195c40dc71152c0851754aaf267b52fcee7abb624f2b?s=96&d=mm&r=g\",\"contentUrl\":\"https:\\\/\\\/secure.gravatar.com\\\/avatar\\\/58d46d11b3ee03e1c767195c40dc71152c0851754aaf267b52fcee7abb624f2b?s=96&d=mm&r=g\",\"caption\":\"Carlos Fernandez\"},\"url\":\"https:\\\/\\\/seal.com.gt\\\/en\\\/author\\\/carlos-fernandez\\\/\"}]}<\/script>\n<!-- \/ Yoast SEO plugin. -->","yoast_head_json":{"title":"Guatemala un pa\u00eds de emprendedores","description":"Seg\u00fan V\u00edctor L\u00f3pez de SEAL, Servicios Especializados de Aduana y Log\u00edstica en\u00a0Guatemala\u00a0de manera particular, las\u00a0MiPymes contribuyen con cerca del 80% de las fuentes laborales, aportando el\u00a040% del PIB.","robots":{"index":"index","follow":"follow","max-snippet":"max-snippet:-1","max-image-preview":"max-image-preview:large","max-video-preview":"max-video-preview:-1"},"canonical":"https:\/\/www.seal.com.gt\/guatemala-un-pais-de-emprendedores\/","og_locale":"en_US","og_type":"article","og_title":"Guatemala un pa\u00eds de emprendedores","og_description":"Seg\u00fan V\u00edctor L\u00f3pez de SEAL, Servicios Especializados de Aduana y Log\u00edstica en\u00a0Guatemala\u00a0de manera particular, las\u00a0MiPymes contribuyen con cerca del 80% de las fuentes laborales, aportando el\u00a040% del PIB.","og_url":"https:\/\/www.seal.com.gt\/guatemala-un-pais-de-emprendedores\/","og_site_name":"SEAL","article_publisher":"https:\/\/www.facebook.com\/sealgt\/","article_published_time":"2022-03-29T18:30:58+00:00","og_image":[{"width":765,"height":550,"url":"https:\/\/www.seal.com.gt\/wp-content\/uploads\/2021\/04\/seal-mipyme.png","type":"image\/png"}],"author":"Carlos Fernandez","twitter_card":"summary_large_image","twitter_creator":"@SealGT","twitter_site":"@SealGT","twitter_misc":{"Written by":"Carlos Fernandez","Est. reading time":"2 minutes"},"schema":{"@context":"https:\/\/schema.org","@graph":[{"@type":"Article","@id":"https:\/\/www.seal.com.gt\/guatemala-un-pais-de-emprendedores\/#article","isPartOf":{"@id":"https:\/\/www.seal.com.gt\/guatemala-un-pais-de-emprendedores\/"},"author":{"name":"Carlos Fernandez","@id":"https:\/\/www.seal.com.gt\/en\/#\/schema\/person\/bdaade145a7d4c0e4e550ce8a3a8c9aa"},"headline":"Guatemala un pa\u00eds de emprendedores","datePublished":"2022-03-29T18:30:58+00:00","mainEntityOfPage":{"@id":"https:\/\/www.seal.com.gt\/guatemala-un-pais-de-emprendedores\/"},"wordCount":394,"commentCount":0,"publisher":{"@id":"https:\/\/www.seal.com.gt\/en\/#organization"},"image":{"@id":"https:\/\/www.seal.com.gt\/guatemala-un-pais-de-emprendedores\/#primaryimage"},"thumbnailUrl":"https:\/\/seal.com.gt\/wp-content\/uploads\/2021\/04\/seal-mipyme.png","keywords":["aduana","guatemala","pymes","SEAL","servicios especializados de aduana y log\u00edstica","v\u00edctor l\u00f3pez"],"articleSection":["Blog"],"inLanguage":"en-US","potentialAction":[{"@type":"CommentAction","name":"Comment","target":["https:\/\/www.seal.com.gt\/guatemala-un-pais-de-emprendedores\/#respond"]}]},{"@type":"WebPage","@id":"https:\/\/www.seal.com.gt\/guatemala-un-pais-de-emprendedores\/","url":"https:\/\/www.seal.com.gt\/guatemala-un-pais-de-emprendedores\/","name":"Guatemala un pa\u00eds de emprendedores","isPartOf":{"@id":"https:\/\/www.seal.com.gt\/en\/#website"},"primaryImageOfPage":{"@id":"https:\/\/www.seal.com.gt\/guatemala-un-pais-de-emprendedores\/#primaryimage"},"image":{"@id":"https:\/\/www.seal.com.gt\/guatemala-un-pais-de-emprendedores\/#primaryimage"},"thumbnailUrl":"https:\/\/seal.com.gt\/wp-content\/uploads\/2021\/04\/seal-mipyme.png","datePublished":"2022-03-29T18:30:58+00:00","description":"Seg\u00fan V\u00edctor L\u00f3pez de SEAL, Servicios Especializados de Aduana y Log\u00edstica en\u00a0Guatemala\u00a0de manera particular, las\u00a0MiPymes contribuyen con cerca del 80% de las fuentes laborales, aportando el\u00a040% del PIB.","breadcrumb":{"@id":"https:\/\/www.seal.com.gt\/guatemala-un-pais-de-emprendedores\/#breadcrumb"},"inLanguage":"en-US","potentialAction":[{"@type":"ReadAction","target":["https:\/\/www.seal.com.gt\/guatemala-un-pais-de-emprendedores\/"]}]},{"@type":"ImageObject","inLanguage":"en-US","@id":"https:\/\/www.seal.com.gt\/guatemala-un-pais-de-emprendedores\/#primaryimage","url":"https:\/\/seal.com.gt\/wp-content\/uploads\/2021\/04\/seal-mipyme.png","contentUrl":"https:\/\/seal.com.gt\/wp-content\/uploads\/2021\/04\/seal-mipyme.png","width":765,"height":550},{"@type":"BreadcrumbList","@id":"https:\/\/www.seal.com.gt\/guatemala-un-pais-de-emprendedores\/#breadcrumb","itemListElement":[{"@type":"ListItem","position":1,"name":"Portada","item":"https:\/\/seal.com.gt\/"},{"@type":"ListItem","position":2,"name":"Guatemala un pa\u00eds de emprendedores"}]},{"@type":"WebSite","@id":"https:\/\/www.seal.com.gt\/en\/#website","url":"https:\/\/www.seal.com.gt\/en\/","name":"SEAL","description":"Servicios especializados de aduana y log\u00edstica","publisher":{"@id":"https:\/\/www.seal.com.gt\/en\/#organization"},"potentialAction":[{"@type":"SearchAction","target":{"@type":"EntryPoint","urlTemplate":"https:\/\/www.seal.com.gt\/en\/?s={search_term_string}"},"query-input":{"@type":"PropertyValueSpecification","valueRequired":true,"valueName":"search_term_string"}}],"inLanguage":"en-US"},{"@type":"Organization","@id":"https:\/\/www.seal.com.gt\/en\/#organization","name":"Servicios Especializados de Aduana y Logistica","url":"https:\/\/www.seal.com.gt\/en\/","logo":{"@type":"ImageObject","inLanguage":"en-US","@id":"https:\/\/www.seal.com.gt\/en\/#\/schema\/logo\/image\/","url":"https:\/\/seal.com.gt\/wp-content\/uploads\/2019\/07\/seal-guatemala.png","contentUrl":"https:\/\/seal.com.gt\/wp-content\/uploads\/2019\/07\/seal-guatemala.png","width":110,"height":75,"caption":"Servicios Especializados de Aduana y Logistica"},"image":{"@id":"https:\/\/www.seal.com.gt\/en\/#\/schema\/logo\/image\/"},"sameAs":["https:\/\/www.facebook.com\/sealgt\/","https:\/\/x.com\/SealGT","https:\/\/www.instagram.com\/sealgt_\/","https:\/\/www.linkedin.com\/company\/sealgt\/","https:\/\/www.youtube.com\/channel\/UCR7Hlb1FvtE-_dX61LGES_w"]},{"@type":"Person","@id":"https:\/\/www.seal.com.gt\/en\/#\/schema\/person\/bdaade145a7d4c0e4e550ce8a3a8c9aa","name":"Carlos Fernandez","image":{"@type":"ImageObject","inLanguage":"en-US","@id":"https:\/\/secure.gravatar.com\/avatar\/58d46d11b3ee03e1c767195c40dc71152c0851754aaf267b52fcee7abb624f2b?s=96&d=mm&r=g","url":"https:\/\/secure.gravatar.com\/avatar\/58d46d11b3ee03e1c767195c40dc71152c0851754aaf267b52fcee7abb624f2b?s=96&d=mm&r=g","contentUrl":"https:\/\/secure.gravatar.com\/avatar\/58d46d11b3ee03e1c767195c40dc71152c0851754aaf267b52fcee7abb624f2b?s=96&d=mm&r=g","caption":"Carlos Fernandez"},"url":"https:\/\/seal.com.gt\/en\/author\/carlos-fernandez\/"}]}},"_links":{"self":[{"href":"https:\/\/seal.com.gt\/en\/wp-json\/wp\/v2\/posts\/1680","targetHints":{"allow":["GET"]}}],"collection":[{"href":"https:\/\/seal.com.gt\/en\/wp-json\/wp\/v2\/posts"}],"about":[{"href":"https:\/\/seal.com.gt\/en\/wp-json\/wp\/v2\/types\/post"}],"author":[{"embeddable":true,"href":"https:\/\/seal.com.gt\/en\/wp-json\/wp\/v2\/users\/9"}],"replies":[{"embeddable":true,"href":"https:\/\/seal.com.gt\/en\/wp-json\/wp\/v2\/comments?post=1680"}],"version-history":[{"count":0,"href":"https:\/\/seal.com.gt\/en\/wp-json\/wp\/v2\/posts\/1680\/revisions"}],"wp:featuredmedia":[{"embeddable":true,"href":"https:\/\/seal.com.gt\/en\/wp-json\/wp\/v2\/media\/1057"}],"wp:attachment":[{"href":"https:\/\/seal.com.gt\/en\/wp-json\/wp\/v2\/media?parent=1680"}],"wp:term":[{"taxonomy":"category","embeddable":true,"href":"https:\/\/seal.com.gt\/en\/wp-json\/wp\/v2\/categories?post=1680"},{"taxonomy":"post_tag","embeddable":true,"href":"https:\/\/seal.com.gt\/en\/wp-json\/wp\/v2\/tags?post=1680"}],"curies":[{"name":"wp","href":"https:\/\/api.w.org\/{rel}","templated":true}]}}