{"id":1700,"date":"2022-04-07T08:28:23","date_gmt":"2022-04-07T14:28:23","guid":{"rendered":"https:\/\/seal.com.gt\/?p=1700"},"modified":"2022-04-07T08:53:36","modified_gmt":"2022-04-07T14:53:36","slug":"seal-y-universidad-panamericana-firman-acuerdo-academico","status":"publish","type":"post","link":"https:\/\/seal.com.gt\/en\/seal-y-universidad-panamericana-firman-acuerdo-academico\/","title":{"rendered":"SEAL\u00a0y Universidad Panamericana firman acuerdo acad\u00e9mico"},"content":{"rendered":"<p><a href=\"https:\/\/seal.com.gt\/en\/\"><strong>SEAL, Specialized Customs and Logistics Services<\/strong><\/a>, afianz\u00f3 sus acuerdos acad\u00e9micos\u00a0 con la <a href=\"https:\/\/www.upana.edu.gt\/\"><strong>Universidad Panamericana (UPANA)<\/strong><\/a> al firmar un convenio para la realizaci\u00f3n de diversas actividades acad\u00e9micas, entre ellas charlas, cursos y seminarios.<\/p>\n<p>\u00abComo SEAL buscamos aportar valor a la educaci\u00f3n en Guatemala porque sabemos que el ecosistema de aduana y comercio internacional se beneficiar\u00e1 con nuevos profesionales y con las personas que trabajan en esta \u00e1rea, considerando que constantemente se requiere capacitaci\u00f3n\u00bb, indic\u00f3 V\u00edctor L\u00f3pez, representante de SEAL.<\/p>\n<p>\u00bfPero en qu\u00e9 consiste este nuevo acuerdo? La idea es realizar de manera conjunta diversas actividades acad\u00e9micas de difusi\u00f3n, ya sean presenciales o de forma remota con el objeto de entregar valor agregado a las y los profesionales de Guatemala, ya sea por medio de diplomados o seminarios, entre otros.<\/p>\n<p>Sin duda se trata de otra gran noticia para SEAL y sus colaboradores considerando que la\u00a0<a href=\"https:\/\/www.upana.edu.gt\/\"><strong>Universidad Panamericana<\/strong><\/a>\u00a0cuenta con un sistema de educaci\u00f3n superior completo y ha contribuido\u00a0 al desarrollo de Guatemala, a trav\u00e9s de opciones innovadoras de formaci\u00f3n y profesionalizaci\u00f3n universitaria con altos est\u00e1ndares de calidad acad\u00e9mica.<\/p>\n<p>Actualmente cuentan con cuatro\u00a0<strong>Campus metropolitanos y 106 sedes, ubicados en la Ciudad de Guatemala y en el interior del pa\u00eds<\/strong>. Adem\u00e1s posee m\u00e1s de 17,000 estudiantes matriculados e\u00a0 imparte m\u00e1s de 45 carreras entre t\u00e9cnicos, profesorados, licenciaturas, maestr\u00edas y doctorados, en modalidades presencial, semipresencial y virtual.<\/p>\n<p>&nbsp;<\/p>","protected":false},"excerpt":{"rendered":"<p>SEAL, Servicios Especializados de Aduana y Log\u00edstica, afianz\u00f3 sus acuerdos acad\u00e9micos\u00a0 con la Universidad Panamericana (UPANA) al firmar un convenio para la realizaci\u00f3n de diversas actividades acad\u00e9micas, entre ellas charlas, cursos y seminarios. \u00abComo SEAL buscamos aportar valor a la educaci\u00f3n en Guatemala porque sabemos que el ecosistema de aduana y comercio internacional se beneficiar\u00e1 [&hellip;]<\/p>\n","protected":false},"author":9,"featured_media":1641,"comment_status":"open","ping_status":"closed","sticky":false,"template":"","format":"standard","meta":{"footnotes":""},"categories":[1],"tags":[383,355,59,385,56,325,55,384,65,382],"class_list":["post-1700","post","type-post","status-publish","format-standard","has-post-thumbnail","hentry","category-blog","tag-academia","tag-capacitacion","tag-comercio","tag-cursos","tag-logistica","tag-mercados","tag-seal","tag-seminarios","tag-servicios-especializados-de-aduana-y-logistica","tag-universidad-panamericana"],"yoast_head":"<!-- This site is optimized with the Yoast SEO plugin v27.5 - https:\/\/yoast.com\/product\/yoast-seo-wordpress\/ -->\n<title>SEAL\u00a0y Universidad Panamericana firman acuerdo acad\u00e9mico<\/title>\n<meta name=\"description\" content=\"SEAL, Servicios Especializados de Aduana y Log\u00edstica, afianz\u00f3 sus acuerdos acad\u00e9micos\u00a0 con la Universidad Panamericana (UPANA) al firmar un convenci\u00f3 para la realizaci\u00f3n de diversas actividades acad\u00e9micas, entre ellas charlas, cursos y seminarios.\" \/>\n<meta name=\"robots\" content=\"index, follow, max-snippet:-1, max-image-preview:large, max-video-preview:-1\" \/>\n<link rel=\"canonical\" href=\"https:\/\/www.seal.com.gt\/seal-y-universidad-panamericana-firman-acuerdo-academico\/\" \/>\n<meta property=\"og:locale\" content=\"en_US\" \/>\n<meta property=\"og:type\" content=\"article\" \/>\n<meta property=\"og:title\" content=\"SEAL\u00a0y Universidad Panamericana firman acuerdo acad\u00e9mico\" \/>\n<meta property=\"og:description\" content=\"SEAL, Servicios Especializados de Aduana y Log\u00edstica, afianz\u00f3 sus acuerdos acad\u00e9micos\u00a0 con la Universidad Panamericana (UPANA) al firmar un convenci\u00f3 para la realizaci\u00f3n de diversas actividades acad\u00e9micas, entre ellas charlas, cursos y seminarios.\" \/>\n<meta property=\"og:url\" content=\"https:\/\/www.seal.com.gt\/seal-y-universidad-panamericana-firman-acuerdo-academico\/\" \/>\n<meta property=\"og:site_name\" content=\"SEAL\" \/>\n<meta property=\"article:publisher\" content=\"https:\/\/www.facebook.com\/sealgt\/\" \/>\n<meta property=\"article:published_time\" content=\"2022-04-07T14:28:23+00:00\" \/>\n<meta property=\"article:modified_time\" content=\"2022-04-07T14:53:36+00:00\" \/>\n<meta property=\"og:image\" content=\"https:\/\/www.seal.com.gt\/wp-content\/uploads\/2022\/02\/Panamericana-y-SEAL.png\" \/>\n\t<meta property=\"og:image:width\" content=\"765\" \/>\n\t<meta property=\"og:image:height\" content=\"550\" \/>\n\t<meta property=\"og:image:type\" content=\"image\/png\" \/>\n<meta name=\"author\" content=\"Carlos Fernandez\" \/>\n<meta name=\"twitter:card\" content=\"summary_large_image\" \/>\n<meta name=\"twitter:creator\" content=\"@SealGT\" \/>\n<meta name=\"twitter:site\" content=\"@SealGT\" \/>\n<meta name=\"twitter:label1\" content=\"Written by\" \/>\n\t<meta name=\"twitter:data1\" content=\"Carlos Fernandez\" \/>\n\t<meta name=\"twitter:label2\" content=\"Est. reading time\" \/>\n\t<meta name=\"twitter:data2\" content=\"2 minutes\" \/>\n<script type=\"application\/ld+json\" class=\"yoast-schema-graph\">{\"@context\":\"https:\\\/\\\/schema.org\",\"@graph\":[{\"@type\":\"Article\",\"@id\":\"https:\\\/\\\/www.seal.com.gt\\\/seal-y-universidad-panamericana-firman-acuerdo-academico\\\/#article\",\"isPartOf\":{\"@id\":\"https:\\\/\\\/www.seal.com.gt\\\/seal-y-universidad-panamericana-firman-acuerdo-academico\\\/\"},\"author\":{\"name\":\"Carlos Fernandez\",\"@id\":\"https:\\\/\\\/www.seal.com.gt\\\/en\\\/#\\\/schema\\\/person\\\/bdaade145a7d4c0e4e550ce8a3a8c9aa\"},\"headline\":\"SEAL\u00a0y Universidad Panamericana firman acuerdo acad\u00e9mico\",\"datePublished\":\"2022-04-07T14:28:23+00:00\",\"dateModified\":\"2022-04-07T14:53:36+00:00\",\"mainEntityOfPage\":{\"@id\":\"https:\\\/\\\/www.seal.com.gt\\\/seal-y-universidad-panamericana-firman-acuerdo-academico\\\/\"},\"wordCount\":253,\"commentCount\":0,\"publisher\":{\"@id\":\"https:\\\/\\\/www.seal.com.gt\\\/en\\\/#organization\"},\"image\":{\"@id\":\"https:\\\/\\\/www.seal.com.gt\\\/seal-y-universidad-panamericana-firman-acuerdo-academico\\\/#primaryimage\"},\"thumbnailUrl\":\"https:\\\/\\\/seal.com.gt\\\/wp-content\\\/uploads\\\/2022\\\/02\\\/Panamericana-y-SEAL.png\",\"keywords\":[\"academia\",\"capacitaci\u00f3n\",\"comercio\",\"cursos\",\"log\u00edstica\",\"mercados\",\"SEAL\",\"seminarios\",\"servicios especializados de aduana y log\u00edstica\",\"Universidad Panamericana\"],\"articleSection\":[\"Blog\"],\"inLanguage\":\"en-US\",\"potentialAction\":[{\"@type\":\"CommentAction\",\"name\":\"Comment\",\"target\":[\"https:\\\/\\\/www.seal.com.gt\\\/seal-y-universidad-panamericana-firman-acuerdo-academico\\\/#respond\"]}]},{\"@type\":\"WebPage\",\"@id\":\"https:\\\/\\\/www.seal.com.gt\\\/seal-y-universidad-panamericana-firman-acuerdo-academico\\\/\",\"url\":\"https:\\\/\\\/www.seal.com.gt\\\/seal-y-universidad-panamericana-firman-acuerdo-academico\\\/\",\"name\":\"SEAL\u00a0y Universidad Panamericana firman acuerdo acad\u00e9mico\",\"isPartOf\":{\"@id\":\"https:\\\/\\\/www.seal.com.gt\\\/en\\\/#website\"},\"primaryImageOfPage\":{\"@id\":\"https:\\\/\\\/www.seal.com.gt\\\/seal-y-universidad-panamericana-firman-acuerdo-academico\\\/#primaryimage\"},\"image\":{\"@id\":\"https:\\\/\\\/www.seal.com.gt\\\/seal-y-universidad-panamericana-firman-acuerdo-academico\\\/#primaryimage\"},\"thumbnailUrl\":\"https:\\\/\\\/seal.com.gt\\\/wp-content\\\/uploads\\\/2022\\\/02\\\/Panamericana-y-SEAL.png\",\"datePublished\":\"2022-04-07T14:28:23+00:00\",\"dateModified\":\"2022-04-07T14:53:36+00:00\",\"description\":\"SEAL, Servicios Especializados de Aduana y Log\u00edstica, afianz\u00f3 sus acuerdos acad\u00e9micos\u00a0 con la Universidad Panamericana (UPANA) al firmar un convenci\u00f3 para la realizaci\u00f3n de diversas actividades acad\u00e9micas, entre ellas charlas, cursos y seminarios.\",\"breadcrumb\":{\"@id\":\"https:\\\/\\\/www.seal.com.gt\\\/seal-y-universidad-panamericana-firman-acuerdo-academico\\\/#breadcrumb\"},\"inLanguage\":\"en-US\",\"potentialAction\":[{\"@type\":\"ReadAction\",\"target\":[\"https:\\\/\\\/www.seal.com.gt\\\/seal-y-universidad-panamericana-firman-acuerdo-academico\\\/\"]}]},{\"@type\":\"ImageObject\",\"inLanguage\":\"en-US\",\"@id\":\"https:\\\/\\\/www.seal.com.gt\\\/seal-y-universidad-panamericana-firman-acuerdo-academico\\\/#primaryimage\",\"url\":\"https:\\\/\\\/seal.com.gt\\\/wp-content\\\/uploads\\\/2022\\\/02\\\/Panamericana-y-SEAL.png\",\"contentUrl\":\"https:\\\/\\\/seal.com.gt\\\/wp-content\\\/uploads\\\/2022\\\/02\\\/Panamericana-y-SEAL.png\",\"width\":765,\"height\":550},{\"@type\":\"BreadcrumbList\",\"@id\":\"https:\\\/\\\/www.seal.com.gt\\\/seal-y-universidad-panamericana-firman-acuerdo-academico\\\/#breadcrumb\",\"itemListElement\":[{\"@type\":\"ListItem\",\"position\":1,\"name\":\"Portada\",\"item\":\"https:\\\/\\\/seal.com.gt\\\/\"},{\"@type\":\"ListItem\",\"position\":2,\"name\":\"SEAL\u00a0y Universidad Panamericana firman acuerdo acad\u00e9mico\"}]},{\"@type\":\"WebSite\",\"@id\":\"https:\\\/\\\/www.seal.com.gt\\\/en\\\/#website\",\"url\":\"https:\\\/\\\/www.seal.com.gt\\\/en\\\/\",\"name\":\"SEAL\",\"description\":\"Servicios especializados de aduana y log\u00edstica\",\"publisher\":{\"@id\":\"https:\\\/\\\/www.seal.com.gt\\\/en\\\/#organization\"},\"potentialAction\":[{\"@type\":\"SearchAction\",\"target\":{\"@type\":\"EntryPoint\",\"urlTemplate\":\"https:\\\/\\\/www.seal.com.gt\\\/en\\\/?s={search_term_string}\"},\"query-input\":{\"@type\":\"PropertyValueSpecification\",\"valueRequired\":true,\"valueName\":\"search_term_string\"}}],\"inLanguage\":\"en-US\"},{\"@type\":\"Organization\",\"@id\":\"https:\\\/\\\/www.seal.com.gt\\\/en\\\/#organization\",\"name\":\"Servicios Especializados de Aduana y Logistica\",\"url\":\"https:\\\/\\\/www.seal.com.gt\\\/en\\\/\",\"logo\":{\"@type\":\"ImageObject\",\"inLanguage\":\"en-US\",\"@id\":\"https:\\\/\\\/www.seal.com.gt\\\/en\\\/#\\\/schema\\\/logo\\\/image\\\/\",\"url\":\"https:\\\/\\\/seal.com.gt\\\/wp-content\\\/uploads\\\/2019\\\/07\\\/seal-guatemala.png\",\"contentUrl\":\"https:\\\/\\\/seal.com.gt\\\/wp-content\\\/uploads\\\/2019\\\/07\\\/seal-guatemala.png\",\"width\":110,\"height\":75,\"caption\":\"Servicios Especializados de Aduana y Logistica\"},\"image\":{\"@id\":\"https:\\\/\\\/www.seal.com.gt\\\/en\\\/#\\\/schema\\\/logo\\\/image\\\/\"},\"sameAs\":[\"https:\\\/\\\/www.facebook.com\\\/sealgt\\\/\",\"https:\\\/\\\/x.com\\\/SealGT\",\"https:\\\/\\\/www.instagram.com\\\/sealgt_\\\/\",\"https:\\\/\\\/www.linkedin.com\\\/company\\\/sealgt\\\/\",\"https:\\\/\\\/www.youtube.com\\\/channel\\\/UCR7Hlb1FvtE-_dX61LGES_w\"]},{\"@type\":\"Person\",\"@id\":\"https:\\\/\\\/www.seal.com.gt\\\/en\\\/#\\\/schema\\\/person\\\/bdaade145a7d4c0e4e550ce8a3a8c9aa\",\"name\":\"Carlos Fernandez\",\"image\":{\"@type\":\"ImageObject\",\"inLanguage\":\"en-US\",\"@id\":\"https:\\\/\\\/secure.gravatar.com\\\/avatar\\\/58d46d11b3ee03e1c767195c40dc71152c0851754aaf267b52fcee7abb624f2b?s=96&d=mm&r=g\",\"url\":\"https:\\\/\\\/secure.gravatar.com\\\/avatar\\\/58d46d11b3ee03e1c767195c40dc71152c0851754aaf267b52fcee7abb624f2b?s=96&d=mm&r=g\",\"contentUrl\":\"https:\\\/\\\/secure.gravatar.com\\\/avatar\\\/58d46d11b3ee03e1c767195c40dc71152c0851754aaf267b52fcee7abb624f2b?s=96&d=mm&r=g\",\"caption\":\"Carlos Fernandez\"},\"url\":\"https:\\\/\\\/seal.com.gt\\\/en\\\/author\\\/carlos-fernandez\\\/\"}]}<\/script>\n<!-- \/ Yoast SEO plugin. -->","yoast_head_json":{"title":"SEAL\u00a0y Universidad Panamericana firman acuerdo acad\u00e9mico","description":"SEAL, Servicios Especializados de Aduana y Log\u00edstica, afianz\u00f3 sus acuerdos acad\u00e9micos\u00a0 con la Universidad Panamericana (UPANA) al firmar un convenci\u00f3 para la realizaci\u00f3n de diversas actividades acad\u00e9micas, entre ellas charlas, cursos y seminarios.","robots":{"index":"index","follow":"follow","max-snippet":"max-snippet:-1","max-image-preview":"max-image-preview:large","max-video-preview":"max-video-preview:-1"},"canonical":"https:\/\/www.seal.com.gt\/seal-y-universidad-panamericana-firman-acuerdo-academico\/","og_locale":"en_US","og_type":"article","og_title":"SEAL\u00a0y Universidad Panamericana firman acuerdo acad\u00e9mico","og_description":"SEAL, Servicios Especializados de Aduana y Log\u00edstica, afianz\u00f3 sus acuerdos acad\u00e9micos\u00a0 con la Universidad Panamericana (UPANA) al firmar un convenci\u00f3 para la realizaci\u00f3n de diversas actividades acad\u00e9micas, entre ellas charlas, cursos y seminarios.","og_url":"https:\/\/www.seal.com.gt\/seal-y-universidad-panamericana-firman-acuerdo-academico\/","og_site_name":"SEAL","article_publisher":"https:\/\/www.facebook.com\/sealgt\/","article_published_time":"2022-04-07T14:28:23+00:00","article_modified_time":"2022-04-07T14:53:36+00:00","og_image":[{"width":765,"height":550,"url":"https:\/\/www.seal.com.gt\/wp-content\/uploads\/2022\/02\/Panamericana-y-SEAL.png","type":"image\/png"}],"author":"Carlos Fernandez","twitter_card":"summary_large_image","twitter_creator":"@SealGT","twitter_site":"@SealGT","twitter_misc":{"Written by":"Carlos Fernandez","Est. reading time":"2 minutes"},"schema":{"@context":"https:\/\/schema.org","@graph":[{"@type":"Article","@id":"https:\/\/www.seal.com.gt\/seal-y-universidad-panamericana-firman-acuerdo-academico\/#article","isPartOf":{"@id":"https:\/\/www.seal.com.gt\/seal-y-universidad-panamericana-firman-acuerdo-academico\/"},"author":{"name":"Carlos Fernandez","@id":"https:\/\/www.seal.com.gt\/en\/#\/schema\/person\/bdaade145a7d4c0e4e550ce8a3a8c9aa"},"headline":"SEAL\u00a0y Universidad Panamericana firman acuerdo acad\u00e9mico","datePublished":"2022-04-07T14:28:23+00:00","dateModified":"2022-04-07T14:53:36+00:00","mainEntityOfPage":{"@id":"https:\/\/www.seal.com.gt\/seal-y-universidad-panamericana-firman-acuerdo-academico\/"},"wordCount":253,"commentCount":0,"publisher":{"@id":"https:\/\/www.seal.com.gt\/en\/#organization"},"image":{"@id":"https:\/\/www.seal.com.gt\/seal-y-universidad-panamericana-firman-acuerdo-academico\/#primaryimage"},"thumbnailUrl":"https:\/\/seal.com.gt\/wp-content\/uploads\/2022\/02\/Panamericana-y-SEAL.png","keywords":["academia","capacitaci\u00f3n","comercio","cursos","log\u00edstica","mercados","SEAL","seminarios","servicios especializados de aduana y log\u00edstica","Universidad Panamericana"],"articleSection":["Blog"],"inLanguage":"en-US","potentialAction":[{"@type":"CommentAction","name":"Comment","target":["https:\/\/www.seal.com.gt\/seal-y-universidad-panamericana-firman-acuerdo-academico\/#respond"]}]},{"@type":"WebPage","@id":"https:\/\/www.seal.com.gt\/seal-y-universidad-panamericana-firman-acuerdo-academico\/","url":"https:\/\/www.seal.com.gt\/seal-y-universidad-panamericana-firman-acuerdo-academico\/","name":"SEAL\u00a0y Universidad Panamericana firman acuerdo acad\u00e9mico","isPartOf":{"@id":"https:\/\/www.seal.com.gt\/en\/#website"},"primaryImageOfPage":{"@id":"https:\/\/www.seal.com.gt\/seal-y-universidad-panamericana-firman-acuerdo-academico\/#primaryimage"},"image":{"@id":"https:\/\/www.seal.com.gt\/seal-y-universidad-panamericana-firman-acuerdo-academico\/#primaryimage"},"thumbnailUrl":"https:\/\/seal.com.gt\/wp-content\/uploads\/2022\/02\/Panamericana-y-SEAL.png","datePublished":"2022-04-07T14:28:23+00:00","dateModified":"2022-04-07T14:53:36+00:00","description":"SEAL, Servicios Especializados de Aduana y Log\u00edstica, afianz\u00f3 sus acuerdos acad\u00e9micos\u00a0 con la Universidad Panamericana (UPANA) al firmar un convenci\u00f3 para la realizaci\u00f3n de diversas actividades acad\u00e9micas, entre ellas charlas, cursos y seminarios.","breadcrumb":{"@id":"https:\/\/www.seal.com.gt\/seal-y-universidad-panamericana-firman-acuerdo-academico\/#breadcrumb"},"inLanguage":"en-US","potentialAction":[{"@type":"ReadAction","target":["https:\/\/www.seal.com.gt\/seal-y-universidad-panamericana-firman-acuerdo-academico\/"]}]},{"@type":"ImageObject","inLanguage":"en-US","@id":"https:\/\/www.seal.com.gt\/seal-y-universidad-panamericana-firman-acuerdo-academico\/#primaryimage","url":"https:\/\/seal.com.gt\/wp-content\/uploads\/2022\/02\/Panamericana-y-SEAL.png","contentUrl":"https:\/\/seal.com.gt\/wp-content\/uploads\/2022\/02\/Panamericana-y-SEAL.png","width":765,"height":550},{"@type":"BreadcrumbList","@id":"https:\/\/www.seal.com.gt\/seal-y-universidad-panamericana-firman-acuerdo-academico\/#breadcrumb","itemListElement":[{"@type":"ListItem","position":1,"name":"Portada","item":"https:\/\/seal.com.gt\/"},{"@type":"ListItem","position":2,"name":"SEAL\u00a0y Universidad Panamericana firman acuerdo acad\u00e9mico"}]},{"@type":"WebSite","@id":"https:\/\/www.seal.com.gt\/en\/#website","url":"https:\/\/www.seal.com.gt\/en\/","name":"SEAL","description":"Servicios especializados de aduana y log\u00edstica","publisher":{"@id":"https:\/\/www.seal.com.gt\/en\/#organization"},"potentialAction":[{"@type":"SearchAction","target":{"@type":"EntryPoint","urlTemplate":"https:\/\/www.seal.com.gt\/en\/?s={search_term_string}"},"query-input":{"@type":"PropertyValueSpecification","valueRequired":true,"valueName":"search_term_string"}}],"inLanguage":"en-US"},{"@type":"Organization","@id":"https:\/\/www.seal.com.gt\/en\/#organization","name":"Servicios Especializados de Aduana y Logistica","url":"https:\/\/www.seal.com.gt\/en\/","logo":{"@type":"ImageObject","inLanguage":"en-US","@id":"https:\/\/www.seal.com.gt\/en\/#\/schema\/logo\/image\/","url":"https:\/\/seal.com.gt\/wp-content\/uploads\/2019\/07\/seal-guatemala.png","contentUrl":"https:\/\/seal.com.gt\/wp-content\/uploads\/2019\/07\/seal-guatemala.png","width":110,"height":75,"caption":"Servicios Especializados de Aduana y Logistica"},"image":{"@id":"https:\/\/www.seal.com.gt\/en\/#\/schema\/logo\/image\/"},"sameAs":["https:\/\/www.facebook.com\/sealgt\/","https:\/\/x.com\/SealGT","https:\/\/www.instagram.com\/sealgt_\/","https:\/\/www.linkedin.com\/company\/sealgt\/","https:\/\/www.youtube.com\/channel\/UCR7Hlb1FvtE-_dX61LGES_w"]},{"@type":"Person","@id":"https:\/\/www.seal.com.gt\/en\/#\/schema\/person\/bdaade145a7d4c0e4e550ce8a3a8c9aa","name":"Carlos Fernandez","image":{"@type":"ImageObject","inLanguage":"en-US","@id":"https:\/\/secure.gravatar.com\/avatar\/58d46d11b3ee03e1c767195c40dc71152c0851754aaf267b52fcee7abb624f2b?s=96&d=mm&r=g","url":"https:\/\/secure.gravatar.com\/avatar\/58d46d11b3ee03e1c767195c40dc71152c0851754aaf267b52fcee7abb624f2b?s=96&d=mm&r=g","contentUrl":"https:\/\/secure.gravatar.com\/avatar\/58d46d11b3ee03e1c767195c40dc71152c0851754aaf267b52fcee7abb624f2b?s=96&d=mm&r=g","caption":"Carlos Fernandez"},"url":"https:\/\/seal.com.gt\/en\/author\/carlos-fernandez\/"}]}},"_links":{"self":[{"href":"https:\/\/seal.com.gt\/en\/wp-json\/wp\/v2\/posts\/1700","targetHints":{"allow":["GET"]}}],"collection":[{"href":"https:\/\/seal.com.gt\/en\/wp-json\/wp\/v2\/posts"}],"about":[{"href":"https:\/\/seal.com.gt\/en\/wp-json\/wp\/v2\/types\/post"}],"author":[{"embeddable":true,"href":"https:\/\/seal.com.gt\/en\/wp-json\/wp\/v2\/users\/9"}],"replies":[{"embeddable":true,"href":"https:\/\/seal.com.gt\/en\/wp-json\/wp\/v2\/comments?post=1700"}],"version-history":[{"count":0,"href":"https:\/\/seal.com.gt\/en\/wp-json\/wp\/v2\/posts\/1700\/revisions"}],"wp:featuredmedia":[{"embeddable":true,"href":"https:\/\/seal.com.gt\/en\/wp-json\/wp\/v2\/media\/1641"}],"wp:attachment":[{"href":"https:\/\/seal.com.gt\/en\/wp-json\/wp\/v2\/media?parent=1700"}],"wp:term":[{"taxonomy":"category","embeddable":true,"href":"https:\/\/seal.com.gt\/en\/wp-json\/wp\/v2\/categories?post=1700"},{"taxonomy":"post_tag","embeddable":true,"href":"https:\/\/seal.com.gt\/en\/wp-json\/wp\/v2\/tags?post=1700"}],"curies":[{"name":"wp","href":"https:\/\/api.w.org\/{rel}","templated":true}]}}