{"id":1714,"date":"2022-04-27T13:15:33","date_gmt":"2022-04-27T19:15:33","guid":{"rendered":"https:\/\/seal.com.gt\/?p=1714"},"modified":"2022-04-27T13:15:33","modified_gmt":"2022-04-27T19:15:33","slug":"guatemala-a-un-paso-de-firmar-tlc-con-israel","status":"publish","type":"post","link":"https:\/\/seal.com.gt\/en\/guatemala-a-un-paso-de-firmar-tlc-con-israel\/","title":{"rendered":"Guatemala a un paso de firmar TLC con Israel"},"content":{"rendered":"<p>A paso firme avanzan las negociaciones para concluir el acuerdo de comercio entre <a href=\"https:\/\/www.mascontainer.com\/desafio-innovar-para-el-desarrollo-de-guatemaladesafio-innovar-para-el-desarrollo-de-guatemala\/\" target=\"_blank\" rel=\"noopener\"><strong>Guatemala e Israel<\/strong><\/a>.<\/p>\n<p>Se trata de la segunda ronda de negociaci\u00f3n presencial luego de que las delegaciones guatemalteca e israel\u00ed se reunieran en <strong>Ciudad de Guatemala, en agosto de 2019, durante la primera reuni\u00f3n para negociar el acuerdo mencionado.<\/strong><\/p>\n<p>Firmar un acuerdo comercial con <strong>Israel es positivo para Guatemala<\/strong> ya que abrir\u00eda una nueva ventana de oportunidad para los productores e importadores guatemaltecos de frente al mercado asi\u00e1tico, en medio del proceso de transformaci\u00f3n econ\u00f3mica que vive el pa\u00eds.<\/p>\n<p><a href=\"https:\/\/seal.com.gt\/en\/\" target=\"_blank\" rel=\"noopener\"><strong>El representante de SEAL, Servicios Especializados de Aduana y Log\u00edstica, V\u00edctor L\u00f3pez,<\/strong><\/a> se\u00f1ala que en general los acuerdos comerciales han incrementado los flujos de comercio\u00a0 e inversiones en <strong>Guatemala<\/strong> y de paso ayudar fuertemente\u00a0 al desarrollo econ\u00f3mico y social y de ah\u00ed la importancia de conseguir\u00a0 un acuerdo con <strong>Israel.<\/strong><\/p>\n<p>Entre los temas analizados en las \u00faltimas negociaciones destacan un acuerdo de cooperaci\u00f3n y asistencia mutua en materia aduanera, lo que significa que\u00a0<strong> Guatemala tendr\u00e1 cooperaci\u00f3n y capacitaci\u00f3n t\u00e9cnica por parte de Israel.<\/strong><\/p>\n<h4><strong>Algunas cifras<\/strong><\/h4>\n<p>Seg\u00fan datos del <strong>Banco de Guatemala (BANGUAT)<\/strong>, a diciembre de 2021 las exportaciones guatemaltecas con destino a Israel sumaron US$22 millones\u00a0 y las importaciones\u00a0 desde Israel fueron de US$41 millones, inform\u00f3 el Ministerio de Econom\u00eda guatemalteco.<\/p>\n<p>De acuerdo con estad\u00edsticas elaboradas por la <strong>Direcci\u00f3n de Pol\u00edtica y An\u00e1lisis Econ\u00f3mico del Viceministerio de Integraci\u00f3n y Comercio Exterior del Ministerio de Econom\u00eda<\/strong>, entre los principales cinco productos que Guatemala exporta a Israel, se encuentran: cardamomo sin triturar, az\u00facar de ca\u00f1a o remolacha, caf\u00e9 oro, semillas de hortalizas y cardamomo triturado o pulverizado.<\/p>\n<p>Mientras que <strong>Guatemala compra o importa desde Israel:<\/strong> partes de aparatos auxiliares para calderas, herbicidas, chapas de aluminio con soporte de papel, herbicidas, aparatos auxiliares para calderas, y aparatos rociadores para agricultura, entre otros.<\/p>","protected":false},"excerpt":{"rendered":"<p>A paso firme avanzan las negociaciones para concluir el acuerdo de comercio entre Guatemala e Israel. Se trata de la segunda ronda de negociaci\u00f3n presencial luego de que las delegaciones guatemalteca e israel\u00ed se reunieran en Ciudad de Guatemala, en agosto de 2019, durante la primera reuni\u00f3n para negociar el acuerdo mencionado. Firmar un acuerdo [&hellip;]<\/p>\n","protected":false},"author":9,"featured_media":1715,"comment_status":"open","ping_status":"closed","sticky":false,"template":"","format":"standard","meta":{"footnotes":""},"categories":[1],"tags":[5,68,61,392,391,55,65,71,393,96],"class_list":["post-1714","post","type-post","status-publish","format-standard","has-post-thumbnail","hentry","category-blog","tag-aduana","tag-comercio-exterior","tag-guatemala","tag-israel","tag-negocios","tag-seal","tag-servicios-especializados-de-aduana-y-logistica","tag-tlc","tag-tratado-de-libre-comercio","tag-victor-lopez"],"yoast_head":"<!-- This site is optimized with the Yoast SEO plugin v27.5 - https:\/\/yoast.com\/product\/yoast-seo-wordpress\/ -->\n<title>Guatemala a un paso de firmar TLC con Israel<\/title>\n<meta name=\"description\" content=\"El representante de SEAL, Servicios Especializados de Aduana y Log\u00edstica, V\u00edctor L\u00f3pez, se\u00f1ala que en general los acuerdos comerciales han incrementado los flujos de comercio\u00a0 e inversiones en Guatemala y de paso ayudar fuertemente\u00a0 al desarrollo econ\u00f3mico y social y de ah\u00ed la importancia de conseguir\u00a0 un acuerdo con Israel.\" \/>\n<meta name=\"robots\" content=\"index, follow, max-snippet:-1, max-image-preview:large, max-video-preview:-1\" \/>\n<link rel=\"canonical\" href=\"https:\/\/www.seal.com.gt\/en\/guatemala-a-un-paso-de-firmar-tlc-con-israel\/\" \/>\n<meta property=\"og:locale\" content=\"en_US\" \/>\n<meta property=\"og:type\" content=\"article\" \/>\n<meta property=\"og:title\" content=\"Guatemala a un paso de firmar TLC con Israel\" \/>\n<meta property=\"og:description\" content=\"El representante de SEAL, Servicios Especializados de Aduana y Log\u00edstica, V\u00edctor L\u00f3pez, se\u00f1ala que en general los acuerdos comerciales han incrementado los flujos de comercio\u00a0 e inversiones en Guatemala y de paso ayudar fuertemente\u00a0 al desarrollo econ\u00f3mico y social y de ah\u00ed la importancia de conseguir\u00a0 un acuerdo con Israel.\" \/>\n<meta property=\"og:url\" content=\"https:\/\/www.seal.com.gt\/en\/guatemala-a-un-paso-de-firmar-tlc-con-israel\/\" \/>\n<meta property=\"og:site_name\" content=\"SEAL\" \/>\n<meta property=\"article:publisher\" content=\"https:\/\/www.facebook.com\/sealgt\/\" \/>\n<meta property=\"article:published_time\" content=\"2022-04-27T19:15:33+00:00\" \/>\n<meta property=\"og:image\" content=\"https:\/\/www.seal.com.gt\/wp-content\/uploads\/2022\/04\/israel-guatemala.png\" \/>\n\t<meta property=\"og:image:width\" content=\"765\" \/>\n\t<meta property=\"og:image:height\" content=\"550\" \/>\n\t<meta property=\"og:image:type\" content=\"image\/png\" \/>\n<meta name=\"author\" content=\"Carlos Fernandez\" \/>\n<meta name=\"twitter:card\" content=\"summary_large_image\" \/>\n<meta name=\"twitter:creator\" content=\"@SealGT\" \/>\n<meta name=\"twitter:site\" content=\"@SealGT\" \/>\n<meta name=\"twitter:label1\" content=\"Written by\" \/>\n\t<meta name=\"twitter:data1\" content=\"Carlos Fernandez\" \/>\n\t<meta name=\"twitter:label2\" content=\"Est. reading time\" \/>\n\t<meta name=\"twitter:data2\" content=\"2 minutes\" \/>\n<script type=\"application\/ld+json\" class=\"yoast-schema-graph\">{\"@context\":\"https:\\\/\\\/schema.org\",\"@graph\":[{\"@type\":\"Article\",\"@id\":\"https:\\\/\\\/www.seal.com.gt\\\/en\\\/guatemala-a-un-paso-de-firmar-tlc-con-israel\\\/#article\",\"isPartOf\":{\"@id\":\"https:\\\/\\\/www.seal.com.gt\\\/en\\\/guatemala-a-un-paso-de-firmar-tlc-con-israel\\\/\"},\"author\":{\"name\":\"Carlos Fernandez\",\"@id\":\"https:\\\/\\\/www.seal.com.gt\\\/en\\\/#\\\/schema\\\/person\\\/bdaade145a7d4c0e4e550ce8a3a8c9aa\"},\"headline\":\"Guatemala a un paso de firmar TLC con Israel\",\"datePublished\":\"2022-04-27T19:15:33+00:00\",\"mainEntityOfPage\":{\"@id\":\"https:\\\/\\\/www.seal.com.gt\\\/en\\\/guatemala-a-un-paso-de-firmar-tlc-con-israel\\\/\"},\"wordCount\":335,\"commentCount\":0,\"publisher\":{\"@id\":\"https:\\\/\\\/www.seal.com.gt\\\/en\\\/#organization\"},\"image\":{\"@id\":\"https:\\\/\\\/www.seal.com.gt\\\/en\\\/guatemala-a-un-paso-de-firmar-tlc-con-israel\\\/#primaryimage\"},\"thumbnailUrl\":\"https:\\\/\\\/seal.com.gt\\\/wp-content\\\/uploads\\\/2022\\\/04\\\/israel-guatemala.png\",\"keywords\":[\"aduana\",\"comercio exterior\",\"guatemala\",\"israel\",\"negocios\",\"SEAL\",\"servicios especializados de aduana y log\u00edstica\",\"TLC\",\"tratado de libre comercio}\",\"v\u00edctor l\u00f3pez\"],\"articleSection\":[\"Blog\"],\"inLanguage\":\"en-US\",\"potentialAction\":[{\"@type\":\"CommentAction\",\"name\":\"Comment\",\"target\":[\"https:\\\/\\\/www.seal.com.gt\\\/en\\\/guatemala-a-un-paso-de-firmar-tlc-con-israel\\\/#respond\"]}]},{\"@type\":\"WebPage\",\"@id\":\"https:\\\/\\\/www.seal.com.gt\\\/en\\\/guatemala-a-un-paso-de-firmar-tlc-con-israel\\\/\",\"url\":\"https:\\\/\\\/www.seal.com.gt\\\/en\\\/guatemala-a-un-paso-de-firmar-tlc-con-israel\\\/\",\"name\":\"Guatemala a un paso de firmar TLC con Israel\",\"isPartOf\":{\"@id\":\"https:\\\/\\\/www.seal.com.gt\\\/en\\\/#website\"},\"primaryImageOfPage\":{\"@id\":\"https:\\\/\\\/www.seal.com.gt\\\/en\\\/guatemala-a-un-paso-de-firmar-tlc-con-israel\\\/#primaryimage\"},\"image\":{\"@id\":\"https:\\\/\\\/www.seal.com.gt\\\/en\\\/guatemala-a-un-paso-de-firmar-tlc-con-israel\\\/#primaryimage\"},\"thumbnailUrl\":\"https:\\\/\\\/seal.com.gt\\\/wp-content\\\/uploads\\\/2022\\\/04\\\/israel-guatemala.png\",\"datePublished\":\"2022-04-27T19:15:33+00:00\",\"description\":\"El representante de SEAL, Servicios Especializados de Aduana y Log\u00edstica, V\u00edctor L\u00f3pez, se\u00f1ala que en general los acuerdos comerciales han incrementado los flujos de comercio\u00a0 e inversiones en Guatemala y de paso ayudar fuertemente\u00a0 al desarrollo econ\u00f3mico y social y de ah\u00ed la importancia de conseguir\u00a0 un acuerdo con Israel.\",\"breadcrumb\":{\"@id\":\"https:\\\/\\\/www.seal.com.gt\\\/en\\\/guatemala-a-un-paso-de-firmar-tlc-con-israel\\\/#breadcrumb\"},\"inLanguage\":\"en-US\",\"potentialAction\":[{\"@type\":\"ReadAction\",\"target\":[\"https:\\\/\\\/www.seal.com.gt\\\/en\\\/guatemala-a-un-paso-de-firmar-tlc-con-israel\\\/\"]}]},{\"@type\":\"ImageObject\",\"inLanguage\":\"en-US\",\"@id\":\"https:\\\/\\\/www.seal.com.gt\\\/en\\\/guatemala-a-un-paso-de-firmar-tlc-con-israel\\\/#primaryimage\",\"url\":\"https:\\\/\\\/seal.com.gt\\\/wp-content\\\/uploads\\\/2022\\\/04\\\/israel-guatemala.png\",\"contentUrl\":\"https:\\\/\\\/seal.com.gt\\\/wp-content\\\/uploads\\\/2022\\\/04\\\/israel-guatemala.png\",\"width\":765,\"height\":550},{\"@type\":\"BreadcrumbList\",\"@id\":\"https:\\\/\\\/www.seal.com.gt\\\/en\\\/guatemala-a-un-paso-de-firmar-tlc-con-israel\\\/#breadcrumb\",\"itemListElement\":[{\"@type\":\"ListItem\",\"position\":1,\"name\":\"Portada\",\"item\":\"https:\\\/\\\/seal.com.gt\\\/\"},{\"@type\":\"ListItem\",\"position\":2,\"name\":\"Guatemala a un paso de firmar TLC con Israel\"}]},{\"@type\":\"WebSite\",\"@id\":\"https:\\\/\\\/www.seal.com.gt\\\/en\\\/#website\",\"url\":\"https:\\\/\\\/www.seal.com.gt\\\/en\\\/\",\"name\":\"SEAL\",\"description\":\"Servicios especializados de aduana y log\u00edstica\",\"publisher\":{\"@id\":\"https:\\\/\\\/www.seal.com.gt\\\/en\\\/#organization\"},\"potentialAction\":[{\"@type\":\"SearchAction\",\"target\":{\"@type\":\"EntryPoint\",\"urlTemplate\":\"https:\\\/\\\/www.seal.com.gt\\\/en\\\/?s={search_term_string}\"},\"query-input\":{\"@type\":\"PropertyValueSpecification\",\"valueRequired\":true,\"valueName\":\"search_term_string\"}}],\"inLanguage\":\"en-US\"},{\"@type\":\"Organization\",\"@id\":\"https:\\\/\\\/www.seal.com.gt\\\/en\\\/#organization\",\"name\":\"Servicios Especializados de Aduana y Logistica\",\"url\":\"https:\\\/\\\/www.seal.com.gt\\\/en\\\/\",\"logo\":{\"@type\":\"ImageObject\",\"inLanguage\":\"en-US\",\"@id\":\"https:\\\/\\\/www.seal.com.gt\\\/en\\\/#\\\/schema\\\/logo\\\/image\\\/\",\"url\":\"https:\\\/\\\/seal.com.gt\\\/wp-content\\\/uploads\\\/2019\\\/07\\\/seal-guatemala.png\",\"contentUrl\":\"https:\\\/\\\/seal.com.gt\\\/wp-content\\\/uploads\\\/2019\\\/07\\\/seal-guatemala.png\",\"width\":110,\"height\":75,\"caption\":\"Servicios Especializados de Aduana y Logistica\"},\"image\":{\"@id\":\"https:\\\/\\\/www.seal.com.gt\\\/en\\\/#\\\/schema\\\/logo\\\/image\\\/\"},\"sameAs\":[\"https:\\\/\\\/www.facebook.com\\\/sealgt\\\/\",\"https:\\\/\\\/x.com\\\/SealGT\",\"https:\\\/\\\/www.instagram.com\\\/sealgt_\\\/\",\"https:\\\/\\\/www.linkedin.com\\\/company\\\/sealgt\\\/\",\"https:\\\/\\\/www.youtube.com\\\/channel\\\/UCR7Hlb1FvtE-_dX61LGES_w\"]},{\"@type\":\"Person\",\"@id\":\"https:\\\/\\\/www.seal.com.gt\\\/en\\\/#\\\/schema\\\/person\\\/bdaade145a7d4c0e4e550ce8a3a8c9aa\",\"name\":\"Carlos Fernandez\",\"image\":{\"@type\":\"ImageObject\",\"inLanguage\":\"en-US\",\"@id\":\"https:\\\/\\\/secure.gravatar.com\\\/avatar\\\/58d46d11b3ee03e1c767195c40dc71152c0851754aaf267b52fcee7abb624f2b?s=96&d=mm&r=g\",\"url\":\"https:\\\/\\\/secure.gravatar.com\\\/avatar\\\/58d46d11b3ee03e1c767195c40dc71152c0851754aaf267b52fcee7abb624f2b?s=96&d=mm&r=g\",\"contentUrl\":\"https:\\\/\\\/secure.gravatar.com\\\/avatar\\\/58d46d11b3ee03e1c767195c40dc71152c0851754aaf267b52fcee7abb624f2b?s=96&d=mm&r=g\",\"caption\":\"Carlos Fernandez\"},\"url\":\"https:\\\/\\\/seal.com.gt\\\/en\\\/author\\\/carlos-fernandez\\\/\"}]}<\/script>\n<!-- \/ Yoast SEO plugin. -->","yoast_head_json":{"title":"Guatemala a un paso de firmar TLC con Israel","description":"El representante de SEAL, Servicios Especializados de Aduana y Log\u00edstica, V\u00edctor L\u00f3pez, se\u00f1ala que en general los acuerdos comerciales han incrementado los flujos de comercio\u00a0 e inversiones en Guatemala y de paso ayudar fuertemente\u00a0 al desarrollo econ\u00f3mico y social y de ah\u00ed la importancia de conseguir\u00a0 un acuerdo con Israel.","robots":{"index":"index","follow":"follow","max-snippet":"max-snippet:-1","max-image-preview":"max-image-preview:large","max-video-preview":"max-video-preview:-1"},"canonical":"https:\/\/www.seal.com.gt\/en\/guatemala-a-un-paso-de-firmar-tlc-con-israel\/","og_locale":"en_US","og_type":"article","og_title":"Guatemala a un paso de firmar TLC con Israel","og_description":"El representante de SEAL, Servicios Especializados de Aduana y Log\u00edstica, V\u00edctor L\u00f3pez, se\u00f1ala que en general los acuerdos comerciales han incrementado los flujos de comercio\u00a0 e inversiones en Guatemala y de paso ayudar fuertemente\u00a0 al desarrollo econ\u00f3mico y social y de ah\u00ed la importancia de conseguir\u00a0 un acuerdo con Israel.","og_url":"https:\/\/www.seal.com.gt\/en\/guatemala-a-un-paso-de-firmar-tlc-con-israel\/","og_site_name":"SEAL","article_publisher":"https:\/\/www.facebook.com\/sealgt\/","article_published_time":"2022-04-27T19:15:33+00:00","og_image":[{"width":765,"height":550,"url":"https:\/\/www.seal.com.gt\/wp-content\/uploads\/2022\/04\/israel-guatemala.png","type":"image\/png"}],"author":"Carlos Fernandez","twitter_card":"summary_large_image","twitter_creator":"@SealGT","twitter_site":"@SealGT","twitter_misc":{"Written by":"Carlos Fernandez","Est. reading time":"2 minutes"},"schema":{"@context":"https:\/\/schema.org","@graph":[{"@type":"Article","@id":"https:\/\/www.seal.com.gt\/en\/guatemala-a-un-paso-de-firmar-tlc-con-israel\/#article","isPartOf":{"@id":"https:\/\/www.seal.com.gt\/en\/guatemala-a-un-paso-de-firmar-tlc-con-israel\/"},"author":{"name":"Carlos Fernandez","@id":"https:\/\/www.seal.com.gt\/en\/#\/schema\/person\/bdaade145a7d4c0e4e550ce8a3a8c9aa"},"headline":"Guatemala a un paso de firmar TLC con Israel","datePublished":"2022-04-27T19:15:33+00:00","mainEntityOfPage":{"@id":"https:\/\/www.seal.com.gt\/en\/guatemala-a-un-paso-de-firmar-tlc-con-israel\/"},"wordCount":335,"commentCount":0,"publisher":{"@id":"https:\/\/www.seal.com.gt\/en\/#organization"},"image":{"@id":"https:\/\/www.seal.com.gt\/en\/guatemala-a-un-paso-de-firmar-tlc-con-israel\/#primaryimage"},"thumbnailUrl":"https:\/\/seal.com.gt\/wp-content\/uploads\/2022\/04\/israel-guatemala.png","keywords":["aduana","comercio exterior","guatemala","israel","negocios","SEAL","servicios especializados de aduana y log\u00edstica","TLC","tratado de libre comercio}","v\u00edctor l\u00f3pez"],"articleSection":["Blog"],"inLanguage":"en-US","potentialAction":[{"@type":"CommentAction","name":"Comment","target":["https:\/\/www.seal.com.gt\/en\/guatemala-a-un-paso-de-firmar-tlc-con-israel\/#respond"]}]},{"@type":"WebPage","@id":"https:\/\/www.seal.com.gt\/en\/guatemala-a-un-paso-de-firmar-tlc-con-israel\/","url":"https:\/\/www.seal.com.gt\/en\/guatemala-a-un-paso-de-firmar-tlc-con-israel\/","name":"Guatemala a un paso de firmar TLC con Israel","isPartOf":{"@id":"https:\/\/www.seal.com.gt\/en\/#website"},"primaryImageOfPage":{"@id":"https:\/\/www.seal.com.gt\/en\/guatemala-a-un-paso-de-firmar-tlc-con-israel\/#primaryimage"},"image":{"@id":"https:\/\/www.seal.com.gt\/en\/guatemala-a-un-paso-de-firmar-tlc-con-israel\/#primaryimage"},"thumbnailUrl":"https:\/\/seal.com.gt\/wp-content\/uploads\/2022\/04\/israel-guatemala.png","datePublished":"2022-04-27T19:15:33+00:00","description":"El representante de SEAL, Servicios Especializados de Aduana y Log\u00edstica, V\u00edctor L\u00f3pez, se\u00f1ala que en general los acuerdos comerciales han incrementado los flujos de comercio\u00a0 e inversiones en Guatemala y de paso ayudar fuertemente\u00a0 al desarrollo econ\u00f3mico y social y de ah\u00ed la importancia de conseguir\u00a0 un acuerdo con Israel.","breadcrumb":{"@id":"https:\/\/www.seal.com.gt\/en\/guatemala-a-un-paso-de-firmar-tlc-con-israel\/#breadcrumb"},"inLanguage":"en-US","potentialAction":[{"@type":"ReadAction","target":["https:\/\/www.seal.com.gt\/en\/guatemala-a-un-paso-de-firmar-tlc-con-israel\/"]}]},{"@type":"ImageObject","inLanguage":"en-US","@id":"https:\/\/www.seal.com.gt\/en\/guatemala-a-un-paso-de-firmar-tlc-con-israel\/#primaryimage","url":"https:\/\/seal.com.gt\/wp-content\/uploads\/2022\/04\/israel-guatemala.png","contentUrl":"https:\/\/seal.com.gt\/wp-content\/uploads\/2022\/04\/israel-guatemala.png","width":765,"height":550},{"@type":"BreadcrumbList","@id":"https:\/\/www.seal.com.gt\/en\/guatemala-a-un-paso-de-firmar-tlc-con-israel\/#breadcrumb","itemListElement":[{"@type":"ListItem","position":1,"name":"Portada","item":"https:\/\/seal.com.gt\/"},{"@type":"ListItem","position":2,"name":"Guatemala a un paso de firmar TLC con Israel"}]},{"@type":"WebSite","@id":"https:\/\/www.seal.com.gt\/en\/#website","url":"https:\/\/www.seal.com.gt\/en\/","name":"SEAL","description":"Servicios especializados de aduana y log\u00edstica","publisher":{"@id":"https:\/\/www.seal.com.gt\/en\/#organization"},"potentialAction":[{"@type":"SearchAction","target":{"@type":"EntryPoint","urlTemplate":"https:\/\/www.seal.com.gt\/en\/?s={search_term_string}"},"query-input":{"@type":"PropertyValueSpecification","valueRequired":true,"valueName":"search_term_string"}}],"inLanguage":"en-US"},{"@type":"Organization","@id":"https:\/\/www.seal.com.gt\/en\/#organization","name":"Servicios Especializados de Aduana y Logistica","url":"https:\/\/www.seal.com.gt\/en\/","logo":{"@type":"ImageObject","inLanguage":"en-US","@id":"https:\/\/www.seal.com.gt\/en\/#\/schema\/logo\/image\/","url":"https:\/\/seal.com.gt\/wp-content\/uploads\/2019\/07\/seal-guatemala.png","contentUrl":"https:\/\/seal.com.gt\/wp-content\/uploads\/2019\/07\/seal-guatemala.png","width":110,"height":75,"caption":"Servicios Especializados de Aduana y Logistica"},"image":{"@id":"https:\/\/www.seal.com.gt\/en\/#\/schema\/logo\/image\/"},"sameAs":["https:\/\/www.facebook.com\/sealgt\/","https:\/\/x.com\/SealGT","https:\/\/www.instagram.com\/sealgt_\/","https:\/\/www.linkedin.com\/company\/sealgt\/","https:\/\/www.youtube.com\/channel\/UCR7Hlb1FvtE-_dX61LGES_w"]},{"@type":"Person","@id":"https:\/\/www.seal.com.gt\/en\/#\/schema\/person\/bdaade145a7d4c0e4e550ce8a3a8c9aa","name":"Carlos Fernandez","image":{"@type":"ImageObject","inLanguage":"en-US","@id":"https:\/\/secure.gravatar.com\/avatar\/58d46d11b3ee03e1c767195c40dc71152c0851754aaf267b52fcee7abb624f2b?s=96&d=mm&r=g","url":"https:\/\/secure.gravatar.com\/avatar\/58d46d11b3ee03e1c767195c40dc71152c0851754aaf267b52fcee7abb624f2b?s=96&d=mm&r=g","contentUrl":"https:\/\/secure.gravatar.com\/avatar\/58d46d11b3ee03e1c767195c40dc71152c0851754aaf267b52fcee7abb624f2b?s=96&d=mm&r=g","caption":"Carlos Fernandez"},"url":"https:\/\/seal.com.gt\/en\/author\/carlos-fernandez\/"}]}},"_links":{"self":[{"href":"https:\/\/seal.com.gt\/en\/wp-json\/wp\/v2\/posts\/1714","targetHints":{"allow":["GET"]}}],"collection":[{"href":"https:\/\/seal.com.gt\/en\/wp-json\/wp\/v2\/posts"}],"about":[{"href":"https:\/\/seal.com.gt\/en\/wp-json\/wp\/v2\/types\/post"}],"author":[{"embeddable":true,"href":"https:\/\/seal.com.gt\/en\/wp-json\/wp\/v2\/users\/9"}],"replies":[{"embeddable":true,"href":"https:\/\/seal.com.gt\/en\/wp-json\/wp\/v2\/comments?post=1714"}],"version-history":[{"count":0,"href":"https:\/\/seal.com.gt\/en\/wp-json\/wp\/v2\/posts\/1714\/revisions"}],"wp:featuredmedia":[{"embeddable":true,"href":"https:\/\/seal.com.gt\/en\/wp-json\/wp\/v2\/media\/1715"}],"wp:attachment":[{"href":"https:\/\/seal.com.gt\/en\/wp-json\/wp\/v2\/media?parent=1714"}],"wp:term":[{"taxonomy":"category","embeddable":true,"href":"https:\/\/seal.com.gt\/en\/wp-json\/wp\/v2\/categories?post=1714"},{"taxonomy":"post_tag","embeddable":true,"href":"https:\/\/seal.com.gt\/en\/wp-json\/wp\/v2\/tags?post=1714"}],"curies":[{"name":"wp","href":"https:\/\/api.w.org\/{rel}","templated":true}]}}