{"id":1891,"date":"2022-07-29T14:30:18","date_gmt":"2022-07-29T20:30:18","guid":{"rendered":"https:\/\/seal.com.gt\/?p=1891"},"modified":"2022-07-29T14:30:18","modified_gmt":"2022-07-29T20:30:18","slug":"guatemala-y-el-salvador-fortalecen-relaciones-economicas","status":"publish","type":"post","link":"https:\/\/seal.com.gt\/en\/guatemala-y-el-salvador-fortalecen-relaciones-economicas\/","title":{"rendered":"Guatemala y El Salvador fortalecen relaciones econ\u00f3micas"},"content":{"rendered":"<p>El<a href=\"https:\/\/seal.com.gt\/en\/guatemala-busca-afianzar-sus-relaciones-economicas-con-panama\/\" target=\"_blank\" rel=\"noopener\"><strong> ministro de Econom\u00eda, Janio Rosales,<\/strong><\/a> sostuvo una reuni\u00f3n con la ministra de Econom\u00eda de El Salvador, Maria Luisa Hayem y su equipo t\u00e9cnico, en donde tuvo la oportunidad de compartir las experiencias de Guatemala en la ejecuci\u00f3n de sus planes y estrategias desde el Ministerio de Econom\u00eda.<\/p>\n<p>Durante la charla, el ministro Rosales enfatiz\u00f3 sobre el crecimiento econ\u00f3mico alcanzado por Guatemala en el 2021, el logro de las estrategias de atracci\u00f3n de inversiones y los sectores econ\u00f3micos que muestran m\u00e1s dinamismo en la consecuci\u00f3n de inversiones<strong> para el pa\u00eds. Asimismo, habl\u00f3 del \u00e9xito alcanzado con la agenda econ\u00f3mica-legislativa.<\/strong><\/p>\n<p>Estas acciones, dijo el ministro, fortalecen el marco regulatorio para el crecimiento econ\u00f3mico y posicionan a <strong><a href=\"https:\/\/seal.com.gt\/en\/\" target=\"_blank\" rel=\"noopener\">Guatemala como un destino deseable para las inversiones<\/a>,<\/strong> pero, adem\u00e1s, constituyen un pilar importante y referente para la regi\u00f3n.<\/p>\n<p>Cabe destacar que esta reuni\u00f3n permiti\u00f3 estrechar la relaci\u00f3n con El Salvador, ya que se discutieron temas en la agenda de comercio de inter\u00e9s no solo dentro de la relaci\u00f3n bilateral, sino tambi\u00e9n para la integraci\u00f3n profunda e integraci\u00f3n centroamericana.<\/p>\n<p>La hoja de ruta incluye temas de discusi\u00f3n relativos a la normativa y procedimientos armonizados a nivel centroamericano en materia aduanera<strong> aplicable a las operaciones de comercio exterior (CAUCA) y su Reglamento (RECAUCA)<\/strong> con la finalidad de seguir consolidando el comercio regional, as\u00ed como temas en el contexto del reglamento de tr\u00e1nsito para agilizar el paso en los puestos fronterizos. Al respecto, se enfatiz\u00f3 en que los equipos t\u00e9cnicos deber\u00e1n avanzar en el marco de Facilitaci\u00f3n de Comercio.<\/p>\n<p>Durante la reuni\u00f3n, adem\u00e1s de la viceministra de Integraci\u00f3n y Comercio Exterior de Guatemala, Mar\u00eda Luisa Flores y el titular de<strong> SIECA, Francisco Lima, estuvieron presentes personal de la Direcci\u00f3n de An\u00e1lisis Econ\u00f3mico y del Programa Nacional para la Competitividad (Pronacom).<\/strong><\/p>\n<p>Adem\u00e1s de los temas mencionados, la agenda contempl\u00f3 otros puntos de trabajo de seguimiento dentro del <strong>Consejo de Ministros de Integraci\u00f3n Econ\u00f3mica (COMIECO)<\/strong> tales como: la Reuni\u00f3n Regional de Comit\u00e9s Nacionales de Facilitaci\u00f3n de Comercio, la actualizaci\u00f3n de la Estrategia Centroamericana de Facilitaci\u00f3n de Competitividad y plan de implementaci\u00f3n y la coordinaci\u00f3n de las aduanas para la implementaci\u00f3n del Plan de Acci\u00f3n del Estudio de Tiempo de Despacho (ETD).<\/p>","protected":false},"excerpt":{"rendered":"<p>El ministro de Econom\u00eda, Janio Rosales, sostuvo una reuni\u00f3n con la ministra de Econom\u00eda de El Salvador, Maria Luisa Hayem y su equipo t\u00e9cnico, en donde tuvo la oportunidad de compartir las experiencias de Guatemala en la ejecuci\u00f3n de sus planes y estrategias desde el Ministerio de Econom\u00eda. Durante la charla, el ministro Rosales enfatiz\u00f3 [&hellip;]<\/p>\n","protected":false},"author":9,"featured_media":1892,"comment_status":"open","ping_status":"closed","sticky":false,"template":"","format":"standard","meta":{"footnotes":""},"categories":[1],"tags":[5,112,62,59,68,69,61,56,55,65],"class_list":["post-1891","post","type-post","status-publish","format-standard","has-post-thumbnail","hentry","category-blog","tag-aduana","tag-aduanas","tag-centroamerica","tag-comercio","tag-comercio-exterior","tag-comercio-internacional","tag-guatemala","tag-logistica","tag-seal","tag-servicios-especializados-de-aduana-y-logistica"],"yoast_head":"<!-- This site is optimized with the Yoast SEO plugin v27.5 - https:\/\/yoast.com\/product\/yoast-seo-wordpress\/ -->\n<title>Guatemala y El Salvador fortalecen relaciones econ\u00f3micas<\/title>\n<meta name=\"description\" content=\"Guatemala es un destino deseable para las inversiones de los pa\u00edses vecinos y del mundo en general indic\u00f3 el Secretario de Estado.\" \/>\n<meta name=\"robots\" content=\"index, follow, max-snippet:-1, max-image-preview:large, max-video-preview:-1\" \/>\n<link rel=\"canonical\" href=\"https:\/\/www.seal.com.gt\/guatemala-y-el-salvador-fortalecen-relaciones-economicas\/\" \/>\n<meta property=\"og:locale\" content=\"en_US\" \/>\n<meta property=\"og:type\" content=\"article\" \/>\n<meta property=\"og:title\" content=\"Guatemala y El Salvador fortalecen relaciones econ\u00f3micas\" \/>\n<meta property=\"og:description\" content=\"Guatemala es un destino deseable para las inversiones de los pa\u00edses vecinos y del mundo en general indic\u00f3 el Secretario de Estado.\" \/>\n<meta property=\"og:url\" content=\"https:\/\/www.seal.com.gt\/guatemala-y-el-salvador-fortalecen-relaciones-economicas\/\" \/>\n<meta property=\"og:site_name\" content=\"SEAL\" \/>\n<meta property=\"article:publisher\" content=\"https:\/\/www.facebook.com\/sealgt\/\" \/>\n<meta property=\"article:published_time\" content=\"2022-07-29T20:30:18+00:00\" \/>\n<meta property=\"og:image\" content=\"https:\/\/www.seal.com.gt\/wp-content\/uploads\/2022\/07\/guatemala-el-salvador.png\" \/>\n\t<meta property=\"og:image:width\" content=\"765\" \/>\n\t<meta property=\"og:image:height\" content=\"550\" \/>\n\t<meta property=\"og:image:type\" content=\"image\/png\" \/>\n<meta name=\"author\" content=\"Carlos Fernandez\" \/>\n<meta name=\"twitter:card\" content=\"summary_large_image\" \/>\n<meta name=\"twitter:creator\" content=\"@SealGT\" \/>\n<meta name=\"twitter:site\" content=\"@SealGT\" \/>\n<meta name=\"twitter:label1\" content=\"Written by\" \/>\n\t<meta name=\"twitter:data1\" content=\"Carlos Fernandez\" \/>\n\t<meta name=\"twitter:label2\" content=\"Est. reading time\" \/>\n\t<meta name=\"twitter:data2\" content=\"2 minutes\" \/>\n<script type=\"application\/ld+json\" class=\"yoast-schema-graph\">{\"@context\":\"https:\\\/\\\/schema.org\",\"@graph\":[{\"@type\":\"Article\",\"@id\":\"https:\\\/\\\/www.seal.com.gt\\\/guatemala-y-el-salvador-fortalecen-relaciones-economicas\\\/#article\",\"isPartOf\":{\"@id\":\"https:\\\/\\\/www.seal.com.gt\\\/guatemala-y-el-salvador-fortalecen-relaciones-economicas\\\/\"},\"author\":{\"name\":\"Carlos Fernandez\",\"@id\":\"https:\\\/\\\/www.seal.com.gt\\\/en\\\/#\\\/schema\\\/person\\\/bdaade145a7d4c0e4e550ce8a3a8c9aa\"},\"headline\":\"Guatemala y El Salvador fortalecen relaciones econ\u00f3micas\",\"datePublished\":\"2022-07-29T20:30:18+00:00\",\"mainEntityOfPage\":{\"@id\":\"https:\\\/\\\/www.seal.com.gt\\\/guatemala-y-el-salvador-fortalecen-relaciones-economicas\\\/\"},\"wordCount\":416,\"commentCount\":0,\"publisher\":{\"@id\":\"https:\\\/\\\/www.seal.com.gt\\\/en\\\/#organization\"},\"image\":{\"@id\":\"https:\\\/\\\/www.seal.com.gt\\\/guatemala-y-el-salvador-fortalecen-relaciones-economicas\\\/#primaryimage\"},\"thumbnailUrl\":\"https:\\\/\\\/seal.com.gt\\\/wp-content\\\/uploads\\\/2022\\\/07\\\/guatemala-el-salvador.png\",\"keywords\":[\"aduana\",\"aduanas\",\"centroam\u00e9rica\",\"comercio\",\"comercio exterior\",\"comercio internacional\",\"guatemala\",\"log\u00edstica\",\"SEAL\",\"servicios especializados de aduana y log\u00edstica\"],\"articleSection\":[\"Blog\"],\"inLanguage\":\"en-US\",\"potentialAction\":[{\"@type\":\"CommentAction\",\"name\":\"Comment\",\"target\":[\"https:\\\/\\\/www.seal.com.gt\\\/guatemala-y-el-salvador-fortalecen-relaciones-economicas\\\/#respond\"]}]},{\"@type\":\"WebPage\",\"@id\":\"https:\\\/\\\/www.seal.com.gt\\\/guatemala-y-el-salvador-fortalecen-relaciones-economicas\\\/\",\"url\":\"https:\\\/\\\/www.seal.com.gt\\\/guatemala-y-el-salvador-fortalecen-relaciones-economicas\\\/\",\"name\":\"Guatemala y El Salvador fortalecen relaciones econ\u00f3micas\",\"isPartOf\":{\"@id\":\"https:\\\/\\\/www.seal.com.gt\\\/en\\\/#website\"},\"primaryImageOfPage\":{\"@id\":\"https:\\\/\\\/www.seal.com.gt\\\/guatemala-y-el-salvador-fortalecen-relaciones-economicas\\\/#primaryimage\"},\"image\":{\"@id\":\"https:\\\/\\\/www.seal.com.gt\\\/guatemala-y-el-salvador-fortalecen-relaciones-economicas\\\/#primaryimage\"},\"thumbnailUrl\":\"https:\\\/\\\/seal.com.gt\\\/wp-content\\\/uploads\\\/2022\\\/07\\\/guatemala-el-salvador.png\",\"datePublished\":\"2022-07-29T20:30:18+00:00\",\"description\":\"Guatemala es un destino deseable para las inversiones de los pa\u00edses vecinos y del mundo en general indic\u00f3 el Secretario de Estado.\",\"breadcrumb\":{\"@id\":\"https:\\\/\\\/www.seal.com.gt\\\/guatemala-y-el-salvador-fortalecen-relaciones-economicas\\\/#breadcrumb\"},\"inLanguage\":\"en-US\",\"potentialAction\":[{\"@type\":\"ReadAction\",\"target\":[\"https:\\\/\\\/www.seal.com.gt\\\/guatemala-y-el-salvador-fortalecen-relaciones-economicas\\\/\"]}]},{\"@type\":\"ImageObject\",\"inLanguage\":\"en-US\",\"@id\":\"https:\\\/\\\/www.seal.com.gt\\\/guatemala-y-el-salvador-fortalecen-relaciones-economicas\\\/#primaryimage\",\"url\":\"https:\\\/\\\/seal.com.gt\\\/wp-content\\\/uploads\\\/2022\\\/07\\\/guatemala-el-salvador.png\",\"contentUrl\":\"https:\\\/\\\/seal.com.gt\\\/wp-content\\\/uploads\\\/2022\\\/07\\\/guatemala-el-salvador.png\",\"width\":765,\"height\":550},{\"@type\":\"BreadcrumbList\",\"@id\":\"https:\\\/\\\/www.seal.com.gt\\\/guatemala-y-el-salvador-fortalecen-relaciones-economicas\\\/#breadcrumb\",\"itemListElement\":[{\"@type\":\"ListItem\",\"position\":1,\"name\":\"Portada\",\"item\":\"https:\\\/\\\/seal.com.gt\\\/\"},{\"@type\":\"ListItem\",\"position\":2,\"name\":\"Guatemala y El Salvador fortalecen relaciones econ\u00f3micas\"}]},{\"@type\":\"WebSite\",\"@id\":\"https:\\\/\\\/www.seal.com.gt\\\/en\\\/#website\",\"url\":\"https:\\\/\\\/www.seal.com.gt\\\/en\\\/\",\"name\":\"SEAL\",\"description\":\"Servicios especializados de aduana y log\u00edstica\",\"publisher\":{\"@id\":\"https:\\\/\\\/www.seal.com.gt\\\/en\\\/#organization\"},\"potentialAction\":[{\"@type\":\"SearchAction\",\"target\":{\"@type\":\"EntryPoint\",\"urlTemplate\":\"https:\\\/\\\/www.seal.com.gt\\\/en\\\/?s={search_term_string}\"},\"query-input\":{\"@type\":\"PropertyValueSpecification\",\"valueRequired\":true,\"valueName\":\"search_term_string\"}}],\"inLanguage\":\"en-US\"},{\"@type\":\"Organization\",\"@id\":\"https:\\\/\\\/www.seal.com.gt\\\/en\\\/#organization\",\"name\":\"Servicios Especializados de Aduana y Logistica\",\"url\":\"https:\\\/\\\/www.seal.com.gt\\\/en\\\/\",\"logo\":{\"@type\":\"ImageObject\",\"inLanguage\":\"en-US\",\"@id\":\"https:\\\/\\\/www.seal.com.gt\\\/en\\\/#\\\/schema\\\/logo\\\/image\\\/\",\"url\":\"https:\\\/\\\/seal.com.gt\\\/wp-content\\\/uploads\\\/2019\\\/07\\\/seal-guatemala.png\",\"contentUrl\":\"https:\\\/\\\/seal.com.gt\\\/wp-content\\\/uploads\\\/2019\\\/07\\\/seal-guatemala.png\",\"width\":110,\"height\":75,\"caption\":\"Servicios Especializados de Aduana y Logistica\"},\"image\":{\"@id\":\"https:\\\/\\\/www.seal.com.gt\\\/en\\\/#\\\/schema\\\/logo\\\/image\\\/\"},\"sameAs\":[\"https:\\\/\\\/www.facebook.com\\\/sealgt\\\/\",\"https:\\\/\\\/x.com\\\/SealGT\",\"https:\\\/\\\/www.instagram.com\\\/sealgt_\\\/\",\"https:\\\/\\\/www.linkedin.com\\\/company\\\/sealgt\\\/\",\"https:\\\/\\\/www.youtube.com\\\/channel\\\/UCR7Hlb1FvtE-_dX61LGES_w\"]},{\"@type\":\"Person\",\"@id\":\"https:\\\/\\\/www.seal.com.gt\\\/en\\\/#\\\/schema\\\/person\\\/bdaade145a7d4c0e4e550ce8a3a8c9aa\",\"name\":\"Carlos Fernandez\",\"image\":{\"@type\":\"ImageObject\",\"inLanguage\":\"en-US\",\"@id\":\"https:\\\/\\\/secure.gravatar.com\\\/avatar\\\/58d46d11b3ee03e1c767195c40dc71152c0851754aaf267b52fcee7abb624f2b?s=96&d=mm&r=g\",\"url\":\"https:\\\/\\\/secure.gravatar.com\\\/avatar\\\/58d46d11b3ee03e1c767195c40dc71152c0851754aaf267b52fcee7abb624f2b?s=96&d=mm&r=g\",\"contentUrl\":\"https:\\\/\\\/secure.gravatar.com\\\/avatar\\\/58d46d11b3ee03e1c767195c40dc71152c0851754aaf267b52fcee7abb624f2b?s=96&d=mm&r=g\",\"caption\":\"Carlos Fernandez\"},\"url\":\"https:\\\/\\\/seal.com.gt\\\/en\\\/author\\\/carlos-fernandez\\\/\"}]}<\/script>\n<!-- \/ Yoast SEO plugin. -->","yoast_head_json":{"title":"Guatemala y El Salvador fortalecen relaciones econ\u00f3micas","description":"Guatemala es un destino deseable para las inversiones de los pa\u00edses vecinos y del mundo en general indic\u00f3 el Secretario de Estado.","robots":{"index":"index","follow":"follow","max-snippet":"max-snippet:-1","max-image-preview":"max-image-preview:large","max-video-preview":"max-video-preview:-1"},"canonical":"https:\/\/www.seal.com.gt\/guatemala-y-el-salvador-fortalecen-relaciones-economicas\/","og_locale":"en_US","og_type":"article","og_title":"Guatemala y El Salvador fortalecen relaciones econ\u00f3micas","og_description":"Guatemala es un destino deseable para las inversiones de los pa\u00edses vecinos y del mundo en general indic\u00f3 el Secretario de Estado.","og_url":"https:\/\/www.seal.com.gt\/guatemala-y-el-salvador-fortalecen-relaciones-economicas\/","og_site_name":"SEAL","article_publisher":"https:\/\/www.facebook.com\/sealgt\/","article_published_time":"2022-07-29T20:30:18+00:00","og_image":[{"width":765,"height":550,"url":"https:\/\/www.seal.com.gt\/wp-content\/uploads\/2022\/07\/guatemala-el-salvador.png","type":"image\/png"}],"author":"Carlos Fernandez","twitter_card":"summary_large_image","twitter_creator":"@SealGT","twitter_site":"@SealGT","twitter_misc":{"Written by":"Carlos Fernandez","Est. reading time":"2 minutes"},"schema":{"@context":"https:\/\/schema.org","@graph":[{"@type":"Article","@id":"https:\/\/www.seal.com.gt\/guatemala-y-el-salvador-fortalecen-relaciones-economicas\/#article","isPartOf":{"@id":"https:\/\/www.seal.com.gt\/guatemala-y-el-salvador-fortalecen-relaciones-economicas\/"},"author":{"name":"Carlos Fernandez","@id":"https:\/\/www.seal.com.gt\/en\/#\/schema\/person\/bdaade145a7d4c0e4e550ce8a3a8c9aa"},"headline":"Guatemala y El Salvador fortalecen relaciones econ\u00f3micas","datePublished":"2022-07-29T20:30:18+00:00","mainEntityOfPage":{"@id":"https:\/\/www.seal.com.gt\/guatemala-y-el-salvador-fortalecen-relaciones-economicas\/"},"wordCount":416,"commentCount":0,"publisher":{"@id":"https:\/\/www.seal.com.gt\/en\/#organization"},"image":{"@id":"https:\/\/www.seal.com.gt\/guatemala-y-el-salvador-fortalecen-relaciones-economicas\/#primaryimage"},"thumbnailUrl":"https:\/\/seal.com.gt\/wp-content\/uploads\/2022\/07\/guatemala-el-salvador.png","keywords":["aduana","aduanas","centroam\u00e9rica","comercio","comercio exterior","comercio internacional","guatemala","log\u00edstica","SEAL","servicios especializados de aduana y log\u00edstica"],"articleSection":["Blog"],"inLanguage":"en-US","potentialAction":[{"@type":"CommentAction","name":"Comment","target":["https:\/\/www.seal.com.gt\/guatemala-y-el-salvador-fortalecen-relaciones-economicas\/#respond"]}]},{"@type":"WebPage","@id":"https:\/\/www.seal.com.gt\/guatemala-y-el-salvador-fortalecen-relaciones-economicas\/","url":"https:\/\/www.seal.com.gt\/guatemala-y-el-salvador-fortalecen-relaciones-economicas\/","name":"Guatemala y El Salvador fortalecen relaciones econ\u00f3micas","isPartOf":{"@id":"https:\/\/www.seal.com.gt\/en\/#website"},"primaryImageOfPage":{"@id":"https:\/\/www.seal.com.gt\/guatemala-y-el-salvador-fortalecen-relaciones-economicas\/#primaryimage"},"image":{"@id":"https:\/\/www.seal.com.gt\/guatemala-y-el-salvador-fortalecen-relaciones-economicas\/#primaryimage"},"thumbnailUrl":"https:\/\/seal.com.gt\/wp-content\/uploads\/2022\/07\/guatemala-el-salvador.png","datePublished":"2022-07-29T20:30:18+00:00","description":"Guatemala es un destino deseable para las inversiones de los pa\u00edses vecinos y del mundo en general indic\u00f3 el Secretario de Estado.","breadcrumb":{"@id":"https:\/\/www.seal.com.gt\/guatemala-y-el-salvador-fortalecen-relaciones-economicas\/#breadcrumb"},"inLanguage":"en-US","potentialAction":[{"@type":"ReadAction","target":["https:\/\/www.seal.com.gt\/guatemala-y-el-salvador-fortalecen-relaciones-economicas\/"]}]},{"@type":"ImageObject","inLanguage":"en-US","@id":"https:\/\/www.seal.com.gt\/guatemala-y-el-salvador-fortalecen-relaciones-economicas\/#primaryimage","url":"https:\/\/seal.com.gt\/wp-content\/uploads\/2022\/07\/guatemala-el-salvador.png","contentUrl":"https:\/\/seal.com.gt\/wp-content\/uploads\/2022\/07\/guatemala-el-salvador.png","width":765,"height":550},{"@type":"BreadcrumbList","@id":"https:\/\/www.seal.com.gt\/guatemala-y-el-salvador-fortalecen-relaciones-economicas\/#breadcrumb","itemListElement":[{"@type":"ListItem","position":1,"name":"Portada","item":"https:\/\/seal.com.gt\/"},{"@type":"ListItem","position":2,"name":"Guatemala y El Salvador fortalecen relaciones econ\u00f3micas"}]},{"@type":"WebSite","@id":"https:\/\/www.seal.com.gt\/en\/#website","url":"https:\/\/www.seal.com.gt\/en\/","name":"SEAL","description":"Servicios especializados de aduana y log\u00edstica","publisher":{"@id":"https:\/\/www.seal.com.gt\/en\/#organization"},"potentialAction":[{"@type":"SearchAction","target":{"@type":"EntryPoint","urlTemplate":"https:\/\/www.seal.com.gt\/en\/?s={search_term_string}"},"query-input":{"@type":"PropertyValueSpecification","valueRequired":true,"valueName":"search_term_string"}}],"inLanguage":"en-US"},{"@type":"Organization","@id":"https:\/\/www.seal.com.gt\/en\/#organization","name":"Servicios Especializados de Aduana y Logistica","url":"https:\/\/www.seal.com.gt\/en\/","logo":{"@type":"ImageObject","inLanguage":"en-US","@id":"https:\/\/www.seal.com.gt\/en\/#\/schema\/logo\/image\/","url":"https:\/\/seal.com.gt\/wp-content\/uploads\/2019\/07\/seal-guatemala.png","contentUrl":"https:\/\/seal.com.gt\/wp-content\/uploads\/2019\/07\/seal-guatemala.png","width":110,"height":75,"caption":"Servicios Especializados de Aduana y Logistica"},"image":{"@id":"https:\/\/www.seal.com.gt\/en\/#\/schema\/logo\/image\/"},"sameAs":["https:\/\/www.facebook.com\/sealgt\/","https:\/\/x.com\/SealGT","https:\/\/www.instagram.com\/sealgt_\/","https:\/\/www.linkedin.com\/company\/sealgt\/","https:\/\/www.youtube.com\/channel\/UCR7Hlb1FvtE-_dX61LGES_w"]},{"@type":"Person","@id":"https:\/\/www.seal.com.gt\/en\/#\/schema\/person\/bdaade145a7d4c0e4e550ce8a3a8c9aa","name":"Carlos Fernandez","image":{"@type":"ImageObject","inLanguage":"en-US","@id":"https:\/\/secure.gravatar.com\/avatar\/58d46d11b3ee03e1c767195c40dc71152c0851754aaf267b52fcee7abb624f2b?s=96&d=mm&r=g","url":"https:\/\/secure.gravatar.com\/avatar\/58d46d11b3ee03e1c767195c40dc71152c0851754aaf267b52fcee7abb624f2b?s=96&d=mm&r=g","contentUrl":"https:\/\/secure.gravatar.com\/avatar\/58d46d11b3ee03e1c767195c40dc71152c0851754aaf267b52fcee7abb624f2b?s=96&d=mm&r=g","caption":"Carlos Fernandez"},"url":"https:\/\/seal.com.gt\/en\/author\/carlos-fernandez\/"}]}},"_links":{"self":[{"href":"https:\/\/seal.com.gt\/en\/wp-json\/wp\/v2\/posts\/1891","targetHints":{"allow":["GET"]}}],"collection":[{"href":"https:\/\/seal.com.gt\/en\/wp-json\/wp\/v2\/posts"}],"about":[{"href":"https:\/\/seal.com.gt\/en\/wp-json\/wp\/v2\/types\/post"}],"author":[{"embeddable":true,"href":"https:\/\/seal.com.gt\/en\/wp-json\/wp\/v2\/users\/9"}],"replies":[{"embeddable":true,"href":"https:\/\/seal.com.gt\/en\/wp-json\/wp\/v2\/comments?post=1891"}],"version-history":[{"count":0,"href":"https:\/\/seal.com.gt\/en\/wp-json\/wp\/v2\/posts\/1891\/revisions"}],"wp:featuredmedia":[{"embeddable":true,"href":"https:\/\/seal.com.gt\/en\/wp-json\/wp\/v2\/media\/1892"}],"wp:attachment":[{"href":"https:\/\/seal.com.gt\/en\/wp-json\/wp\/v2\/media?parent=1891"}],"wp:term":[{"taxonomy":"category","embeddable":true,"href":"https:\/\/seal.com.gt\/en\/wp-json\/wp\/v2\/categories?post=1891"},{"taxonomy":"post_tag","embeddable":true,"href":"https:\/\/seal.com.gt\/en\/wp-json\/wp\/v2\/tags?post=1891"}],"curies":[{"name":"wp","href":"https:\/\/api.w.org\/{rel}","templated":true}]}}