{"id":1985,"date":"2022-12-16T08:31:41","date_gmt":"2022-12-16T14:31:41","guid":{"rendered":"https:\/\/seal.com.gt\/?p=1985"},"modified":"2022-12-16T08:31:41","modified_gmt":"2022-12-16T14:31:41","slug":"exportaciones-guatemaltecas-registran-alza-este-2022","status":"publish","type":"post","link":"https:\/\/seal.com.gt\/en\/exportaciones-guatemaltecas-registran-alza-este-2022\/","title":{"rendered":"Exportaciones guatemaltecas registran alza este 2022"},"content":{"rendered":"<p>El<strong> Banco de Guatemala (Banguat)<\/strong>, \u00a0inform\u00f3 que el ingreso de divisas por las exportaciones guatemaltecas aumentaron un 19,8 % en los primeros diez meses de 2022, todo en comparaci\u00f3n con el mismo periodo del 2021.<\/p>\n<p>Se trata de cifras alentadoras y m\u00e1s a\u00fan si el panorama mundial no es alentador. &#8220;<strong>La Organizaci\u00f3n Mundial del Comercio (OMC)<\/strong> pronostic\u00f3 una desaceleraci\u00f3n del crecimiento del comercio mundial para el 2023. El comercio de mercanc\u00edas aumentar\u00eda un 3,5%. Sin embargo, para 2023, prev\u00e9 un crecimiento del comercio de solo el 1,0%, en comparaci\u00f3n con la previsi\u00f3n anterior del 3,4%, se\u00f1al\u00f3 <a href=\"https:\/\/seal.com.gt\/en\/\" target=\"_blank\" rel=\"noopener\"><strong>Amy Zepeda, Directora y Agente de Aduana en SEAL<\/strong><\/a>.<\/p>\n<p>Seg\u00fan public\u00f3 la agencia EFE, las ventas de productos en los primeros nueve meses de este a\u00f1o generaron 12.075,8 millones de d\u00f3lares en divisas, <strong>es decir 1.997,9 millones m\u00e1s que los 10.077,9 millones de d\u00f3lares que ingresaron en 2021, seg\u00fan estad\u00edsticas recientes de la banca central de Guatemala.<\/strong><\/p>\n<p>Los productos que aportan m\u00e1s <a href=\"https:\/\/seal.com.gt\/en\/guatemala-sobrepasa-meta-de-inversion-extranjera-directa-ied\/\" target=\"_blank\" rel=\"noopener\"><strong>ingresos fueron los art\u00edculos<\/strong> <\/a>de vestuario con 1.446,1 millones, que representaron el 12 % del total, seguidos del caf\u00e9 con 1.053,7 millones (8,7 %), grasas y aceites comestibles 903,4 millones (7,5 %), banano con 698,9 millones (5,8 %) y el az\u00facar que dej\u00f3 623,5 millones (5,2 %).<\/p>\n<h3><strong>Principales destinos <\/strong><\/h3>\n<p>Los principales destinos de las <a href=\"https:\/\/seal.com.gt\/en\/potencian-labor-de-pymes-guatemaltecas-con-ee-uu\/\" target=\"_blank\" rel=\"noopener\"><strong>exportaciones e<\/strong><\/a>ntre enero y septiembre del 2022 fueron Centroam\u00e9rica con 3.972,6 millones de d\u00f3lares (32,9 %), seguido por Estados Unidos de Am\u00e9rica 3.842,2 millones (31,8 %).<\/p>\n<p>La Eurozona registr\u00f3 1.199 millones de d\u00f3lares (9,9 %),<strong> M\u00e9xico con 508,8 millones (4,2 %) y la Rep\u00fablica Popular China con 315,7 millones (2,6 %), entre otros.<\/strong><\/p>\n<p>Las \u00a0importaciones guatemaltecas tambi\u00e9n aumentaron un 29,5 % entre enero y septiembre en relaci\u00f3n al mismo periodo del 2021.En los primeros nueve meses del 2021 <strong>Guatemala import\u00f3 productos por 18.891,7 millones de d\u00f3lares, pero en este a\u00f1o fueron 24.459,4 millones de d\u00f3lares, es decir 5.567,7 millones m\u00e1s que el a\u00f1o pasado.<\/strong><\/p>\n<p>El aumento en las importaciones estuvo influenciado principalmente por la variaci\u00f3n positiva observada en <strong>materias primas y productos intermedios para la industria con un alza de 1.791,4 millones y combustibles y lubricantes con un incremento de 1.649,3 millones, explic\u00f3 el Banguat.<\/strong><\/p>","protected":false},"excerpt":{"rendered":"<p>El Banco de Guatemala (Banguat), \u00a0inform\u00f3 que el ingreso de divisas por las exportaciones guatemaltecas aumentaron un 19,8 % en los primeros diez meses de 2022, todo en comparaci\u00f3n con el mismo periodo del 2021. Se trata de cifras alentadoras y m\u00e1s a\u00fan si el panorama mundial no es alentador. &#8220;La Organizaci\u00f3n Mundial del Comercio [&hellip;]<\/p>\n","protected":false},"author":9,"featured_media":1986,"comment_status":"open","ping_status":"closed","sticky":false,"template":"","format":"standard","meta":{"footnotes":""},"categories":[1],"tags":[73,68,93,61,55,65],"class_list":["post-1985","post","type-post","status-publish","format-standard","has-post-thumbnail","hentry","category-blog","tag-amy-zepeda","tag-comercio-exterior","tag-exportaciones","tag-guatemala","tag-seal","tag-servicios-especializados-de-aduana-y-logistica"],"yoast_head":"<!-- This site is optimized with the Yoast SEO plugin v27.5 - https:\/\/yoast.com\/product\/yoast-seo-wordpress\/ -->\n<title>Exportaciones guatemaltecas registran alza este 2022<\/title>\n<meta name=\"description\" content=\"Se trata de cifras alentadoras y m\u00e1s a\u00fan si el panorama mundial se\u00f1al\u00f3 Amy Zepeda, Directora y Agente de Aduana en SEAL.\" \/>\n<meta name=\"robots\" content=\"index, follow, max-snippet:-1, max-image-preview:large, max-video-preview:-1\" \/>\n<link rel=\"canonical\" href=\"https:\/\/www.seal.com.gt\/exportaciones-guatemaltecas-registran-alza-este-2022\/\" \/>\n<meta property=\"og:locale\" content=\"en_US\" \/>\n<meta property=\"og:type\" content=\"article\" \/>\n<meta property=\"og:title\" content=\"Exportaciones guatemaltecas registran alza este 2022\" \/>\n<meta property=\"og:description\" content=\"Se trata de cifras alentadoras y m\u00e1s a\u00fan si el panorama mundial se\u00f1al\u00f3 Amy Zepeda, Directora y Agente de Aduana en SEAL.\" \/>\n<meta property=\"og:url\" content=\"https:\/\/www.seal.com.gt\/exportaciones-guatemaltecas-registran-alza-este-2022\/\" \/>\n<meta property=\"og:site_name\" content=\"SEAL\" \/>\n<meta property=\"article:publisher\" content=\"https:\/\/www.facebook.com\/sealgt\/\" \/>\n<meta property=\"article:published_time\" content=\"2022-12-16T14:31:41+00:00\" \/>\n<meta property=\"og:image\" content=\"https:\/\/www.seal.com.gt\/wp-content\/uploads\/2022\/12\/PUERTO-QUETZAL.jpg\" \/>\n\t<meta property=\"og:image:width\" content=\"765\" \/>\n\t<meta property=\"og:image:height\" content=\"550\" \/>\n\t<meta property=\"og:image:type\" content=\"image\/jpeg\" \/>\n<meta name=\"author\" content=\"Carlos Fernandez\" \/>\n<meta name=\"twitter:card\" content=\"summary_large_image\" \/>\n<meta name=\"twitter:creator\" content=\"@SealGT\" \/>\n<meta name=\"twitter:site\" content=\"@SealGT\" \/>\n<meta name=\"twitter:label1\" content=\"Written by\" \/>\n\t<meta name=\"twitter:data1\" content=\"Carlos Fernandez\" \/>\n\t<meta name=\"twitter:label2\" content=\"Est. reading time\" \/>\n\t<meta name=\"twitter:data2\" content=\"2 minutes\" \/>\n<script type=\"application\/ld+json\" class=\"yoast-schema-graph\">{\"@context\":\"https:\\\/\\\/schema.org\",\"@graph\":[{\"@type\":\"Article\",\"@id\":\"https:\\\/\\\/www.seal.com.gt\\\/exportaciones-guatemaltecas-registran-alza-este-2022\\\/#article\",\"isPartOf\":{\"@id\":\"https:\\\/\\\/www.seal.com.gt\\\/exportaciones-guatemaltecas-registran-alza-este-2022\\\/\"},\"author\":{\"name\":\"Carlos Fernandez\",\"@id\":\"https:\\\/\\\/www.seal.com.gt\\\/en\\\/#\\\/schema\\\/person\\\/bdaade145a7d4c0e4e550ce8a3a8c9aa\"},\"headline\":\"Exportaciones guatemaltecas registran alza este 2022\",\"datePublished\":\"2022-12-16T14:31:41+00:00\",\"mainEntityOfPage\":{\"@id\":\"https:\\\/\\\/www.seal.com.gt\\\/exportaciones-guatemaltecas-registran-alza-este-2022\\\/\"},\"wordCount\":345,\"commentCount\":0,\"publisher\":{\"@id\":\"https:\\\/\\\/www.seal.com.gt\\\/en\\\/#organization\"},\"image\":{\"@id\":\"https:\\\/\\\/www.seal.com.gt\\\/exportaciones-guatemaltecas-registran-alza-este-2022\\\/#primaryimage\"},\"thumbnailUrl\":\"https:\\\/\\\/seal.com.gt\\\/wp-content\\\/uploads\\\/2022\\\/12\\\/PUERTO-QUETZAL.jpg\",\"keywords\":[\"amy zepeda\",\"comercio exterior\",\"exportaciones\",\"guatemala\",\"SEAL\",\"servicios especializados de aduana y log\u00edstica\"],\"articleSection\":[\"Blog\"],\"inLanguage\":\"en-US\",\"potentialAction\":[{\"@type\":\"CommentAction\",\"name\":\"Comment\",\"target\":[\"https:\\\/\\\/www.seal.com.gt\\\/exportaciones-guatemaltecas-registran-alza-este-2022\\\/#respond\"]}]},{\"@type\":\"WebPage\",\"@id\":\"https:\\\/\\\/www.seal.com.gt\\\/exportaciones-guatemaltecas-registran-alza-este-2022\\\/\",\"url\":\"https:\\\/\\\/www.seal.com.gt\\\/exportaciones-guatemaltecas-registran-alza-este-2022\\\/\",\"name\":\"Exportaciones guatemaltecas registran alza este 2022\",\"isPartOf\":{\"@id\":\"https:\\\/\\\/www.seal.com.gt\\\/en\\\/#website\"},\"primaryImageOfPage\":{\"@id\":\"https:\\\/\\\/www.seal.com.gt\\\/exportaciones-guatemaltecas-registran-alza-este-2022\\\/#primaryimage\"},\"image\":{\"@id\":\"https:\\\/\\\/www.seal.com.gt\\\/exportaciones-guatemaltecas-registran-alza-este-2022\\\/#primaryimage\"},\"thumbnailUrl\":\"https:\\\/\\\/seal.com.gt\\\/wp-content\\\/uploads\\\/2022\\\/12\\\/PUERTO-QUETZAL.jpg\",\"datePublished\":\"2022-12-16T14:31:41+00:00\",\"description\":\"Se trata de cifras alentadoras y m\u00e1s a\u00fan si el panorama mundial se\u00f1al\u00f3 Amy Zepeda, Directora y Agente de Aduana en SEAL.\",\"breadcrumb\":{\"@id\":\"https:\\\/\\\/www.seal.com.gt\\\/exportaciones-guatemaltecas-registran-alza-este-2022\\\/#breadcrumb\"},\"inLanguage\":\"en-US\",\"potentialAction\":[{\"@type\":\"ReadAction\",\"target\":[\"https:\\\/\\\/www.seal.com.gt\\\/exportaciones-guatemaltecas-registran-alza-este-2022\\\/\"]}]},{\"@type\":\"ImageObject\",\"inLanguage\":\"en-US\",\"@id\":\"https:\\\/\\\/www.seal.com.gt\\\/exportaciones-guatemaltecas-registran-alza-este-2022\\\/#primaryimage\",\"url\":\"https:\\\/\\\/seal.com.gt\\\/wp-content\\\/uploads\\\/2022\\\/12\\\/PUERTO-QUETZAL.jpg\",\"contentUrl\":\"https:\\\/\\\/seal.com.gt\\\/wp-content\\\/uploads\\\/2022\\\/12\\\/PUERTO-QUETZAL.jpg\",\"width\":765,\"height\":550},{\"@type\":\"BreadcrumbList\",\"@id\":\"https:\\\/\\\/www.seal.com.gt\\\/exportaciones-guatemaltecas-registran-alza-este-2022\\\/#breadcrumb\",\"itemListElement\":[{\"@type\":\"ListItem\",\"position\":1,\"name\":\"Portada\",\"item\":\"https:\\\/\\\/seal.com.gt\\\/\"},{\"@type\":\"ListItem\",\"position\":2,\"name\":\"Exportaciones guatemaltecas registran alza este 2022\"}]},{\"@type\":\"WebSite\",\"@id\":\"https:\\\/\\\/www.seal.com.gt\\\/en\\\/#website\",\"url\":\"https:\\\/\\\/www.seal.com.gt\\\/en\\\/\",\"name\":\"SEAL\",\"description\":\"Servicios especializados de aduana y log\u00edstica\",\"publisher\":{\"@id\":\"https:\\\/\\\/www.seal.com.gt\\\/en\\\/#organization\"},\"potentialAction\":[{\"@type\":\"SearchAction\",\"target\":{\"@type\":\"EntryPoint\",\"urlTemplate\":\"https:\\\/\\\/www.seal.com.gt\\\/en\\\/?s={search_term_string}\"},\"query-input\":{\"@type\":\"PropertyValueSpecification\",\"valueRequired\":true,\"valueName\":\"search_term_string\"}}],\"inLanguage\":\"en-US\"},{\"@type\":\"Organization\",\"@id\":\"https:\\\/\\\/www.seal.com.gt\\\/en\\\/#organization\",\"name\":\"Servicios Especializados de Aduana y Logistica\",\"url\":\"https:\\\/\\\/www.seal.com.gt\\\/en\\\/\",\"logo\":{\"@type\":\"ImageObject\",\"inLanguage\":\"en-US\",\"@id\":\"https:\\\/\\\/www.seal.com.gt\\\/en\\\/#\\\/schema\\\/logo\\\/image\\\/\",\"url\":\"https:\\\/\\\/seal.com.gt\\\/wp-content\\\/uploads\\\/2019\\\/07\\\/seal-guatemala.png\",\"contentUrl\":\"https:\\\/\\\/seal.com.gt\\\/wp-content\\\/uploads\\\/2019\\\/07\\\/seal-guatemala.png\",\"width\":110,\"height\":75,\"caption\":\"Servicios Especializados de Aduana y Logistica\"},\"image\":{\"@id\":\"https:\\\/\\\/www.seal.com.gt\\\/en\\\/#\\\/schema\\\/logo\\\/image\\\/\"},\"sameAs\":[\"https:\\\/\\\/www.facebook.com\\\/sealgt\\\/\",\"https:\\\/\\\/x.com\\\/SealGT\",\"https:\\\/\\\/www.instagram.com\\\/sealgt_\\\/\",\"https:\\\/\\\/www.linkedin.com\\\/company\\\/sealgt\\\/\",\"https:\\\/\\\/www.youtube.com\\\/channel\\\/UCR7Hlb1FvtE-_dX61LGES_w\"]},{\"@type\":\"Person\",\"@id\":\"https:\\\/\\\/www.seal.com.gt\\\/en\\\/#\\\/schema\\\/person\\\/bdaade145a7d4c0e4e550ce8a3a8c9aa\",\"name\":\"Carlos Fernandez\",\"image\":{\"@type\":\"ImageObject\",\"inLanguage\":\"en-US\",\"@id\":\"https:\\\/\\\/secure.gravatar.com\\\/avatar\\\/58d46d11b3ee03e1c767195c40dc71152c0851754aaf267b52fcee7abb624f2b?s=96&d=mm&r=g\",\"url\":\"https:\\\/\\\/secure.gravatar.com\\\/avatar\\\/58d46d11b3ee03e1c767195c40dc71152c0851754aaf267b52fcee7abb624f2b?s=96&d=mm&r=g\",\"contentUrl\":\"https:\\\/\\\/secure.gravatar.com\\\/avatar\\\/58d46d11b3ee03e1c767195c40dc71152c0851754aaf267b52fcee7abb624f2b?s=96&d=mm&r=g\",\"caption\":\"Carlos Fernandez\"},\"url\":\"https:\\\/\\\/seal.com.gt\\\/en\\\/author\\\/carlos-fernandez\\\/\"}]}<\/script>\n<!-- \/ Yoast SEO plugin. -->","yoast_head_json":{"title":"Exportaciones guatemaltecas registran alza este 2022","description":"Se trata de cifras alentadoras y m\u00e1s a\u00fan si el panorama mundial se\u00f1al\u00f3 Amy Zepeda, Directora y Agente de Aduana en SEAL.","robots":{"index":"index","follow":"follow","max-snippet":"max-snippet:-1","max-image-preview":"max-image-preview:large","max-video-preview":"max-video-preview:-1"},"canonical":"https:\/\/www.seal.com.gt\/exportaciones-guatemaltecas-registran-alza-este-2022\/","og_locale":"en_US","og_type":"article","og_title":"Exportaciones guatemaltecas registran alza este 2022","og_description":"Se trata de cifras alentadoras y m\u00e1s a\u00fan si el panorama mundial se\u00f1al\u00f3 Amy Zepeda, Directora y Agente de Aduana en SEAL.","og_url":"https:\/\/www.seal.com.gt\/exportaciones-guatemaltecas-registran-alza-este-2022\/","og_site_name":"SEAL","article_publisher":"https:\/\/www.facebook.com\/sealgt\/","article_published_time":"2022-12-16T14:31:41+00:00","og_image":[{"width":765,"height":550,"url":"https:\/\/www.seal.com.gt\/wp-content\/uploads\/2022\/12\/PUERTO-QUETZAL.jpg","type":"image\/jpeg"}],"author":"Carlos Fernandez","twitter_card":"summary_large_image","twitter_creator":"@SealGT","twitter_site":"@SealGT","twitter_misc":{"Written by":"Carlos Fernandez","Est. reading time":"2 minutes"},"schema":{"@context":"https:\/\/schema.org","@graph":[{"@type":"Article","@id":"https:\/\/www.seal.com.gt\/exportaciones-guatemaltecas-registran-alza-este-2022\/#article","isPartOf":{"@id":"https:\/\/www.seal.com.gt\/exportaciones-guatemaltecas-registran-alza-este-2022\/"},"author":{"name":"Carlos Fernandez","@id":"https:\/\/www.seal.com.gt\/en\/#\/schema\/person\/bdaade145a7d4c0e4e550ce8a3a8c9aa"},"headline":"Exportaciones guatemaltecas registran alza este 2022","datePublished":"2022-12-16T14:31:41+00:00","mainEntityOfPage":{"@id":"https:\/\/www.seal.com.gt\/exportaciones-guatemaltecas-registran-alza-este-2022\/"},"wordCount":345,"commentCount":0,"publisher":{"@id":"https:\/\/www.seal.com.gt\/en\/#organization"},"image":{"@id":"https:\/\/www.seal.com.gt\/exportaciones-guatemaltecas-registran-alza-este-2022\/#primaryimage"},"thumbnailUrl":"https:\/\/seal.com.gt\/wp-content\/uploads\/2022\/12\/PUERTO-QUETZAL.jpg","keywords":["amy zepeda","comercio exterior","exportaciones","guatemala","SEAL","servicios especializados de aduana y log\u00edstica"],"articleSection":["Blog"],"inLanguage":"en-US","potentialAction":[{"@type":"CommentAction","name":"Comment","target":["https:\/\/www.seal.com.gt\/exportaciones-guatemaltecas-registran-alza-este-2022\/#respond"]}]},{"@type":"WebPage","@id":"https:\/\/www.seal.com.gt\/exportaciones-guatemaltecas-registran-alza-este-2022\/","url":"https:\/\/www.seal.com.gt\/exportaciones-guatemaltecas-registran-alza-este-2022\/","name":"Exportaciones guatemaltecas registran alza este 2022","isPartOf":{"@id":"https:\/\/www.seal.com.gt\/en\/#website"},"primaryImageOfPage":{"@id":"https:\/\/www.seal.com.gt\/exportaciones-guatemaltecas-registran-alza-este-2022\/#primaryimage"},"image":{"@id":"https:\/\/www.seal.com.gt\/exportaciones-guatemaltecas-registran-alza-este-2022\/#primaryimage"},"thumbnailUrl":"https:\/\/seal.com.gt\/wp-content\/uploads\/2022\/12\/PUERTO-QUETZAL.jpg","datePublished":"2022-12-16T14:31:41+00:00","description":"Se trata de cifras alentadoras y m\u00e1s a\u00fan si el panorama mundial se\u00f1al\u00f3 Amy Zepeda, Directora y Agente de Aduana en SEAL.","breadcrumb":{"@id":"https:\/\/www.seal.com.gt\/exportaciones-guatemaltecas-registran-alza-este-2022\/#breadcrumb"},"inLanguage":"en-US","potentialAction":[{"@type":"ReadAction","target":["https:\/\/www.seal.com.gt\/exportaciones-guatemaltecas-registran-alza-este-2022\/"]}]},{"@type":"ImageObject","inLanguage":"en-US","@id":"https:\/\/www.seal.com.gt\/exportaciones-guatemaltecas-registran-alza-este-2022\/#primaryimage","url":"https:\/\/seal.com.gt\/wp-content\/uploads\/2022\/12\/PUERTO-QUETZAL.jpg","contentUrl":"https:\/\/seal.com.gt\/wp-content\/uploads\/2022\/12\/PUERTO-QUETZAL.jpg","width":765,"height":550},{"@type":"BreadcrumbList","@id":"https:\/\/www.seal.com.gt\/exportaciones-guatemaltecas-registran-alza-este-2022\/#breadcrumb","itemListElement":[{"@type":"ListItem","position":1,"name":"Portada","item":"https:\/\/seal.com.gt\/"},{"@type":"ListItem","position":2,"name":"Exportaciones guatemaltecas registran alza este 2022"}]},{"@type":"WebSite","@id":"https:\/\/www.seal.com.gt\/en\/#website","url":"https:\/\/www.seal.com.gt\/en\/","name":"SEAL","description":"Servicios especializados de aduana y log\u00edstica","publisher":{"@id":"https:\/\/www.seal.com.gt\/en\/#organization"},"potentialAction":[{"@type":"SearchAction","target":{"@type":"EntryPoint","urlTemplate":"https:\/\/www.seal.com.gt\/en\/?s={search_term_string}"},"query-input":{"@type":"PropertyValueSpecification","valueRequired":true,"valueName":"search_term_string"}}],"inLanguage":"en-US"},{"@type":"Organization","@id":"https:\/\/www.seal.com.gt\/en\/#organization","name":"Servicios Especializados de Aduana y Logistica","url":"https:\/\/www.seal.com.gt\/en\/","logo":{"@type":"ImageObject","inLanguage":"en-US","@id":"https:\/\/www.seal.com.gt\/en\/#\/schema\/logo\/image\/","url":"https:\/\/seal.com.gt\/wp-content\/uploads\/2019\/07\/seal-guatemala.png","contentUrl":"https:\/\/seal.com.gt\/wp-content\/uploads\/2019\/07\/seal-guatemala.png","width":110,"height":75,"caption":"Servicios Especializados de Aduana y Logistica"},"image":{"@id":"https:\/\/www.seal.com.gt\/en\/#\/schema\/logo\/image\/"},"sameAs":["https:\/\/www.facebook.com\/sealgt\/","https:\/\/x.com\/SealGT","https:\/\/www.instagram.com\/sealgt_\/","https:\/\/www.linkedin.com\/company\/sealgt\/","https:\/\/www.youtube.com\/channel\/UCR7Hlb1FvtE-_dX61LGES_w"]},{"@type":"Person","@id":"https:\/\/www.seal.com.gt\/en\/#\/schema\/person\/bdaade145a7d4c0e4e550ce8a3a8c9aa","name":"Carlos Fernandez","image":{"@type":"ImageObject","inLanguage":"en-US","@id":"https:\/\/secure.gravatar.com\/avatar\/58d46d11b3ee03e1c767195c40dc71152c0851754aaf267b52fcee7abb624f2b?s=96&d=mm&r=g","url":"https:\/\/secure.gravatar.com\/avatar\/58d46d11b3ee03e1c767195c40dc71152c0851754aaf267b52fcee7abb624f2b?s=96&d=mm&r=g","contentUrl":"https:\/\/secure.gravatar.com\/avatar\/58d46d11b3ee03e1c767195c40dc71152c0851754aaf267b52fcee7abb624f2b?s=96&d=mm&r=g","caption":"Carlos Fernandez"},"url":"https:\/\/seal.com.gt\/en\/author\/carlos-fernandez\/"}]}},"_links":{"self":[{"href":"https:\/\/seal.com.gt\/en\/wp-json\/wp\/v2\/posts\/1985","targetHints":{"allow":["GET"]}}],"collection":[{"href":"https:\/\/seal.com.gt\/en\/wp-json\/wp\/v2\/posts"}],"about":[{"href":"https:\/\/seal.com.gt\/en\/wp-json\/wp\/v2\/types\/post"}],"author":[{"embeddable":true,"href":"https:\/\/seal.com.gt\/en\/wp-json\/wp\/v2\/users\/9"}],"replies":[{"embeddable":true,"href":"https:\/\/seal.com.gt\/en\/wp-json\/wp\/v2\/comments?post=1985"}],"version-history":[{"count":0,"href":"https:\/\/seal.com.gt\/en\/wp-json\/wp\/v2\/posts\/1985\/revisions"}],"wp:featuredmedia":[{"embeddable":true,"href":"https:\/\/seal.com.gt\/en\/wp-json\/wp\/v2\/media\/1986"}],"wp:attachment":[{"href":"https:\/\/seal.com.gt\/en\/wp-json\/wp\/v2\/media?parent=1985"}],"wp:term":[{"taxonomy":"category","embeddable":true,"href":"https:\/\/seal.com.gt\/en\/wp-json\/wp\/v2\/categories?post=1985"},{"taxonomy":"post_tag","embeddable":true,"href":"https:\/\/seal.com.gt\/en\/wp-json\/wp\/v2\/tags?post=1985"}],"curies":[{"name":"wp","href":"https:\/\/api.w.org\/{rel}","templated":true}]}}