{"id":2033,"date":"2023-03-08T12:43:58","date_gmt":"2023-03-08T18:43:58","guid":{"rendered":"https:\/\/seal.com.gt\/?p=2033"},"modified":"2023-03-08T12:43:58","modified_gmt":"2023-03-08T18:43:58","slug":"guatemala-empresarios-espanoles-buscan-lazos-comerciales","status":"publish","type":"post","link":"https:\/\/seal.com.gt\/en\/guatemala-empresarios-espanoles-buscan-lazos-comerciales\/","title":{"rendered":"Guatemala: Empresarios espa\u00f1oles buscan lazos comerciales en el pa\u00eds"},"content":{"rendered":"<p style=\"font-weight: 400\">Una misi\u00f3n comercial de once empresas industriales espa\u00f1olas de <strong>Castilla-La Mancha se encuentra en Guatemala para presentar sus productos a importadores de diferentes sectores y generar lazos comerciales.<\/strong><\/p>\n<p style=\"font-weight: 400\">\u00abEsta misi\u00f3n comercial es importante para que productores industriales de Castilla-La Mancha exploren el mercado guatemalteco y otros puedan afianzar negocios de importaci\u00f3n con socios del mercado local\u00ab, <strong>explic\u00f3 a EFE, Silvia Tamayac, directora ejecutiva de la C\u00e1mara de Comercio Espa\u00f1ola en Guatemala (Camacoes).<\/strong><\/p>\n<p style=\"font-weight: 400\">La delegaci\u00f3n comercial, que realiza esta gira por primera vez en tres a\u00f1os debido a la pandemia de la covid-19, inici\u00f3 reuniones con empresarios guatemaltecos. La oferta que presentan los productores industriales de <strong>Castilla-La Mancha abarca el sector de construcci\u00f3n, energ\u00edas renovables y repuestos de veh\u00edculos, entre otros.<\/strong> \u00abEste tipo de encuentros fortalece el comercio guatemalteco ofreciendo productos competitivos y de calidad\u00bb, destac\u00f3 Tamayac.<\/p>\n<p style=\"font-weight: 400\">Seg\u00fan nos comentaron desde\u00a0<a href=\"https:\/\/seal.com.gt\/en\/\"><strong>SEAL, Specialized Customs and Logistics Services<\/strong><\/a>\u00a0Entre las empresas participantes se encuentra Engineered Fire Piping, dedicada a la construcci\u00f3n de tuber\u00edas contra incendios; la promotora inmobiliaria Gesti\u00f3n y Patrimonio Altozano SL; INAEL Electrical Systems; Grupo Vifra, especializada en la fabricaci\u00f3n industrial de cajas para pasteler\u00eda y la productora de paneles solares Solar World Stain.<\/p>\n<p style=\"font-weight: 400\">En la actualidad, existen 150 empresas espa\u00f1olas establecidas en Guatemala mediante sucursales, filiales o franquicias en sectores como telecomunicaciones,<strong> servicios y energ\u00eda, seg\u00fan datos de la Confederaci\u00f3n Espa\u00f1ola de Organizaciones Empresariales (CEOES).<\/strong><\/p>\n<p style=\"font-weight: 400\">Las relaciones comerciales entre Guatemala y Espa\u00f1a iniciaron en 1928 y en 2018 el comercio entre ambos pa\u00edses alcanz\u00f3 un volumen econ\u00f3mico equivalente a 390 millones de euros (uno 412,6 millones de d\u00f3lares), de acuerdo con la misma fuente.<\/p>","protected":false},"excerpt":{"rendered":"<p>Una misi\u00f3n comercial de once empresas industriales espa\u00f1olas de Castilla-La Mancha se encuentra en Guatemala para presentar sus productos a importadores de diferentes sectores y generar lazos comerciales. \u00abEsta misi\u00f3n comercial es importante para que productores industriales de Castilla-La Mancha exploren el mercado guatemalteco y otros puedan afianzar negocios de importaci\u00f3n con socios del mercado [&hellip;]<\/p>\n","protected":false},"author":9,"featured_media":1975,"comment_status":"open","ping_status":"closed","sticky":false,"template":"","format":"standard","meta":{"footnotes":""},"categories":[1],"tags":[69,521,61,55,14,65],"class_list":["post-2033","post","type-post","status-publish","format-standard","has-post-thumbnail","hentry","category-blog","tag-comercio-internacional","tag-espana","tag-guatemala","tag-seal","tag-servicio-de-aduana","tag-servicios-especializados-de-aduana-y-logistica"],"yoast_head":"<!-- This site is optimized with the Yoast SEO plugin v27.5 - https:\/\/yoast.com\/product\/yoast-seo-wordpress\/ -->\n<title>Guatemala: Empresarios espa\u00f1oles buscan lazos comerciales<\/title>\n<meta name=\"description\" content=\"La idea de los empresarios espa\u00f1oles es explorar el mercado guatemalteco y afianzar negocios de importaci\u00f3n con socios del mercado local.\" \/>\n<meta name=\"robots\" content=\"index, follow, max-snippet:-1, max-image-preview:large, max-video-preview:-1\" \/>\n<link rel=\"canonical\" href=\"https:\/\/www.seal.com.gt\/guatemala-empresarios-espanoles-buscan-lazos-comerciales\/\" \/>\n<meta property=\"og:locale\" content=\"en_US\" \/>\n<meta property=\"og:type\" content=\"article\" \/>\n<meta property=\"og:title\" content=\"Guatemala: Empresarios espa\u00f1oles buscan lazos comerciales\" \/>\n<meta property=\"og:description\" content=\"La idea de los empresarios espa\u00f1oles es explorar el mercado guatemalteco y afianzar negocios de importaci\u00f3n con socios del mercado local.\" \/>\n<meta property=\"og:url\" content=\"https:\/\/www.seal.com.gt\/guatemala-empresarios-espanoles-buscan-lazos-comerciales\/\" \/>\n<meta property=\"og:site_name\" content=\"SEAL\" \/>\n<meta property=\"article:publisher\" content=\"https:\/\/www.facebook.com\/sealgt\/\" \/>\n<meta property=\"article:published_time\" content=\"2023-03-08T18:43:58+00:00\" \/>\n<meta property=\"og:image\" content=\"https:\/\/www.seal.com.gt\/wp-content\/uploads\/2022\/12\/guatemala.jpg\" \/>\n\t<meta property=\"og:image:width\" content=\"765\" \/>\n\t<meta property=\"og:image:height\" content=\"550\" \/>\n\t<meta property=\"og:image:type\" content=\"image\/jpeg\" \/>\n<meta name=\"author\" content=\"Carlos Fernandez\" \/>\n<meta name=\"twitter:card\" content=\"summary_large_image\" \/>\n<meta name=\"twitter:creator\" content=\"@SealGT\" \/>\n<meta name=\"twitter:site\" content=\"@SealGT\" \/>\n<meta name=\"twitter:label1\" content=\"Written by\" \/>\n\t<meta name=\"twitter:data1\" content=\"Carlos Fernandez\" \/>\n\t<meta name=\"twitter:label2\" content=\"Est. reading time\" \/>\n\t<meta name=\"twitter:data2\" content=\"1 minute\" \/>\n<script type=\"application\/ld+json\" class=\"yoast-schema-graph\">{\"@context\":\"https:\\\/\\\/schema.org\",\"@graph\":[{\"@type\":\"Article\",\"@id\":\"https:\\\/\\\/www.seal.com.gt\\\/guatemala-empresarios-espanoles-buscan-lazos-comerciales\\\/#article\",\"isPartOf\":{\"@id\":\"https:\\\/\\\/www.seal.com.gt\\\/guatemala-empresarios-espanoles-buscan-lazos-comerciales\\\/\"},\"author\":{\"name\":\"Carlos Fernandez\",\"@id\":\"https:\\\/\\\/www.seal.com.gt\\\/en\\\/#\\\/schema\\\/person\\\/bdaade145a7d4c0e4e550ce8a3a8c9aa\"},\"headline\":\"Guatemala: Empresarios espa\u00f1oles buscan lazos comerciales en el pa\u00eds\",\"datePublished\":\"2023-03-08T18:43:58+00:00\",\"mainEntityOfPage\":{\"@id\":\"https:\\\/\\\/www.seal.com.gt\\\/guatemala-empresarios-espanoles-buscan-lazos-comerciales\\\/\"},\"wordCount\":299,\"commentCount\":0,\"publisher\":{\"@id\":\"https:\\\/\\\/www.seal.com.gt\\\/en\\\/#organization\"},\"image\":{\"@id\":\"https:\\\/\\\/www.seal.com.gt\\\/guatemala-empresarios-espanoles-buscan-lazos-comerciales\\\/#primaryimage\"},\"thumbnailUrl\":\"https:\\\/\\\/seal.com.gt\\\/wp-content\\\/uploads\\\/2022\\\/12\\\/guatemala.jpg\",\"keywords\":[\"comercio internacional\",\"espa\u00f1a\",\"guatemala\",\"SEAL\",\"servicio de aduana\",\"servicios especializados de aduana y log\u00edstica\"],\"articleSection\":[\"Blog\"],\"inLanguage\":\"en-US\",\"potentialAction\":[{\"@type\":\"CommentAction\",\"name\":\"Comment\",\"target\":[\"https:\\\/\\\/www.seal.com.gt\\\/guatemala-empresarios-espanoles-buscan-lazos-comerciales\\\/#respond\"]}]},{\"@type\":\"WebPage\",\"@id\":\"https:\\\/\\\/www.seal.com.gt\\\/guatemala-empresarios-espanoles-buscan-lazos-comerciales\\\/\",\"url\":\"https:\\\/\\\/www.seal.com.gt\\\/guatemala-empresarios-espanoles-buscan-lazos-comerciales\\\/\",\"name\":\"Guatemala: Empresarios espa\u00f1oles buscan lazos comerciales\",\"isPartOf\":{\"@id\":\"https:\\\/\\\/www.seal.com.gt\\\/en\\\/#website\"},\"primaryImageOfPage\":{\"@id\":\"https:\\\/\\\/www.seal.com.gt\\\/guatemala-empresarios-espanoles-buscan-lazos-comerciales\\\/#primaryimage\"},\"image\":{\"@id\":\"https:\\\/\\\/www.seal.com.gt\\\/guatemala-empresarios-espanoles-buscan-lazos-comerciales\\\/#primaryimage\"},\"thumbnailUrl\":\"https:\\\/\\\/seal.com.gt\\\/wp-content\\\/uploads\\\/2022\\\/12\\\/guatemala.jpg\",\"datePublished\":\"2023-03-08T18:43:58+00:00\",\"description\":\"La idea de los empresarios espa\u00f1oles es explorar el mercado guatemalteco y afianzar negocios de importaci\u00f3n con socios del mercado local.\",\"breadcrumb\":{\"@id\":\"https:\\\/\\\/www.seal.com.gt\\\/guatemala-empresarios-espanoles-buscan-lazos-comerciales\\\/#breadcrumb\"},\"inLanguage\":\"en-US\",\"potentialAction\":[{\"@type\":\"ReadAction\",\"target\":[\"https:\\\/\\\/www.seal.com.gt\\\/guatemala-empresarios-espanoles-buscan-lazos-comerciales\\\/\"]}]},{\"@type\":\"ImageObject\",\"inLanguage\":\"en-US\",\"@id\":\"https:\\\/\\\/www.seal.com.gt\\\/guatemala-empresarios-espanoles-buscan-lazos-comerciales\\\/#primaryimage\",\"url\":\"https:\\\/\\\/seal.com.gt\\\/wp-content\\\/uploads\\\/2022\\\/12\\\/guatemala.jpg\",\"contentUrl\":\"https:\\\/\\\/seal.com.gt\\\/wp-content\\\/uploads\\\/2022\\\/12\\\/guatemala.jpg\",\"width\":765,\"height\":550},{\"@type\":\"BreadcrumbList\",\"@id\":\"https:\\\/\\\/www.seal.com.gt\\\/guatemala-empresarios-espanoles-buscan-lazos-comerciales\\\/#breadcrumb\",\"itemListElement\":[{\"@type\":\"ListItem\",\"position\":1,\"name\":\"Portada\",\"item\":\"https:\\\/\\\/seal.com.gt\\\/\"},{\"@type\":\"ListItem\",\"position\":2,\"name\":\"Guatemala: Empresarios espa\u00f1oles buscan lazos comerciales en el pa\u00eds\"}]},{\"@type\":\"WebSite\",\"@id\":\"https:\\\/\\\/www.seal.com.gt\\\/en\\\/#website\",\"url\":\"https:\\\/\\\/www.seal.com.gt\\\/en\\\/\",\"name\":\"SEAL\",\"description\":\"Servicios especializados de aduana y log\u00edstica\",\"publisher\":{\"@id\":\"https:\\\/\\\/www.seal.com.gt\\\/en\\\/#organization\"},\"potentialAction\":[{\"@type\":\"SearchAction\",\"target\":{\"@type\":\"EntryPoint\",\"urlTemplate\":\"https:\\\/\\\/www.seal.com.gt\\\/en\\\/?s={search_term_string}\"},\"query-input\":{\"@type\":\"PropertyValueSpecification\",\"valueRequired\":true,\"valueName\":\"search_term_string\"}}],\"inLanguage\":\"en-US\"},{\"@type\":\"Organization\",\"@id\":\"https:\\\/\\\/www.seal.com.gt\\\/en\\\/#organization\",\"name\":\"Servicios Especializados de Aduana y Logistica\",\"url\":\"https:\\\/\\\/www.seal.com.gt\\\/en\\\/\",\"logo\":{\"@type\":\"ImageObject\",\"inLanguage\":\"en-US\",\"@id\":\"https:\\\/\\\/www.seal.com.gt\\\/en\\\/#\\\/schema\\\/logo\\\/image\\\/\",\"url\":\"https:\\\/\\\/seal.com.gt\\\/wp-content\\\/uploads\\\/2019\\\/07\\\/seal-guatemala.png\",\"contentUrl\":\"https:\\\/\\\/seal.com.gt\\\/wp-content\\\/uploads\\\/2019\\\/07\\\/seal-guatemala.png\",\"width\":110,\"height\":75,\"caption\":\"Servicios Especializados de Aduana y Logistica\"},\"image\":{\"@id\":\"https:\\\/\\\/www.seal.com.gt\\\/en\\\/#\\\/schema\\\/logo\\\/image\\\/\"},\"sameAs\":[\"https:\\\/\\\/www.facebook.com\\\/sealgt\\\/\",\"https:\\\/\\\/x.com\\\/SealGT\",\"https:\\\/\\\/www.instagram.com\\\/sealgt_\\\/\",\"https:\\\/\\\/www.linkedin.com\\\/company\\\/sealgt\\\/\",\"https:\\\/\\\/www.youtube.com\\\/channel\\\/UCR7Hlb1FvtE-_dX61LGES_w\"]},{\"@type\":\"Person\",\"@id\":\"https:\\\/\\\/www.seal.com.gt\\\/en\\\/#\\\/schema\\\/person\\\/bdaade145a7d4c0e4e550ce8a3a8c9aa\",\"name\":\"Carlos Fernandez\",\"image\":{\"@type\":\"ImageObject\",\"inLanguage\":\"en-US\",\"@id\":\"https:\\\/\\\/secure.gravatar.com\\\/avatar\\\/58d46d11b3ee03e1c767195c40dc71152c0851754aaf267b52fcee7abb624f2b?s=96&d=mm&r=g\",\"url\":\"https:\\\/\\\/secure.gravatar.com\\\/avatar\\\/58d46d11b3ee03e1c767195c40dc71152c0851754aaf267b52fcee7abb624f2b?s=96&d=mm&r=g\",\"contentUrl\":\"https:\\\/\\\/secure.gravatar.com\\\/avatar\\\/58d46d11b3ee03e1c767195c40dc71152c0851754aaf267b52fcee7abb624f2b?s=96&d=mm&r=g\",\"caption\":\"Carlos Fernandez\"},\"url\":\"https:\\\/\\\/seal.com.gt\\\/en\\\/author\\\/carlos-fernandez\\\/\"}]}<\/script>\n<!-- \/ Yoast SEO plugin. -->","yoast_head_json":{"title":"Guatemala: Empresarios espa\u00f1oles buscan lazos comerciales","description":"La idea de los empresarios espa\u00f1oles es explorar el mercado guatemalteco y afianzar negocios de importaci\u00f3n con socios del mercado local.","robots":{"index":"index","follow":"follow","max-snippet":"max-snippet:-1","max-image-preview":"max-image-preview:large","max-video-preview":"max-video-preview:-1"},"canonical":"https:\/\/www.seal.com.gt\/guatemala-empresarios-espanoles-buscan-lazos-comerciales\/","og_locale":"en_US","og_type":"article","og_title":"Guatemala: Empresarios espa\u00f1oles buscan lazos comerciales","og_description":"La idea de los empresarios espa\u00f1oles es explorar el mercado guatemalteco y afianzar negocios de importaci\u00f3n con socios del mercado local.","og_url":"https:\/\/www.seal.com.gt\/guatemala-empresarios-espanoles-buscan-lazos-comerciales\/","og_site_name":"SEAL","article_publisher":"https:\/\/www.facebook.com\/sealgt\/","article_published_time":"2023-03-08T18:43:58+00:00","og_image":[{"width":765,"height":550,"url":"https:\/\/www.seal.com.gt\/wp-content\/uploads\/2022\/12\/guatemala.jpg","type":"image\/jpeg"}],"author":"Carlos Fernandez","twitter_card":"summary_large_image","twitter_creator":"@SealGT","twitter_site":"@SealGT","twitter_misc":{"Written by":"Carlos Fernandez","Est. reading time":"1 minute"},"schema":{"@context":"https:\/\/schema.org","@graph":[{"@type":"Article","@id":"https:\/\/www.seal.com.gt\/guatemala-empresarios-espanoles-buscan-lazos-comerciales\/#article","isPartOf":{"@id":"https:\/\/www.seal.com.gt\/guatemala-empresarios-espanoles-buscan-lazos-comerciales\/"},"author":{"name":"Carlos Fernandez","@id":"https:\/\/www.seal.com.gt\/en\/#\/schema\/person\/bdaade145a7d4c0e4e550ce8a3a8c9aa"},"headline":"Guatemala: Empresarios espa\u00f1oles buscan lazos comerciales en el pa\u00eds","datePublished":"2023-03-08T18:43:58+00:00","mainEntityOfPage":{"@id":"https:\/\/www.seal.com.gt\/guatemala-empresarios-espanoles-buscan-lazos-comerciales\/"},"wordCount":299,"commentCount":0,"publisher":{"@id":"https:\/\/www.seal.com.gt\/en\/#organization"},"image":{"@id":"https:\/\/www.seal.com.gt\/guatemala-empresarios-espanoles-buscan-lazos-comerciales\/#primaryimage"},"thumbnailUrl":"https:\/\/seal.com.gt\/wp-content\/uploads\/2022\/12\/guatemala.jpg","keywords":["comercio internacional","espa\u00f1a","guatemala","SEAL","servicio de aduana","servicios especializados de aduana y log\u00edstica"],"articleSection":["Blog"],"inLanguage":"en-US","potentialAction":[{"@type":"CommentAction","name":"Comment","target":["https:\/\/www.seal.com.gt\/guatemala-empresarios-espanoles-buscan-lazos-comerciales\/#respond"]}]},{"@type":"WebPage","@id":"https:\/\/www.seal.com.gt\/guatemala-empresarios-espanoles-buscan-lazos-comerciales\/","url":"https:\/\/www.seal.com.gt\/guatemala-empresarios-espanoles-buscan-lazos-comerciales\/","name":"Guatemala: Empresarios espa\u00f1oles buscan lazos comerciales","isPartOf":{"@id":"https:\/\/www.seal.com.gt\/en\/#website"},"primaryImageOfPage":{"@id":"https:\/\/www.seal.com.gt\/guatemala-empresarios-espanoles-buscan-lazos-comerciales\/#primaryimage"},"image":{"@id":"https:\/\/www.seal.com.gt\/guatemala-empresarios-espanoles-buscan-lazos-comerciales\/#primaryimage"},"thumbnailUrl":"https:\/\/seal.com.gt\/wp-content\/uploads\/2022\/12\/guatemala.jpg","datePublished":"2023-03-08T18:43:58+00:00","description":"La idea de los empresarios espa\u00f1oles es explorar el mercado guatemalteco y afianzar negocios de importaci\u00f3n con socios del mercado local.","breadcrumb":{"@id":"https:\/\/www.seal.com.gt\/guatemala-empresarios-espanoles-buscan-lazos-comerciales\/#breadcrumb"},"inLanguage":"en-US","potentialAction":[{"@type":"ReadAction","target":["https:\/\/www.seal.com.gt\/guatemala-empresarios-espanoles-buscan-lazos-comerciales\/"]}]},{"@type":"ImageObject","inLanguage":"en-US","@id":"https:\/\/www.seal.com.gt\/guatemala-empresarios-espanoles-buscan-lazos-comerciales\/#primaryimage","url":"https:\/\/seal.com.gt\/wp-content\/uploads\/2022\/12\/guatemala.jpg","contentUrl":"https:\/\/seal.com.gt\/wp-content\/uploads\/2022\/12\/guatemala.jpg","width":765,"height":550},{"@type":"BreadcrumbList","@id":"https:\/\/www.seal.com.gt\/guatemala-empresarios-espanoles-buscan-lazos-comerciales\/#breadcrumb","itemListElement":[{"@type":"ListItem","position":1,"name":"Portada","item":"https:\/\/seal.com.gt\/"},{"@type":"ListItem","position":2,"name":"Guatemala: Empresarios espa\u00f1oles buscan lazos comerciales en el pa\u00eds"}]},{"@type":"WebSite","@id":"https:\/\/www.seal.com.gt\/en\/#website","url":"https:\/\/www.seal.com.gt\/en\/","name":"SEAL","description":"Servicios especializados de aduana y log\u00edstica","publisher":{"@id":"https:\/\/www.seal.com.gt\/en\/#organization"},"potentialAction":[{"@type":"SearchAction","target":{"@type":"EntryPoint","urlTemplate":"https:\/\/www.seal.com.gt\/en\/?s={search_term_string}"},"query-input":{"@type":"PropertyValueSpecification","valueRequired":true,"valueName":"search_term_string"}}],"inLanguage":"en-US"},{"@type":"Organization","@id":"https:\/\/www.seal.com.gt\/en\/#organization","name":"Servicios Especializados de Aduana y Logistica","url":"https:\/\/www.seal.com.gt\/en\/","logo":{"@type":"ImageObject","inLanguage":"en-US","@id":"https:\/\/www.seal.com.gt\/en\/#\/schema\/logo\/image\/","url":"https:\/\/seal.com.gt\/wp-content\/uploads\/2019\/07\/seal-guatemala.png","contentUrl":"https:\/\/seal.com.gt\/wp-content\/uploads\/2019\/07\/seal-guatemala.png","width":110,"height":75,"caption":"Servicios Especializados de Aduana y Logistica"},"image":{"@id":"https:\/\/www.seal.com.gt\/en\/#\/schema\/logo\/image\/"},"sameAs":["https:\/\/www.facebook.com\/sealgt\/","https:\/\/x.com\/SealGT","https:\/\/www.instagram.com\/sealgt_\/","https:\/\/www.linkedin.com\/company\/sealgt\/","https:\/\/www.youtube.com\/channel\/UCR7Hlb1FvtE-_dX61LGES_w"]},{"@type":"Person","@id":"https:\/\/www.seal.com.gt\/en\/#\/schema\/person\/bdaade145a7d4c0e4e550ce8a3a8c9aa","name":"Carlos Fernandez","image":{"@type":"ImageObject","inLanguage":"en-US","@id":"https:\/\/secure.gravatar.com\/avatar\/58d46d11b3ee03e1c767195c40dc71152c0851754aaf267b52fcee7abb624f2b?s=96&d=mm&r=g","url":"https:\/\/secure.gravatar.com\/avatar\/58d46d11b3ee03e1c767195c40dc71152c0851754aaf267b52fcee7abb624f2b?s=96&d=mm&r=g","contentUrl":"https:\/\/secure.gravatar.com\/avatar\/58d46d11b3ee03e1c767195c40dc71152c0851754aaf267b52fcee7abb624f2b?s=96&d=mm&r=g","caption":"Carlos Fernandez"},"url":"https:\/\/seal.com.gt\/en\/author\/carlos-fernandez\/"}]}},"_links":{"self":[{"href":"https:\/\/seal.com.gt\/en\/wp-json\/wp\/v2\/posts\/2033","targetHints":{"allow":["GET"]}}],"collection":[{"href":"https:\/\/seal.com.gt\/en\/wp-json\/wp\/v2\/posts"}],"about":[{"href":"https:\/\/seal.com.gt\/en\/wp-json\/wp\/v2\/types\/post"}],"author":[{"embeddable":true,"href":"https:\/\/seal.com.gt\/en\/wp-json\/wp\/v2\/users\/9"}],"replies":[{"embeddable":true,"href":"https:\/\/seal.com.gt\/en\/wp-json\/wp\/v2\/comments?post=2033"}],"version-history":[{"count":0,"href":"https:\/\/seal.com.gt\/en\/wp-json\/wp\/v2\/posts\/2033\/revisions"}],"wp:featuredmedia":[{"embeddable":true,"href":"https:\/\/seal.com.gt\/en\/wp-json\/wp\/v2\/media\/1975"}],"wp:attachment":[{"href":"https:\/\/seal.com.gt\/en\/wp-json\/wp\/v2\/media?parent=2033"}],"wp:term":[{"taxonomy":"category","embeddable":true,"href":"https:\/\/seal.com.gt\/en\/wp-json\/wp\/v2\/categories?post=2033"},{"taxonomy":"post_tag","embeddable":true,"href":"https:\/\/seal.com.gt\/en\/wp-json\/wp\/v2\/tags?post=2033"}],"curies":[{"name":"wp","href":"https:\/\/api.w.org\/{rel}","templated":true}]}}