{"id":2038,"date":"2023-03-14T13:53:25","date_gmt":"2023-03-14T19:53:25","guid":{"rendered":"https:\/\/seal.com.gt\/?p=2038"},"modified":"2023-03-14T13:53:25","modified_gmt":"2023-03-14T19:53:25","slug":"guatemala-logra-avances-en-distintos-tratados-de-libre-comercio","status":"publish","type":"post","link":"https:\/\/seal.com.gt\/en\/guatemala-logra-avances-en-distintos-tratados-de-libre-comercio\/","title":{"rendered":"Guatemala logra avances en distintos tratados de libre comercio"},"content":{"rendered":"<p style=\"font-weight: 400\">Guatemala avanza en el seguimiento al<a href=\"https:\/\/seal.com.gt\/en\/que-beneficios-traera-para-guatemala-el-tlc-con-israel\/\" target=\"_blank\" rel=\"noopener\"> <strong>tratado de libre comercio (TLC) con Per\u00fa<\/strong><\/a>, suscrito en 2011, que persigue que los productos de exportaci\u00f3n de la naci\u00f3n inca, como pescados y conservas, ajos, esp\u00e1rragos, aceitunas y alcachofas, ingresen libres de aranceles, lo que <strong>forma parte de la estrategia de comercio exterior que promueve el Viceministerio de Inversi\u00f3n y Competencia del Ministerio de Econom\u00eda (Mineco).<\/strong><\/p>\n<p style=\"font-weight: 400\">Seg\u00fan lo dio a conocer la dependencia del Mineco, Guatemala se ha posicionado como un actor clave en la regi\u00f3n y se ha mostrado como un destino atractivo para la inversi\u00f3n extranjera, por lo que, adem\u00e1s, se negocia el <strong>Protocolo de Adhesi\u00f3n del TLC entre la Asociaci\u00f3n Europea de Libre Comercio (EFTA) y la regi\u00f3n, as\u00ed como con Canad\u00e1.<\/strong><\/p>\n<p style=\"font-weight: 400\">Adicionalmente, destac\u00f3 el fortalecimiento de acuerdos entre el Itsmo y Estados Unidos, en donde se tiene prevista la coordinaci\u00f3n de la Comisi\u00f3n Agr\u00edcola, que consiste en analizar la <strong>admisibilidad y extensi\u00f3n de productos agr\u00edcolas; por ejemplo, el aguacate, melocot\u00f3n y mangostino.<\/strong><\/p>\n<p>&#8220;Los acuerdos comerciales han incrementado los flujos de comercio\u00a0 e inversiones en\u00a0<strong>Guatemala<\/strong>\u00a0y de paso han ayudado fuertemente\u00a0 al desarrollo econ\u00f3mico y social de la naci\u00f3n, asegur\u00f3\u00a0<a href=\"https:\/\/seal.com.gt\/en\/\"><strong>el representante de SEAL, Servicios Especializados de Aduana y Log\u00edstica, V\u00edctor L\u00f3pez.<\/strong><\/a>\u00a0<\/p>\n<p style=\"font-weight: 400\">De igual forma, se trabaja en la consolidaci\u00f3n del TLC con M\u00e9xico y Chile, as\u00ed como el Acuerdo de Asociaci\u00f3n Centroamericana y <strong>Reino Unido, como una importante actualizaci\u00f3n de la estrategia regional de facilitaci\u00f3n de comercio y competitividad.<\/strong><\/p>\n<p style=\"font-weight: 400\">La citada entidad gubernamental resalt\u00f3 la firma del acuerdo bilateral con Israel realizado el a\u00f1o pasado, en el que se concedi\u00f3 al territorio nacional 10062 c\u00f3digos arancelarios del sistema armonizado israel\u00ed y a la inversa se otorgaron 3753 c\u00f3digos impositivos del <strong>Sistema Arancelario Centroamericano (SAC).<\/strong><\/p>","protected":false},"excerpt":{"rendered":"<p>Guatemala avanza en el seguimiento al tratado de libre comercio (TLC) con Per\u00fa, suscrito en 2011, que persigue que los productos de exportaci\u00f3n de la naci\u00f3n inca, como pescados y conservas, ajos, esp\u00e1rragos, aceitunas y alcachofas, ingresen libres de aranceles, lo que forma parte de la estrategia de comercio exterior que promueve el Viceministerio de [&hellip;]<\/p>\n","protected":false},"author":9,"featured_media":2039,"comment_status":"open","ping_status":"closed","sticky":false,"template":"","format":"standard","meta":{"footnotes":""},"categories":[1],"tags":[5,61,55,479,65,96],"class_list":["post-2038","post","type-post","status-publish","format-standard","has-post-thumbnail","hentry","category-blog","tag-aduana","tag-guatemala","tag-seal","tag-servicios-especialiados-de-aduana-y-logistica","tag-servicios-especializados-de-aduana-y-logistica","tag-victor-lopez"],"yoast_head":"<!-- This site is optimized with the Yoast SEO plugin v27.5 - https:\/\/yoast.com\/product\/yoast-seo-wordpress\/ -->\n<title>Guatemala logra avances en distintos tratados de libre comercio<\/title>\n<meta name=\"description\" content=\"Desde SEAL destacaron los tratados de libre comercio con Per\u00fa, Chile, M\u00e9xico, Estados Unidos e Israel. Es todo un avance se se\u00f1al\u00f3.\" \/>\n<meta name=\"robots\" content=\"index, follow, max-snippet:-1, max-image-preview:large, max-video-preview:-1\" \/>\n<link rel=\"canonical\" href=\"https:\/\/www.seal.com.gt\/guatemala-logra-avances-en-distintos-tratados-de-libre-comercio\/\" \/>\n<meta property=\"og:locale\" content=\"en_US\" \/>\n<meta property=\"og:type\" content=\"article\" \/>\n<meta property=\"og:title\" content=\"Guatemala logra avances en distintos tratados de libre comercio\" \/>\n<meta property=\"og:description\" content=\"Desde SEAL destacaron los tratados de libre comercio con Per\u00fa, Chile, M\u00e9xico, Estados Unidos e Israel. Es todo un avance se se\u00f1al\u00f3.\" \/>\n<meta property=\"og:url\" content=\"https:\/\/www.seal.com.gt\/guatemala-logra-avances-en-distintos-tratados-de-libre-comercio\/\" \/>\n<meta property=\"og:site_name\" content=\"SEAL\" \/>\n<meta property=\"article:publisher\" content=\"https:\/\/www.facebook.com\/sealgt\/\" \/>\n<meta property=\"article:published_time\" content=\"2023-03-14T19:53:25+00:00\" \/>\n<meta property=\"og:image\" content=\"https:\/\/www.seal.com.gt\/wp-content\/uploads\/2023\/03\/Exportaciones.jpg\" \/>\n\t<meta property=\"og:image:width\" content=\"765\" \/>\n\t<meta property=\"og:image:height\" content=\"550\" \/>\n\t<meta property=\"og:image:type\" content=\"image\/jpeg\" \/>\n<meta name=\"author\" content=\"Carlos Fernandez\" \/>\n<meta name=\"twitter:card\" content=\"summary_large_image\" \/>\n<meta name=\"twitter:creator\" content=\"@SealGT\" \/>\n<meta name=\"twitter:site\" content=\"@SealGT\" \/>\n<meta name=\"twitter:label1\" content=\"Written by\" \/>\n\t<meta name=\"twitter:data1\" content=\"Carlos Fernandez\" \/>\n\t<meta name=\"twitter:label2\" content=\"Est. reading time\" \/>\n\t<meta name=\"twitter:data2\" content=\"2 minutes\" \/>\n<script type=\"application\/ld+json\" class=\"yoast-schema-graph\">{\"@context\":\"https:\\\/\\\/schema.org\",\"@graph\":[{\"@type\":\"Article\",\"@id\":\"https:\\\/\\\/www.seal.com.gt\\\/guatemala-logra-avances-en-distintos-tratados-de-libre-comercio\\\/#article\",\"isPartOf\":{\"@id\":\"https:\\\/\\\/www.seal.com.gt\\\/guatemala-logra-avances-en-distintos-tratados-de-libre-comercio\\\/\"},\"author\":{\"name\":\"Carlos Fernandez\",\"@id\":\"https:\\\/\\\/www.seal.com.gt\\\/en\\\/#\\\/schema\\\/person\\\/bdaade145a7d4c0e4e550ce8a3a8c9aa\"},\"headline\":\"Guatemala logra avances en distintos tratados de libre comercio\",\"datePublished\":\"2023-03-14T19:53:25+00:00\",\"mainEntityOfPage\":{\"@id\":\"https:\\\/\\\/www.seal.com.gt\\\/guatemala-logra-avances-en-distintos-tratados-de-libre-comercio\\\/\"},\"wordCount\":323,\"commentCount\":0,\"publisher\":{\"@id\":\"https:\\\/\\\/www.seal.com.gt\\\/en\\\/#organization\"},\"image\":{\"@id\":\"https:\\\/\\\/www.seal.com.gt\\\/guatemala-logra-avances-en-distintos-tratados-de-libre-comercio\\\/#primaryimage\"},\"thumbnailUrl\":\"https:\\\/\\\/seal.com.gt\\\/wp-content\\\/uploads\\\/2023\\\/03\\\/Exportaciones.jpg\",\"keywords\":[\"aduana\",\"guatemala\",\"SEAL\",\"servicios especialiados de aduana y log\u00edstica\",\"servicios especializados de aduana y log\u00edstica\",\"v\u00edctor l\u00f3pez\"],\"articleSection\":[\"Blog\"],\"inLanguage\":\"en-US\",\"potentialAction\":[{\"@type\":\"CommentAction\",\"name\":\"Comment\",\"target\":[\"https:\\\/\\\/www.seal.com.gt\\\/guatemala-logra-avances-en-distintos-tratados-de-libre-comercio\\\/#respond\"]}]},{\"@type\":\"WebPage\",\"@id\":\"https:\\\/\\\/www.seal.com.gt\\\/guatemala-logra-avances-en-distintos-tratados-de-libre-comercio\\\/\",\"url\":\"https:\\\/\\\/www.seal.com.gt\\\/guatemala-logra-avances-en-distintos-tratados-de-libre-comercio\\\/\",\"name\":\"Guatemala logra avances en distintos tratados de libre comercio\",\"isPartOf\":{\"@id\":\"https:\\\/\\\/www.seal.com.gt\\\/en\\\/#website\"},\"primaryImageOfPage\":{\"@id\":\"https:\\\/\\\/www.seal.com.gt\\\/guatemala-logra-avances-en-distintos-tratados-de-libre-comercio\\\/#primaryimage\"},\"image\":{\"@id\":\"https:\\\/\\\/www.seal.com.gt\\\/guatemala-logra-avances-en-distintos-tratados-de-libre-comercio\\\/#primaryimage\"},\"thumbnailUrl\":\"https:\\\/\\\/seal.com.gt\\\/wp-content\\\/uploads\\\/2023\\\/03\\\/Exportaciones.jpg\",\"datePublished\":\"2023-03-14T19:53:25+00:00\",\"description\":\"Desde SEAL destacaron los tratados de libre comercio con Per\u00fa, Chile, M\u00e9xico, Estados Unidos e Israel. Es todo un avance se se\u00f1al\u00f3.\",\"breadcrumb\":{\"@id\":\"https:\\\/\\\/www.seal.com.gt\\\/guatemala-logra-avances-en-distintos-tratados-de-libre-comercio\\\/#breadcrumb\"},\"inLanguage\":\"en-US\",\"potentialAction\":[{\"@type\":\"ReadAction\",\"target\":[\"https:\\\/\\\/www.seal.com.gt\\\/guatemala-logra-avances-en-distintos-tratados-de-libre-comercio\\\/\"]}]},{\"@type\":\"ImageObject\",\"inLanguage\":\"en-US\",\"@id\":\"https:\\\/\\\/www.seal.com.gt\\\/guatemala-logra-avances-en-distintos-tratados-de-libre-comercio\\\/#primaryimage\",\"url\":\"https:\\\/\\\/seal.com.gt\\\/wp-content\\\/uploads\\\/2023\\\/03\\\/Exportaciones.jpg\",\"contentUrl\":\"https:\\\/\\\/seal.com.gt\\\/wp-content\\\/uploads\\\/2023\\\/03\\\/Exportaciones.jpg\",\"width\":765,\"height\":550},{\"@type\":\"BreadcrumbList\",\"@id\":\"https:\\\/\\\/www.seal.com.gt\\\/guatemala-logra-avances-en-distintos-tratados-de-libre-comercio\\\/#breadcrumb\",\"itemListElement\":[{\"@type\":\"ListItem\",\"position\":1,\"name\":\"Portada\",\"item\":\"https:\\\/\\\/seal.com.gt\\\/\"},{\"@type\":\"ListItem\",\"position\":2,\"name\":\"Guatemala logra avances en distintos tratados de libre comercio\"}]},{\"@type\":\"WebSite\",\"@id\":\"https:\\\/\\\/www.seal.com.gt\\\/en\\\/#website\",\"url\":\"https:\\\/\\\/www.seal.com.gt\\\/en\\\/\",\"name\":\"SEAL\",\"description\":\"Servicios especializados de aduana y log\u00edstica\",\"publisher\":{\"@id\":\"https:\\\/\\\/www.seal.com.gt\\\/en\\\/#organization\"},\"potentialAction\":[{\"@type\":\"SearchAction\",\"target\":{\"@type\":\"EntryPoint\",\"urlTemplate\":\"https:\\\/\\\/www.seal.com.gt\\\/en\\\/?s={search_term_string}\"},\"query-input\":{\"@type\":\"PropertyValueSpecification\",\"valueRequired\":true,\"valueName\":\"search_term_string\"}}],\"inLanguage\":\"en-US\"},{\"@type\":\"Organization\",\"@id\":\"https:\\\/\\\/www.seal.com.gt\\\/en\\\/#organization\",\"name\":\"Servicios Especializados de Aduana y Logistica\",\"url\":\"https:\\\/\\\/www.seal.com.gt\\\/en\\\/\",\"logo\":{\"@type\":\"ImageObject\",\"inLanguage\":\"en-US\",\"@id\":\"https:\\\/\\\/www.seal.com.gt\\\/en\\\/#\\\/schema\\\/logo\\\/image\\\/\",\"url\":\"https:\\\/\\\/seal.com.gt\\\/wp-content\\\/uploads\\\/2019\\\/07\\\/seal-guatemala.png\",\"contentUrl\":\"https:\\\/\\\/seal.com.gt\\\/wp-content\\\/uploads\\\/2019\\\/07\\\/seal-guatemala.png\",\"width\":110,\"height\":75,\"caption\":\"Servicios Especializados de Aduana y Logistica\"},\"image\":{\"@id\":\"https:\\\/\\\/www.seal.com.gt\\\/en\\\/#\\\/schema\\\/logo\\\/image\\\/\"},\"sameAs\":[\"https:\\\/\\\/www.facebook.com\\\/sealgt\\\/\",\"https:\\\/\\\/x.com\\\/SealGT\",\"https:\\\/\\\/www.instagram.com\\\/sealgt_\\\/\",\"https:\\\/\\\/www.linkedin.com\\\/company\\\/sealgt\\\/\",\"https:\\\/\\\/www.youtube.com\\\/channel\\\/UCR7Hlb1FvtE-_dX61LGES_w\"]},{\"@type\":\"Person\",\"@id\":\"https:\\\/\\\/www.seal.com.gt\\\/en\\\/#\\\/schema\\\/person\\\/bdaade145a7d4c0e4e550ce8a3a8c9aa\",\"name\":\"Carlos Fernandez\",\"image\":{\"@type\":\"ImageObject\",\"inLanguage\":\"en-US\",\"@id\":\"https:\\\/\\\/secure.gravatar.com\\\/avatar\\\/58d46d11b3ee03e1c767195c40dc71152c0851754aaf267b52fcee7abb624f2b?s=96&d=mm&r=g\",\"url\":\"https:\\\/\\\/secure.gravatar.com\\\/avatar\\\/58d46d11b3ee03e1c767195c40dc71152c0851754aaf267b52fcee7abb624f2b?s=96&d=mm&r=g\",\"contentUrl\":\"https:\\\/\\\/secure.gravatar.com\\\/avatar\\\/58d46d11b3ee03e1c767195c40dc71152c0851754aaf267b52fcee7abb624f2b?s=96&d=mm&r=g\",\"caption\":\"Carlos Fernandez\"},\"url\":\"https:\\\/\\\/seal.com.gt\\\/en\\\/author\\\/carlos-fernandez\\\/\"}]}<\/script>\n<!-- \/ Yoast SEO plugin. -->","yoast_head_json":{"title":"Guatemala logra avances en distintos tratados de libre comercio","description":"Desde SEAL destacaron los tratados de libre comercio con Per\u00fa, Chile, M\u00e9xico, Estados Unidos e Israel. Es todo un avance se se\u00f1al\u00f3.","robots":{"index":"index","follow":"follow","max-snippet":"max-snippet:-1","max-image-preview":"max-image-preview:large","max-video-preview":"max-video-preview:-1"},"canonical":"https:\/\/www.seal.com.gt\/guatemala-logra-avances-en-distintos-tratados-de-libre-comercio\/","og_locale":"en_US","og_type":"article","og_title":"Guatemala logra avances en distintos tratados de libre comercio","og_description":"Desde SEAL destacaron los tratados de libre comercio con Per\u00fa, Chile, M\u00e9xico, Estados Unidos e Israel. Es todo un avance se se\u00f1al\u00f3.","og_url":"https:\/\/www.seal.com.gt\/guatemala-logra-avances-en-distintos-tratados-de-libre-comercio\/","og_site_name":"SEAL","article_publisher":"https:\/\/www.facebook.com\/sealgt\/","article_published_time":"2023-03-14T19:53:25+00:00","og_image":[{"width":765,"height":550,"url":"https:\/\/www.seal.com.gt\/wp-content\/uploads\/2023\/03\/Exportaciones.jpg","type":"image\/jpeg"}],"author":"Carlos Fernandez","twitter_card":"summary_large_image","twitter_creator":"@SealGT","twitter_site":"@SealGT","twitter_misc":{"Written by":"Carlos Fernandez","Est. reading time":"2 minutes"},"schema":{"@context":"https:\/\/schema.org","@graph":[{"@type":"Article","@id":"https:\/\/www.seal.com.gt\/guatemala-logra-avances-en-distintos-tratados-de-libre-comercio\/#article","isPartOf":{"@id":"https:\/\/www.seal.com.gt\/guatemala-logra-avances-en-distintos-tratados-de-libre-comercio\/"},"author":{"name":"Carlos Fernandez","@id":"https:\/\/www.seal.com.gt\/en\/#\/schema\/person\/bdaade145a7d4c0e4e550ce8a3a8c9aa"},"headline":"Guatemala logra avances en distintos tratados de libre comercio","datePublished":"2023-03-14T19:53:25+00:00","mainEntityOfPage":{"@id":"https:\/\/www.seal.com.gt\/guatemala-logra-avances-en-distintos-tratados-de-libre-comercio\/"},"wordCount":323,"commentCount":0,"publisher":{"@id":"https:\/\/www.seal.com.gt\/en\/#organization"},"image":{"@id":"https:\/\/www.seal.com.gt\/guatemala-logra-avances-en-distintos-tratados-de-libre-comercio\/#primaryimage"},"thumbnailUrl":"https:\/\/seal.com.gt\/wp-content\/uploads\/2023\/03\/Exportaciones.jpg","keywords":["aduana","guatemala","SEAL","servicios especialiados de aduana y log\u00edstica","servicios especializados de aduana y log\u00edstica","v\u00edctor l\u00f3pez"],"articleSection":["Blog"],"inLanguage":"en-US","potentialAction":[{"@type":"CommentAction","name":"Comment","target":["https:\/\/www.seal.com.gt\/guatemala-logra-avances-en-distintos-tratados-de-libre-comercio\/#respond"]}]},{"@type":"WebPage","@id":"https:\/\/www.seal.com.gt\/guatemala-logra-avances-en-distintos-tratados-de-libre-comercio\/","url":"https:\/\/www.seal.com.gt\/guatemala-logra-avances-en-distintos-tratados-de-libre-comercio\/","name":"Guatemala logra avances en distintos tratados de libre comercio","isPartOf":{"@id":"https:\/\/www.seal.com.gt\/en\/#website"},"primaryImageOfPage":{"@id":"https:\/\/www.seal.com.gt\/guatemala-logra-avances-en-distintos-tratados-de-libre-comercio\/#primaryimage"},"image":{"@id":"https:\/\/www.seal.com.gt\/guatemala-logra-avances-en-distintos-tratados-de-libre-comercio\/#primaryimage"},"thumbnailUrl":"https:\/\/seal.com.gt\/wp-content\/uploads\/2023\/03\/Exportaciones.jpg","datePublished":"2023-03-14T19:53:25+00:00","description":"Desde SEAL destacaron los tratados de libre comercio con Per\u00fa, Chile, M\u00e9xico, Estados Unidos e Israel. Es todo un avance se se\u00f1al\u00f3.","breadcrumb":{"@id":"https:\/\/www.seal.com.gt\/guatemala-logra-avances-en-distintos-tratados-de-libre-comercio\/#breadcrumb"},"inLanguage":"en-US","potentialAction":[{"@type":"ReadAction","target":["https:\/\/www.seal.com.gt\/guatemala-logra-avances-en-distintos-tratados-de-libre-comercio\/"]}]},{"@type":"ImageObject","inLanguage":"en-US","@id":"https:\/\/www.seal.com.gt\/guatemala-logra-avances-en-distintos-tratados-de-libre-comercio\/#primaryimage","url":"https:\/\/seal.com.gt\/wp-content\/uploads\/2023\/03\/Exportaciones.jpg","contentUrl":"https:\/\/seal.com.gt\/wp-content\/uploads\/2023\/03\/Exportaciones.jpg","width":765,"height":550},{"@type":"BreadcrumbList","@id":"https:\/\/www.seal.com.gt\/guatemala-logra-avances-en-distintos-tratados-de-libre-comercio\/#breadcrumb","itemListElement":[{"@type":"ListItem","position":1,"name":"Portada","item":"https:\/\/seal.com.gt\/"},{"@type":"ListItem","position":2,"name":"Guatemala logra avances en distintos tratados de libre comercio"}]},{"@type":"WebSite","@id":"https:\/\/www.seal.com.gt\/en\/#website","url":"https:\/\/www.seal.com.gt\/en\/","name":"SEAL","description":"Servicios especializados de aduana y log\u00edstica","publisher":{"@id":"https:\/\/www.seal.com.gt\/en\/#organization"},"potentialAction":[{"@type":"SearchAction","target":{"@type":"EntryPoint","urlTemplate":"https:\/\/www.seal.com.gt\/en\/?s={search_term_string}"},"query-input":{"@type":"PropertyValueSpecification","valueRequired":true,"valueName":"search_term_string"}}],"inLanguage":"en-US"},{"@type":"Organization","@id":"https:\/\/www.seal.com.gt\/en\/#organization","name":"Servicios Especializados de Aduana y Logistica","url":"https:\/\/www.seal.com.gt\/en\/","logo":{"@type":"ImageObject","inLanguage":"en-US","@id":"https:\/\/www.seal.com.gt\/en\/#\/schema\/logo\/image\/","url":"https:\/\/seal.com.gt\/wp-content\/uploads\/2019\/07\/seal-guatemala.png","contentUrl":"https:\/\/seal.com.gt\/wp-content\/uploads\/2019\/07\/seal-guatemala.png","width":110,"height":75,"caption":"Servicios Especializados de Aduana y Logistica"},"image":{"@id":"https:\/\/www.seal.com.gt\/en\/#\/schema\/logo\/image\/"},"sameAs":["https:\/\/www.facebook.com\/sealgt\/","https:\/\/x.com\/SealGT","https:\/\/www.instagram.com\/sealgt_\/","https:\/\/www.linkedin.com\/company\/sealgt\/","https:\/\/www.youtube.com\/channel\/UCR7Hlb1FvtE-_dX61LGES_w"]},{"@type":"Person","@id":"https:\/\/www.seal.com.gt\/en\/#\/schema\/person\/bdaade145a7d4c0e4e550ce8a3a8c9aa","name":"Carlos Fernandez","image":{"@type":"ImageObject","inLanguage":"en-US","@id":"https:\/\/secure.gravatar.com\/avatar\/58d46d11b3ee03e1c767195c40dc71152c0851754aaf267b52fcee7abb624f2b?s=96&d=mm&r=g","url":"https:\/\/secure.gravatar.com\/avatar\/58d46d11b3ee03e1c767195c40dc71152c0851754aaf267b52fcee7abb624f2b?s=96&d=mm&r=g","contentUrl":"https:\/\/secure.gravatar.com\/avatar\/58d46d11b3ee03e1c767195c40dc71152c0851754aaf267b52fcee7abb624f2b?s=96&d=mm&r=g","caption":"Carlos Fernandez"},"url":"https:\/\/seal.com.gt\/en\/author\/carlos-fernandez\/"}]}},"_links":{"self":[{"href":"https:\/\/seal.com.gt\/en\/wp-json\/wp\/v2\/posts\/2038","targetHints":{"allow":["GET"]}}],"collection":[{"href":"https:\/\/seal.com.gt\/en\/wp-json\/wp\/v2\/posts"}],"about":[{"href":"https:\/\/seal.com.gt\/en\/wp-json\/wp\/v2\/types\/post"}],"author":[{"embeddable":true,"href":"https:\/\/seal.com.gt\/en\/wp-json\/wp\/v2\/users\/9"}],"replies":[{"embeddable":true,"href":"https:\/\/seal.com.gt\/en\/wp-json\/wp\/v2\/comments?post=2038"}],"version-history":[{"count":0,"href":"https:\/\/seal.com.gt\/en\/wp-json\/wp\/v2\/posts\/2038\/revisions"}],"wp:featuredmedia":[{"embeddable":true,"href":"https:\/\/seal.com.gt\/en\/wp-json\/wp\/v2\/media\/2039"}],"wp:attachment":[{"href":"https:\/\/seal.com.gt\/en\/wp-json\/wp\/v2\/media?parent=2038"}],"wp:term":[{"taxonomy":"category","embeddable":true,"href":"https:\/\/seal.com.gt\/en\/wp-json\/wp\/v2\/categories?post=2038"},{"taxonomy":"post_tag","embeddable":true,"href":"https:\/\/seal.com.gt\/en\/wp-json\/wp\/v2\/tags?post=2038"}],"curies":[{"name":"wp","href":"https:\/\/api.w.org\/{rel}","templated":true}]}}