{"id":2050,"date":"2023-04-11T10:13:59","date_gmt":"2023-04-11T16:13:59","guid":{"rendered":"https:\/\/seal.com.gt\/?p=2050"},"modified":"2023-04-11T10:17:26","modified_gmt":"2023-04-11T16:17:26","slug":"guatemala-y-taiwan-reafirmaron-alianza-y-cooperacion-mutua","status":"publish","type":"post","link":"https:\/\/seal.com.gt\/en\/guatemala-y-taiwan-reafirmaron-alianza-y-cooperacion-mutua\/","title":{"rendered":"Guatemala y Taiw\u00e1n reafirmaron alianza y cooperaci\u00f3n mutua"},"content":{"rendered":"<p style=\"font-weight: 400\">La presidenta de <strong>Taiw\u00e1n, Tsai Ing-wen,<\/strong> y su hom\u00f3logo guatemalteco, <a href=\"https:\/\/seal.com.gt\/en\/blog\/\" target=\"_blank\" rel=\"noopener\"><strong>Alejandro Giammattei<\/strong><\/a>, reafirmaron su alianza y se comprometieron a seguir trabajando en beneficio mutuo.<\/p>\n<p style=\"font-weight: 400\">Seg\u00fan public\u00f3 EFE, la alianza se dio durante la recorrida de ambas comitivas al Parque Nacional en el departamento de Pet\u00e9n, en el segundo d\u00eda de los tres que dur\u00f3 la visita de Ing-wen al pa\u00eds, la cual Giammattei consider\u00f3 \u201cmuy significativa\u201d.<\/p>\n<p>\u201cLos acuerdos comerciales han incrementado los flujos de comercio\u00a0 e inversiones en\u00a0<strong>Guatemala<\/strong>\u00a0y de paso han ayudado fuertemente\u00a0 al desarrollo econ\u00f3mico y social de la naci\u00f3n, asegur\u00f3\u00a0<a href=\"https:\/\/seal.com.gt\/en\/\"><strong>el representante de SEAL, Servicios Especializados de Aduana y Log\u00edstica, V\u00edctor L\u00f3pez.<\/strong><\/a>\u00a0<\/p>\n<p style=\"font-weight: 400\">\u201cEs un orgullo que la presidenta se encuentre en este parque que fue declarado como Patrimonio Cultural de la Humanidad por Naciones Unidas en 1979\u2033, agregaron. La recorrida incluy\u00f3 una tradicional ceremonia espiritual frente al templo <strong>\u201cGran Jaguar\u201d, construido por la civilizaci\u00f3n maya en el a\u00f1o 734, y oficiada por un grupo de sacerdotes.<\/strong><\/p>\n<p style=\"font-weight: 400\">Adem\u00e1s, se realizaron una serie de actos culturales, que incluy\u00f3 la representaci\u00f3n del \u201cjuego de pelota maya\u201d, un ritual espiritual y b\u00e9lico practicado por este grupo desde el 1.400 a.C.<\/p>\n<p style=\"font-weight: 400\">Tsai Ing-wen lleg\u00f3 al pa\u00eds en el marco de una visita oficial con la que busca reforzar sus lazos diplom\u00e1ticos con Guatemala y B\u00e9lice, las dos \u00fanicas naciones en la regi\u00f3n con la que a\u00fan mantiene relaciones bilaterales.<\/p>\n<p style=\"font-weight: 400\">D\u00edas atr\u00e1s, Honduras anunci\u00f3 el cese de su alianza tras ocho d\u00e9cadas, en busca de mayores intercambios con China. De esta manera, sigui\u00f3 los pasos de <strong>Nicaragua, El Salvador, Panam\u00e1 y Costa Rica que, desde 2007, han estado restando su apoyo a la isla. Por el contrario, Guatemala y Taiw\u00e1n celebraron el pasado noviembre 62 a\u00f1os de relaciones bilaterales.<\/strong><\/p>\n<p style=\"font-weight: 400\">Es por ello que, la mandataria asi\u00e1tica celebr\u00f3 el v\u00ednculo con Guatemala, pa\u00eds al que calific\u00f3 de un \u201cs\u00f3lido aliado\u201d y asegur\u00f3 que con su visita se facilitar\u00e1n nuevos acuerdos en materias como salud, energ\u00eda y educaci\u00f3n.<\/p>\n<p style=\"font-weight: 400\">Por su parte, Giammattei le respondi\u00f3 diciendo que su amistad es \u201cinquebrantable\u201d y destac\u00f3 que, para su naci\u00f3n, la isla es la \u201c<strong>\u00fanica y verdadera China\u201d, en referencia al reclamo de Beijing por la soberan\u00eda de Taiw\u00e1n a la que considera una provincia rebelde.<\/strong><\/p>\n<p style=\"font-weight: 400\">Entre la cooperaci\u00f3n que los pa\u00edses se han brindado el \u00faltimo tiempo destac\u00f3 el apoyo de Guatemala a finales de 2022, cuando China emprendi\u00f3 una serie de intensas maniobras militares en las cercan\u00edas de la isla, en el oc\u00e9ano Pac\u00edfico noroccidental. <strong>En tanto, Taiw\u00e1n invirti\u00f3 recientemente m\u00e1s de USD 22 millones que estuvieron destinados al Hospital Nacional de Chimaltenango<\/strong>, que fue construido en 18 meses, y fue inaugurado recientemente.<\/p>","protected":false},"excerpt":{"rendered":"<p>La presidenta de Taiw\u00e1n, Tsai Ing-wen, y su hom\u00f3logo guatemalteco, Alejandro Giammattei, reafirmaron su alianza y se comprometieron a seguir trabajando en beneficio mutuo. Seg\u00fan public\u00f3 EFE, la alianza se dio durante la recorrida de ambas comitivas al Parque Nacional en el departamento de Pet\u00e9n, en el segundo d\u00eda de los tres que dur\u00f3 la [&hellip;]<\/p>\n","protected":false},"author":9,"featured_media":2051,"comment_status":"open","ping_status":"closed","sticky":false,"template":"","format":"standard","meta":{"footnotes":""},"categories":[1],"tags":[536,61,325,391,55,535],"class_list":["post-2050","post","type-post","status-publish","format-standard","has-post-thumbnail","hentry","category-blog","tag-asia","tag-guatemala","tag-mercados","tag-negocios","tag-seal","tag-taiwan"],"yoast_head":"<!-- This site is optimized with the Yoast SEO plugin v27.5 - https:\/\/yoast.com\/product\/yoast-seo-wordpress\/ -->\n<title>Guatemala y Taiw\u00e1n reafirmaron alianza y cooperaci\u00f3n mutua<\/title>\n<meta name=\"description\" content=\"La mandataria asi\u00e1tica calific\u00f3 a Guatemala como un \u201cs\u00f3lido aliado\u201d y asegur\u00f3 que con su visita se facilitar\u00e1n nuevos acuerdos.\" \/>\n<meta name=\"robots\" content=\"index, follow, max-snippet:-1, max-image-preview:large, max-video-preview:-1\" \/>\n<link rel=\"canonical\" href=\"https:\/\/www.seal.com.gt\/guatemala-y-taiwan-reafirmaron-alianza-y-cooperacion-mutua\/\" \/>\n<meta property=\"og:locale\" content=\"en_US\" \/>\n<meta property=\"og:type\" content=\"article\" \/>\n<meta property=\"og:title\" content=\"Guatemala y Taiw\u00e1n reafirmaron alianza y cooperaci\u00f3n mutua\" \/>\n<meta property=\"og:description\" content=\"La mandataria asi\u00e1tica calific\u00f3 a Guatemala como un \u201cs\u00f3lido aliado\u201d y asegur\u00f3 que con su visita se facilitar\u00e1n nuevos acuerdos.\" \/>\n<meta property=\"og:url\" content=\"https:\/\/www.seal.com.gt\/guatemala-y-taiwan-reafirmaron-alianza-y-cooperacion-mutua\/\" \/>\n<meta property=\"og:site_name\" content=\"SEAL\" \/>\n<meta property=\"article:publisher\" content=\"https:\/\/www.facebook.com\/sealgt\/\" \/>\n<meta property=\"article:published_time\" content=\"2023-04-11T16:13:59+00:00\" \/>\n<meta property=\"article:modified_time\" content=\"2023-04-11T16:17:26+00:00\" \/>\n<meta property=\"og:image\" content=\"https:\/\/www.seal.com.gt\/wp-content\/uploads\/2023\/04\/Guatemala.jpg\" \/>\n\t<meta property=\"og:image:width\" content=\"765\" \/>\n\t<meta property=\"og:image:height\" content=\"550\" \/>\n\t<meta property=\"og:image:type\" content=\"image\/jpeg\" \/>\n<meta name=\"author\" content=\"Carlos Fernandez\" \/>\n<meta name=\"twitter:card\" content=\"summary_large_image\" \/>\n<meta name=\"twitter:creator\" content=\"@SealGT\" \/>\n<meta name=\"twitter:site\" content=\"@SealGT\" \/>\n<meta name=\"twitter:label1\" content=\"Written by\" \/>\n\t<meta name=\"twitter:data1\" content=\"Carlos Fernandez\" \/>\n\t<meta name=\"twitter:label2\" content=\"Est. reading time\" \/>\n\t<meta name=\"twitter:data2\" content=\"2 minutes\" \/>\n<script type=\"application\/ld+json\" class=\"yoast-schema-graph\">{\"@context\":\"https:\\\/\\\/schema.org\",\"@graph\":[{\"@type\":\"Article\",\"@id\":\"https:\\\/\\\/www.seal.com.gt\\\/guatemala-y-taiwan-reafirmaron-alianza-y-cooperacion-mutua\\\/#article\",\"isPartOf\":{\"@id\":\"https:\\\/\\\/www.seal.com.gt\\\/guatemala-y-taiwan-reafirmaron-alianza-y-cooperacion-mutua\\\/\"},\"author\":{\"name\":\"Carlos Fernandez\",\"@id\":\"https:\\\/\\\/www.seal.com.gt\\\/en\\\/#\\\/schema\\\/person\\\/bdaade145a7d4c0e4e550ce8a3a8c9aa\"},\"headline\":\"Guatemala y Taiw\u00e1n reafirmaron alianza y cooperaci\u00f3n mutua\",\"datePublished\":\"2023-04-11T16:13:59+00:00\",\"dateModified\":\"2023-04-11T16:17:26+00:00\",\"mainEntityOfPage\":{\"@id\":\"https:\\\/\\\/www.seal.com.gt\\\/guatemala-y-taiwan-reafirmaron-alianza-y-cooperacion-mutua\\\/\"},\"wordCount\":483,\"commentCount\":0,\"publisher\":{\"@id\":\"https:\\\/\\\/www.seal.com.gt\\\/en\\\/#organization\"},\"image\":{\"@id\":\"https:\\\/\\\/www.seal.com.gt\\\/guatemala-y-taiwan-reafirmaron-alianza-y-cooperacion-mutua\\\/#primaryimage\"},\"thumbnailUrl\":\"https:\\\/\\\/seal.com.gt\\\/wp-content\\\/uploads\\\/2023\\\/04\\\/Guatemala.jpg\",\"keywords\":[\"asia\",\"guatemala\",\"mercados\",\"negocios\",\"SEAL\",\"taiw\u00e1n\"],\"articleSection\":[\"Blog\"],\"inLanguage\":\"en-US\",\"potentialAction\":[{\"@type\":\"CommentAction\",\"name\":\"Comment\",\"target\":[\"https:\\\/\\\/www.seal.com.gt\\\/guatemala-y-taiwan-reafirmaron-alianza-y-cooperacion-mutua\\\/#respond\"]}]},{\"@type\":\"WebPage\",\"@id\":\"https:\\\/\\\/www.seal.com.gt\\\/guatemala-y-taiwan-reafirmaron-alianza-y-cooperacion-mutua\\\/\",\"url\":\"https:\\\/\\\/www.seal.com.gt\\\/guatemala-y-taiwan-reafirmaron-alianza-y-cooperacion-mutua\\\/\",\"name\":\"Guatemala y Taiw\u00e1n reafirmaron alianza y cooperaci\u00f3n mutua\",\"isPartOf\":{\"@id\":\"https:\\\/\\\/www.seal.com.gt\\\/en\\\/#website\"},\"primaryImageOfPage\":{\"@id\":\"https:\\\/\\\/www.seal.com.gt\\\/guatemala-y-taiwan-reafirmaron-alianza-y-cooperacion-mutua\\\/#primaryimage\"},\"image\":{\"@id\":\"https:\\\/\\\/www.seal.com.gt\\\/guatemala-y-taiwan-reafirmaron-alianza-y-cooperacion-mutua\\\/#primaryimage\"},\"thumbnailUrl\":\"https:\\\/\\\/seal.com.gt\\\/wp-content\\\/uploads\\\/2023\\\/04\\\/Guatemala.jpg\",\"datePublished\":\"2023-04-11T16:13:59+00:00\",\"dateModified\":\"2023-04-11T16:17:26+00:00\",\"description\":\"La mandataria asi\u00e1tica calific\u00f3 a Guatemala como un \u201cs\u00f3lido aliado\u201d y asegur\u00f3 que con su visita se facilitar\u00e1n nuevos acuerdos.\",\"breadcrumb\":{\"@id\":\"https:\\\/\\\/www.seal.com.gt\\\/guatemala-y-taiwan-reafirmaron-alianza-y-cooperacion-mutua\\\/#breadcrumb\"},\"inLanguage\":\"en-US\",\"potentialAction\":[{\"@type\":\"ReadAction\",\"target\":[\"https:\\\/\\\/www.seal.com.gt\\\/guatemala-y-taiwan-reafirmaron-alianza-y-cooperacion-mutua\\\/\"]}]},{\"@type\":\"ImageObject\",\"inLanguage\":\"en-US\",\"@id\":\"https:\\\/\\\/www.seal.com.gt\\\/guatemala-y-taiwan-reafirmaron-alianza-y-cooperacion-mutua\\\/#primaryimage\",\"url\":\"https:\\\/\\\/seal.com.gt\\\/wp-content\\\/uploads\\\/2023\\\/04\\\/Guatemala.jpg\",\"contentUrl\":\"https:\\\/\\\/seal.com.gt\\\/wp-content\\\/uploads\\\/2023\\\/04\\\/Guatemala.jpg\",\"width\":765,\"height\":550},{\"@type\":\"BreadcrumbList\",\"@id\":\"https:\\\/\\\/www.seal.com.gt\\\/guatemala-y-taiwan-reafirmaron-alianza-y-cooperacion-mutua\\\/#breadcrumb\",\"itemListElement\":[{\"@type\":\"ListItem\",\"position\":1,\"name\":\"Portada\",\"item\":\"https:\\\/\\\/seal.com.gt\\\/\"},{\"@type\":\"ListItem\",\"position\":2,\"name\":\"Guatemala y Taiw\u00e1n reafirmaron alianza y cooperaci\u00f3n mutua\"}]},{\"@type\":\"WebSite\",\"@id\":\"https:\\\/\\\/www.seal.com.gt\\\/en\\\/#website\",\"url\":\"https:\\\/\\\/www.seal.com.gt\\\/en\\\/\",\"name\":\"SEAL\",\"description\":\"Servicios especializados de aduana y log\u00edstica\",\"publisher\":{\"@id\":\"https:\\\/\\\/www.seal.com.gt\\\/en\\\/#organization\"},\"potentialAction\":[{\"@type\":\"SearchAction\",\"target\":{\"@type\":\"EntryPoint\",\"urlTemplate\":\"https:\\\/\\\/www.seal.com.gt\\\/en\\\/?s={search_term_string}\"},\"query-input\":{\"@type\":\"PropertyValueSpecification\",\"valueRequired\":true,\"valueName\":\"search_term_string\"}}],\"inLanguage\":\"en-US\"},{\"@type\":\"Organization\",\"@id\":\"https:\\\/\\\/www.seal.com.gt\\\/en\\\/#organization\",\"name\":\"Servicios Especializados de Aduana y Logistica\",\"url\":\"https:\\\/\\\/www.seal.com.gt\\\/en\\\/\",\"logo\":{\"@type\":\"ImageObject\",\"inLanguage\":\"en-US\",\"@id\":\"https:\\\/\\\/www.seal.com.gt\\\/en\\\/#\\\/schema\\\/logo\\\/image\\\/\",\"url\":\"https:\\\/\\\/seal.com.gt\\\/wp-content\\\/uploads\\\/2019\\\/07\\\/seal-guatemala.png\",\"contentUrl\":\"https:\\\/\\\/seal.com.gt\\\/wp-content\\\/uploads\\\/2019\\\/07\\\/seal-guatemala.png\",\"width\":110,\"height\":75,\"caption\":\"Servicios Especializados de Aduana y Logistica\"},\"image\":{\"@id\":\"https:\\\/\\\/www.seal.com.gt\\\/en\\\/#\\\/schema\\\/logo\\\/image\\\/\"},\"sameAs\":[\"https:\\\/\\\/www.facebook.com\\\/sealgt\\\/\",\"https:\\\/\\\/x.com\\\/SealGT\",\"https:\\\/\\\/www.instagram.com\\\/sealgt_\\\/\",\"https:\\\/\\\/www.linkedin.com\\\/company\\\/sealgt\\\/\",\"https:\\\/\\\/www.youtube.com\\\/channel\\\/UCR7Hlb1FvtE-_dX61LGES_w\"]},{\"@type\":\"Person\",\"@id\":\"https:\\\/\\\/www.seal.com.gt\\\/en\\\/#\\\/schema\\\/person\\\/bdaade145a7d4c0e4e550ce8a3a8c9aa\",\"name\":\"Carlos Fernandez\",\"image\":{\"@type\":\"ImageObject\",\"inLanguage\":\"en-US\",\"@id\":\"https:\\\/\\\/secure.gravatar.com\\\/avatar\\\/58d46d11b3ee03e1c767195c40dc71152c0851754aaf267b52fcee7abb624f2b?s=96&d=mm&r=g\",\"url\":\"https:\\\/\\\/secure.gravatar.com\\\/avatar\\\/58d46d11b3ee03e1c767195c40dc71152c0851754aaf267b52fcee7abb624f2b?s=96&d=mm&r=g\",\"contentUrl\":\"https:\\\/\\\/secure.gravatar.com\\\/avatar\\\/58d46d11b3ee03e1c767195c40dc71152c0851754aaf267b52fcee7abb624f2b?s=96&d=mm&r=g\",\"caption\":\"Carlos Fernandez\"},\"url\":\"https:\\\/\\\/seal.com.gt\\\/en\\\/author\\\/carlos-fernandez\\\/\"}]}<\/script>\n<!-- \/ Yoast SEO plugin. -->","yoast_head_json":{"title":"Guatemala y Taiw\u00e1n reafirmaron alianza y cooperaci\u00f3n mutua","description":"La mandataria asi\u00e1tica calific\u00f3 a Guatemala como un \u201cs\u00f3lido aliado\u201d y asegur\u00f3 que con su visita se facilitar\u00e1n nuevos acuerdos.","robots":{"index":"index","follow":"follow","max-snippet":"max-snippet:-1","max-image-preview":"max-image-preview:large","max-video-preview":"max-video-preview:-1"},"canonical":"https:\/\/www.seal.com.gt\/guatemala-y-taiwan-reafirmaron-alianza-y-cooperacion-mutua\/","og_locale":"en_US","og_type":"article","og_title":"Guatemala y Taiw\u00e1n reafirmaron alianza y cooperaci\u00f3n mutua","og_description":"La mandataria asi\u00e1tica calific\u00f3 a Guatemala como un \u201cs\u00f3lido aliado\u201d y asegur\u00f3 que con su visita se facilitar\u00e1n nuevos acuerdos.","og_url":"https:\/\/www.seal.com.gt\/guatemala-y-taiwan-reafirmaron-alianza-y-cooperacion-mutua\/","og_site_name":"SEAL","article_publisher":"https:\/\/www.facebook.com\/sealgt\/","article_published_time":"2023-04-11T16:13:59+00:00","article_modified_time":"2023-04-11T16:17:26+00:00","og_image":[{"width":765,"height":550,"url":"https:\/\/www.seal.com.gt\/wp-content\/uploads\/2023\/04\/Guatemala.jpg","type":"image\/jpeg"}],"author":"Carlos Fernandez","twitter_card":"summary_large_image","twitter_creator":"@SealGT","twitter_site":"@SealGT","twitter_misc":{"Written by":"Carlos Fernandez","Est. reading time":"2 minutes"},"schema":{"@context":"https:\/\/schema.org","@graph":[{"@type":"Article","@id":"https:\/\/www.seal.com.gt\/guatemala-y-taiwan-reafirmaron-alianza-y-cooperacion-mutua\/#article","isPartOf":{"@id":"https:\/\/www.seal.com.gt\/guatemala-y-taiwan-reafirmaron-alianza-y-cooperacion-mutua\/"},"author":{"name":"Carlos Fernandez","@id":"https:\/\/www.seal.com.gt\/en\/#\/schema\/person\/bdaade145a7d4c0e4e550ce8a3a8c9aa"},"headline":"Guatemala y Taiw\u00e1n reafirmaron alianza y cooperaci\u00f3n mutua","datePublished":"2023-04-11T16:13:59+00:00","dateModified":"2023-04-11T16:17:26+00:00","mainEntityOfPage":{"@id":"https:\/\/www.seal.com.gt\/guatemala-y-taiwan-reafirmaron-alianza-y-cooperacion-mutua\/"},"wordCount":483,"commentCount":0,"publisher":{"@id":"https:\/\/www.seal.com.gt\/en\/#organization"},"image":{"@id":"https:\/\/www.seal.com.gt\/guatemala-y-taiwan-reafirmaron-alianza-y-cooperacion-mutua\/#primaryimage"},"thumbnailUrl":"https:\/\/seal.com.gt\/wp-content\/uploads\/2023\/04\/Guatemala.jpg","keywords":["asia","guatemala","mercados","negocios","SEAL","taiw\u00e1n"],"articleSection":["Blog"],"inLanguage":"en-US","potentialAction":[{"@type":"CommentAction","name":"Comment","target":["https:\/\/www.seal.com.gt\/guatemala-y-taiwan-reafirmaron-alianza-y-cooperacion-mutua\/#respond"]}]},{"@type":"WebPage","@id":"https:\/\/www.seal.com.gt\/guatemala-y-taiwan-reafirmaron-alianza-y-cooperacion-mutua\/","url":"https:\/\/www.seal.com.gt\/guatemala-y-taiwan-reafirmaron-alianza-y-cooperacion-mutua\/","name":"Guatemala y Taiw\u00e1n reafirmaron alianza y cooperaci\u00f3n mutua","isPartOf":{"@id":"https:\/\/www.seal.com.gt\/en\/#website"},"primaryImageOfPage":{"@id":"https:\/\/www.seal.com.gt\/guatemala-y-taiwan-reafirmaron-alianza-y-cooperacion-mutua\/#primaryimage"},"image":{"@id":"https:\/\/www.seal.com.gt\/guatemala-y-taiwan-reafirmaron-alianza-y-cooperacion-mutua\/#primaryimage"},"thumbnailUrl":"https:\/\/seal.com.gt\/wp-content\/uploads\/2023\/04\/Guatemala.jpg","datePublished":"2023-04-11T16:13:59+00:00","dateModified":"2023-04-11T16:17:26+00:00","description":"La mandataria asi\u00e1tica calific\u00f3 a Guatemala como un \u201cs\u00f3lido aliado\u201d y asegur\u00f3 que con su visita se facilitar\u00e1n nuevos acuerdos.","breadcrumb":{"@id":"https:\/\/www.seal.com.gt\/guatemala-y-taiwan-reafirmaron-alianza-y-cooperacion-mutua\/#breadcrumb"},"inLanguage":"en-US","potentialAction":[{"@type":"ReadAction","target":["https:\/\/www.seal.com.gt\/guatemala-y-taiwan-reafirmaron-alianza-y-cooperacion-mutua\/"]}]},{"@type":"ImageObject","inLanguage":"en-US","@id":"https:\/\/www.seal.com.gt\/guatemala-y-taiwan-reafirmaron-alianza-y-cooperacion-mutua\/#primaryimage","url":"https:\/\/seal.com.gt\/wp-content\/uploads\/2023\/04\/Guatemala.jpg","contentUrl":"https:\/\/seal.com.gt\/wp-content\/uploads\/2023\/04\/Guatemala.jpg","width":765,"height":550},{"@type":"BreadcrumbList","@id":"https:\/\/www.seal.com.gt\/guatemala-y-taiwan-reafirmaron-alianza-y-cooperacion-mutua\/#breadcrumb","itemListElement":[{"@type":"ListItem","position":1,"name":"Portada","item":"https:\/\/seal.com.gt\/"},{"@type":"ListItem","position":2,"name":"Guatemala y Taiw\u00e1n reafirmaron alianza y cooperaci\u00f3n mutua"}]},{"@type":"WebSite","@id":"https:\/\/www.seal.com.gt\/en\/#website","url":"https:\/\/www.seal.com.gt\/en\/","name":"SEAL","description":"Servicios especializados de aduana y log\u00edstica","publisher":{"@id":"https:\/\/www.seal.com.gt\/en\/#organization"},"potentialAction":[{"@type":"SearchAction","target":{"@type":"EntryPoint","urlTemplate":"https:\/\/www.seal.com.gt\/en\/?s={search_term_string}"},"query-input":{"@type":"PropertyValueSpecification","valueRequired":true,"valueName":"search_term_string"}}],"inLanguage":"en-US"},{"@type":"Organization","@id":"https:\/\/www.seal.com.gt\/en\/#organization","name":"Servicios Especializados de Aduana y Logistica","url":"https:\/\/www.seal.com.gt\/en\/","logo":{"@type":"ImageObject","inLanguage":"en-US","@id":"https:\/\/www.seal.com.gt\/en\/#\/schema\/logo\/image\/","url":"https:\/\/seal.com.gt\/wp-content\/uploads\/2019\/07\/seal-guatemala.png","contentUrl":"https:\/\/seal.com.gt\/wp-content\/uploads\/2019\/07\/seal-guatemala.png","width":110,"height":75,"caption":"Servicios Especializados de Aduana y Logistica"},"image":{"@id":"https:\/\/www.seal.com.gt\/en\/#\/schema\/logo\/image\/"},"sameAs":["https:\/\/www.facebook.com\/sealgt\/","https:\/\/x.com\/SealGT","https:\/\/www.instagram.com\/sealgt_\/","https:\/\/www.linkedin.com\/company\/sealgt\/","https:\/\/www.youtube.com\/channel\/UCR7Hlb1FvtE-_dX61LGES_w"]},{"@type":"Person","@id":"https:\/\/www.seal.com.gt\/en\/#\/schema\/person\/bdaade145a7d4c0e4e550ce8a3a8c9aa","name":"Carlos Fernandez","image":{"@type":"ImageObject","inLanguage":"en-US","@id":"https:\/\/secure.gravatar.com\/avatar\/58d46d11b3ee03e1c767195c40dc71152c0851754aaf267b52fcee7abb624f2b?s=96&d=mm&r=g","url":"https:\/\/secure.gravatar.com\/avatar\/58d46d11b3ee03e1c767195c40dc71152c0851754aaf267b52fcee7abb624f2b?s=96&d=mm&r=g","contentUrl":"https:\/\/secure.gravatar.com\/avatar\/58d46d11b3ee03e1c767195c40dc71152c0851754aaf267b52fcee7abb624f2b?s=96&d=mm&r=g","caption":"Carlos Fernandez"},"url":"https:\/\/seal.com.gt\/en\/author\/carlos-fernandez\/"}]}},"_links":{"self":[{"href":"https:\/\/seal.com.gt\/en\/wp-json\/wp\/v2\/posts\/2050","targetHints":{"allow":["GET"]}}],"collection":[{"href":"https:\/\/seal.com.gt\/en\/wp-json\/wp\/v2\/posts"}],"about":[{"href":"https:\/\/seal.com.gt\/en\/wp-json\/wp\/v2\/types\/post"}],"author":[{"embeddable":true,"href":"https:\/\/seal.com.gt\/en\/wp-json\/wp\/v2\/users\/9"}],"replies":[{"embeddable":true,"href":"https:\/\/seal.com.gt\/en\/wp-json\/wp\/v2\/comments?post=2050"}],"version-history":[{"count":0,"href":"https:\/\/seal.com.gt\/en\/wp-json\/wp\/v2\/posts\/2050\/revisions"}],"wp:featuredmedia":[{"embeddable":true,"href":"https:\/\/seal.com.gt\/en\/wp-json\/wp\/v2\/media\/2051"}],"wp:attachment":[{"href":"https:\/\/seal.com.gt\/en\/wp-json\/wp\/v2\/media?parent=2050"}],"wp:term":[{"taxonomy":"category","embeddable":true,"href":"https:\/\/seal.com.gt\/en\/wp-json\/wp\/v2\/categories?post=2050"},{"taxonomy":"post_tag","embeddable":true,"href":"https:\/\/seal.com.gt\/en\/wp-json\/wp\/v2\/tags?post=2050"}],"curies":[{"name":"wp","href":"https:\/\/api.w.org\/{rel}","templated":true}]}}