{"id":2503,"date":"2024-06-11T16:31:39","date_gmt":"2024-06-11T22:31:39","guid":{"rendered":"https:\/\/seal.com.gt\/?p=2503"},"modified":"2024-06-11T16:31:39","modified_gmt":"2024-06-11T22:31:39","slug":"tasas-de-transporte-maritimo-de-contenedores-continuan-al-alza","status":"publish","type":"post","link":"https:\/\/seal.com.gt\/en\/tasas-de-transporte-maritimo-de-contenedores-continuan-al-alza\/","title":{"rendered":"Tasas de transporte mar\u00edtimo de contenedores contin\u00faan al alza"},"content":{"rendered":"<p>Las <strong>tarifas de los contenedores siguen subiendo<\/strong> y los <strong>cargadores est\u00e1n cada vez m\u00e1s preocupados<\/strong> por el transporte de mercanc\u00edas. El <strong>\u00cdndice de Carga en Contenedores de Shangh\u00e1i (SCFI), subi\u00f3 otros 140 puntos hasta los 3184,87<\/strong>, su nivel m\u00e1s alto desde agosto de 2022, seg\u00fan nos comentaron desde <a href=\"https:\/\/seal.com.gt\/en\/\" target=\"_blank\" rel=\"noopener\"><strong>SEAL, Servicios Especializados de Aduana y Log\u00edstica.<\/strong><\/a><\/p>\n<p>Seg\u00fan datos de Splash, el \u00edndice compuesto de contenedores mundiales de Drewry, publicado recientemente, <strong>subi\u00f3 un 12% hasta los 4.716 d\u00f3lares por feu, un 181% m\u00e1s que en la misma semana del a\u00f1o pasado<\/strong>. El \u00edndice Drewry se sit\u00faa un 232% m\u00e1s que la media de 2019, antes de la pandemia, de 1.420 d\u00f3lares. &#8220;La llegada anticipada de la temporada alta oce\u00e1nica, junto con los <a href=\"https:\/\/mascontainer.com\/china-en-alerta-ante-permanentes-ataques-a-buques-mercantes\/\" target=\"_blank\" rel=\"noopener\"><strong>desv\u00edos del Mar Rojo que ponen a prueba la capacidad y los horarios<\/strong><\/a>, continuaron empeorando la congesti\u00f3n, la escasez de equipos y los precios elevados esta semana&#8221;, coment\u00f3<strong> Judah Levine<\/strong>, jefe de investigaci\u00f3n de Freightos, una plataforma de reserva de cajas.<\/p>\n<p>&#8220;Con la capacidad y el equipo escasos y las tarifas al contado ahora varios miles de d\u00f3lares por encima de los niveles de contrato a largo plazo, <strong>los acuerdos anuales se est\u00e1n volviendo una vez m\u00e1s poco confiables<\/strong>&#8220;, advirti\u00f3 Levine.<\/p>\n<p>Desde <a href=\"https:\/\/seal.com.gt\/en\/\" target=\"_blank\" rel=\"noopener\"><strong>SEAL, Servicios Especializados de Aduana y Log\u00edstica, <\/strong><\/a>\u00a0se\u00f1alan que una encuesta reciente de Freightos revel\u00f3 que, desde principios de mayo, <strong>casi el 70% de los BCO y transitarios con contratos mar\u00edtimos a largo plazo han tenido contenedores rodados o empujados al mercado al contado<\/strong>, o se enfrentan a renegociaciones de contratos con los transportistas para aumentar sus niveles de tarifas a largo plazo.<\/p>\n<p><strong>Emily Stausboll<\/strong>, analista de Xeneta, dijo: &#8220;Las <a href=\"https:\/\/mascontainer.com\/huelgas-en-puertos-de-eeuu-asia-y-europa-la-amenaza-de-los-cargadores\/\" target=\"_blank\" rel=\"noopener\"><strong>relaciones entre transportistas, cargadores y agentes de carga se vuelven cr\u00edticas en momentos como estos<\/strong><\/a>, cuando el mercado al contado aumenta dr\u00e1sticamente y las tarifas a largo plazo no siguen su ejemplo. C<strong>uanto mayor sea el diferencial entre las tarifas de transporte mar\u00edtimo a largo y corto plazo, mayor ser\u00e1 el riesgo de que la carga se desplace<\/strong>&#8220;.<\/p>","protected":false},"excerpt":{"rendered":"<p>Las tarifas de los contenedores siguen subiendo y los cargadores est\u00e1n cada vez m\u00e1s preocupados por el transporte de mercanc\u00edas. El \u00cdndice de Carga en Contenedores de Shangh\u00e1i (SCFI), subi\u00f3 otros 140 puntos hasta los 3184,87, su nivel m\u00e1s alto desde agosto de 2022, seg\u00fan nos comentaron desde SEAL, Servicios Especializados de Aduana y Log\u00edstica. [&hellip;]<\/p>\n","protected":false},"author":9,"featured_media":2504,"comment_status":"open","ping_status":"closed","sticky":false,"template":"","format":"standard","meta":{"footnotes":""},"categories":[1],"tags":[579,314,580,391,578],"class_list":["post-2503","post","type-post","status-publish","format-standard","has-post-thumbnail","hentry","category-blog","tag-embarcaciones","tag-fletes","tag-mercado","tag-negocios","tag-tasa"],"yoast_head":"<!-- This site is optimized with the Yoast SEO plugin v27.5 - https:\/\/yoast.com\/product\/yoast-seo-wordpress\/ -->\n<title>Tasas de transporte mar\u00edtimo de contenedores contin\u00faan al alza<\/title>\n<meta name=\"description\" content=\"El \u00cdndice de Carga en Contenedores de Shangh\u00e1i (SCFI), subi\u00f3 otros 140 puntos hasta los 3184,87, su nivel m\u00e1s alto desde agosto de 2022, seg\u00fan nos comentaron desde SEAL, Servicios Especializados de Aduana y Log\u00edstica.\" \/>\n<meta name=\"robots\" content=\"index, follow, max-snippet:-1, max-image-preview:large, max-video-preview:-1\" \/>\n<link rel=\"canonical\" href=\"https:\/\/www.seal.com.gt\/tasas-de-transporte-maritimo-de-contenedores-continuan-al-alza\/\" \/>\n<meta property=\"og:locale\" content=\"en_US\" \/>\n<meta property=\"og:type\" content=\"article\" \/>\n<meta property=\"og:title\" content=\"Tasas de transporte mar\u00edtimo de contenedores contin\u00faan al alza\" \/>\n<meta property=\"og:description\" content=\"El \u00cdndice de Carga en Contenedores de Shangh\u00e1i (SCFI), subi\u00f3 otros 140 puntos hasta los 3184,87, su nivel m\u00e1s alto desde agosto de 2022, seg\u00fan nos comentaron desde SEAL, Servicios Especializados de Aduana y Log\u00edstica.\" \/>\n<meta property=\"og:url\" content=\"https:\/\/www.seal.com.gt\/tasas-de-transporte-maritimo-de-contenedores-continuan-al-alza\/\" \/>\n<meta property=\"og:site_name\" content=\"SEAL\" \/>\n<meta property=\"article:publisher\" content=\"https:\/\/www.facebook.com\/sealgt\/\" \/>\n<meta property=\"article:published_time\" content=\"2024-06-11T22:31:39+00:00\" \/>\n<meta property=\"og:image\" content=\"https:\/\/www.seal.com.gt\/wp-content\/uploads\/2024\/06\/Transporte-Maritimo.jpg\" \/>\n\t<meta property=\"og:image:width\" content=\"765\" \/>\n\t<meta property=\"og:image:height\" content=\"550\" \/>\n\t<meta property=\"og:image:type\" content=\"image\/jpeg\" \/>\n<meta name=\"author\" content=\"Carlos Fernandez\" \/>\n<meta name=\"twitter:card\" content=\"summary_large_image\" \/>\n<meta name=\"twitter:creator\" content=\"@SealGT\" \/>\n<meta name=\"twitter:site\" content=\"@SealGT\" \/>\n<meta name=\"twitter:label1\" content=\"Written by\" \/>\n\t<meta name=\"twitter:data1\" content=\"Carlos Fernandez\" \/>\n\t<meta name=\"twitter:label2\" content=\"Est. reading time\" \/>\n\t<meta name=\"twitter:data2\" content=\"2 minutes\" \/>\n<script type=\"application\/ld+json\" class=\"yoast-schema-graph\">{\"@context\":\"https:\\\/\\\/schema.org\",\"@graph\":[{\"@type\":\"Article\",\"@id\":\"https:\\\/\\\/www.seal.com.gt\\\/tasas-de-transporte-maritimo-de-contenedores-continuan-al-alza\\\/#article\",\"isPartOf\":{\"@id\":\"https:\\\/\\\/www.seal.com.gt\\\/tasas-de-transporte-maritimo-de-contenedores-continuan-al-alza\\\/\"},\"author\":{\"name\":\"Carlos Fernandez\",\"@id\":\"https:\\\/\\\/www.seal.com.gt\\\/en\\\/#\\\/schema\\\/person\\\/bdaade145a7d4c0e4e550ce8a3a8c9aa\"},\"headline\":\"Tasas de transporte mar\u00edtimo de contenedores contin\u00faan al alza\",\"datePublished\":\"2024-06-11T22:31:39+00:00\",\"mainEntityOfPage\":{\"@id\":\"https:\\\/\\\/www.seal.com.gt\\\/tasas-de-transporte-maritimo-de-contenedores-continuan-al-alza\\\/\"},\"wordCount\":358,\"commentCount\":0,\"publisher\":{\"@id\":\"https:\\\/\\\/www.seal.com.gt\\\/en\\\/#organization\"},\"image\":{\"@id\":\"https:\\\/\\\/www.seal.com.gt\\\/tasas-de-transporte-maritimo-de-contenedores-continuan-al-alza\\\/#primaryimage\"},\"thumbnailUrl\":\"https:\\\/\\\/seal.com.gt\\\/wp-content\\\/uploads\\\/2024\\\/06\\\/Transporte-Maritimo.jpg\",\"keywords\":[\"embarcaciones\",\"fletes\",\"mercado\",\"negocios\",\"tasa\"],\"articleSection\":[\"Blog\"],\"inLanguage\":\"en-US\",\"potentialAction\":[{\"@type\":\"CommentAction\",\"name\":\"Comment\",\"target\":[\"https:\\\/\\\/www.seal.com.gt\\\/tasas-de-transporte-maritimo-de-contenedores-continuan-al-alza\\\/#respond\"]}]},{\"@type\":\"WebPage\",\"@id\":\"https:\\\/\\\/www.seal.com.gt\\\/tasas-de-transporte-maritimo-de-contenedores-continuan-al-alza\\\/\",\"url\":\"https:\\\/\\\/www.seal.com.gt\\\/tasas-de-transporte-maritimo-de-contenedores-continuan-al-alza\\\/\",\"name\":\"Tasas de transporte mar\u00edtimo de contenedores contin\u00faan al alza\",\"isPartOf\":{\"@id\":\"https:\\\/\\\/www.seal.com.gt\\\/en\\\/#website\"},\"primaryImageOfPage\":{\"@id\":\"https:\\\/\\\/www.seal.com.gt\\\/tasas-de-transporte-maritimo-de-contenedores-continuan-al-alza\\\/#primaryimage\"},\"image\":{\"@id\":\"https:\\\/\\\/www.seal.com.gt\\\/tasas-de-transporte-maritimo-de-contenedores-continuan-al-alza\\\/#primaryimage\"},\"thumbnailUrl\":\"https:\\\/\\\/seal.com.gt\\\/wp-content\\\/uploads\\\/2024\\\/06\\\/Transporte-Maritimo.jpg\",\"datePublished\":\"2024-06-11T22:31:39+00:00\",\"description\":\"El \u00cdndice de Carga en Contenedores de Shangh\u00e1i (SCFI), subi\u00f3 otros 140 puntos hasta los 3184,87, su nivel m\u00e1s alto desde agosto de 2022, seg\u00fan nos comentaron desde SEAL, Servicios Especializados de Aduana y Log\u00edstica.\",\"breadcrumb\":{\"@id\":\"https:\\\/\\\/www.seal.com.gt\\\/tasas-de-transporte-maritimo-de-contenedores-continuan-al-alza\\\/#breadcrumb\"},\"inLanguage\":\"en-US\",\"potentialAction\":[{\"@type\":\"ReadAction\",\"target\":[\"https:\\\/\\\/www.seal.com.gt\\\/tasas-de-transporte-maritimo-de-contenedores-continuan-al-alza\\\/\"]}]},{\"@type\":\"ImageObject\",\"inLanguage\":\"en-US\",\"@id\":\"https:\\\/\\\/www.seal.com.gt\\\/tasas-de-transporte-maritimo-de-contenedores-continuan-al-alza\\\/#primaryimage\",\"url\":\"https:\\\/\\\/seal.com.gt\\\/wp-content\\\/uploads\\\/2024\\\/06\\\/Transporte-Maritimo.jpg\",\"contentUrl\":\"https:\\\/\\\/seal.com.gt\\\/wp-content\\\/uploads\\\/2024\\\/06\\\/Transporte-Maritimo.jpg\",\"width\":765,\"height\":550},{\"@type\":\"BreadcrumbList\",\"@id\":\"https:\\\/\\\/www.seal.com.gt\\\/tasas-de-transporte-maritimo-de-contenedores-continuan-al-alza\\\/#breadcrumb\",\"itemListElement\":[{\"@type\":\"ListItem\",\"position\":1,\"name\":\"Portada\",\"item\":\"https:\\\/\\\/seal.com.gt\\\/\"},{\"@type\":\"ListItem\",\"position\":2,\"name\":\"Tasas de transporte mar\u00edtimo de contenedores contin\u00faan al alza\"}]},{\"@type\":\"WebSite\",\"@id\":\"https:\\\/\\\/www.seal.com.gt\\\/en\\\/#website\",\"url\":\"https:\\\/\\\/www.seal.com.gt\\\/en\\\/\",\"name\":\"SEAL\",\"description\":\"Servicios especializados de aduana y log\u00edstica\",\"publisher\":{\"@id\":\"https:\\\/\\\/www.seal.com.gt\\\/en\\\/#organization\"},\"potentialAction\":[{\"@type\":\"SearchAction\",\"target\":{\"@type\":\"EntryPoint\",\"urlTemplate\":\"https:\\\/\\\/www.seal.com.gt\\\/en\\\/?s={search_term_string}\"},\"query-input\":{\"@type\":\"PropertyValueSpecification\",\"valueRequired\":true,\"valueName\":\"search_term_string\"}}],\"inLanguage\":\"en-US\"},{\"@type\":\"Organization\",\"@id\":\"https:\\\/\\\/www.seal.com.gt\\\/en\\\/#organization\",\"name\":\"Servicios Especializados de Aduana y Logistica\",\"url\":\"https:\\\/\\\/www.seal.com.gt\\\/en\\\/\",\"logo\":{\"@type\":\"ImageObject\",\"inLanguage\":\"en-US\",\"@id\":\"https:\\\/\\\/www.seal.com.gt\\\/en\\\/#\\\/schema\\\/logo\\\/image\\\/\",\"url\":\"https:\\\/\\\/seal.com.gt\\\/wp-content\\\/uploads\\\/2019\\\/07\\\/seal-guatemala.png\",\"contentUrl\":\"https:\\\/\\\/seal.com.gt\\\/wp-content\\\/uploads\\\/2019\\\/07\\\/seal-guatemala.png\",\"width\":110,\"height\":75,\"caption\":\"Servicios Especializados de Aduana y Logistica\"},\"image\":{\"@id\":\"https:\\\/\\\/www.seal.com.gt\\\/en\\\/#\\\/schema\\\/logo\\\/image\\\/\"},\"sameAs\":[\"https:\\\/\\\/www.facebook.com\\\/sealgt\\\/\",\"https:\\\/\\\/x.com\\\/SealGT\",\"https:\\\/\\\/www.instagram.com\\\/sealgt_\\\/\",\"https:\\\/\\\/www.linkedin.com\\\/company\\\/sealgt\\\/\",\"https:\\\/\\\/www.youtube.com\\\/channel\\\/UCR7Hlb1FvtE-_dX61LGES_w\"]},{\"@type\":\"Person\",\"@id\":\"https:\\\/\\\/www.seal.com.gt\\\/en\\\/#\\\/schema\\\/person\\\/bdaade145a7d4c0e4e550ce8a3a8c9aa\",\"name\":\"Carlos Fernandez\",\"image\":{\"@type\":\"ImageObject\",\"inLanguage\":\"en-US\",\"@id\":\"https:\\\/\\\/secure.gravatar.com\\\/avatar\\\/58d46d11b3ee03e1c767195c40dc71152c0851754aaf267b52fcee7abb624f2b?s=96&d=mm&r=g\",\"url\":\"https:\\\/\\\/secure.gravatar.com\\\/avatar\\\/58d46d11b3ee03e1c767195c40dc71152c0851754aaf267b52fcee7abb624f2b?s=96&d=mm&r=g\",\"contentUrl\":\"https:\\\/\\\/secure.gravatar.com\\\/avatar\\\/58d46d11b3ee03e1c767195c40dc71152c0851754aaf267b52fcee7abb624f2b?s=96&d=mm&r=g\",\"caption\":\"Carlos Fernandez\"},\"url\":\"https:\\\/\\\/seal.com.gt\\\/en\\\/author\\\/carlos-fernandez\\\/\"}]}<\/script>\n<!-- \/ Yoast SEO plugin. -->","yoast_head_json":{"title":"Tasas de transporte mar\u00edtimo de contenedores contin\u00faan al alza","description":"El \u00cdndice de Carga en Contenedores de Shangh\u00e1i (SCFI), subi\u00f3 otros 140 puntos hasta los 3184,87, su nivel m\u00e1s alto desde agosto de 2022, seg\u00fan nos comentaron desde SEAL, Servicios Especializados de Aduana y Log\u00edstica.","robots":{"index":"index","follow":"follow","max-snippet":"max-snippet:-1","max-image-preview":"max-image-preview:large","max-video-preview":"max-video-preview:-1"},"canonical":"https:\/\/www.seal.com.gt\/tasas-de-transporte-maritimo-de-contenedores-continuan-al-alza\/","og_locale":"en_US","og_type":"article","og_title":"Tasas de transporte mar\u00edtimo de contenedores contin\u00faan al alza","og_description":"El \u00cdndice de Carga en Contenedores de Shangh\u00e1i (SCFI), subi\u00f3 otros 140 puntos hasta los 3184,87, su nivel m\u00e1s alto desde agosto de 2022, seg\u00fan nos comentaron desde SEAL, Servicios Especializados de Aduana y Log\u00edstica.","og_url":"https:\/\/www.seal.com.gt\/tasas-de-transporte-maritimo-de-contenedores-continuan-al-alza\/","og_site_name":"SEAL","article_publisher":"https:\/\/www.facebook.com\/sealgt\/","article_published_time":"2024-06-11T22:31:39+00:00","og_image":[{"width":765,"height":550,"url":"https:\/\/www.seal.com.gt\/wp-content\/uploads\/2024\/06\/Transporte-Maritimo.jpg","type":"image\/jpeg"}],"author":"Carlos Fernandez","twitter_card":"summary_large_image","twitter_creator":"@SealGT","twitter_site":"@SealGT","twitter_misc":{"Written by":"Carlos Fernandez","Est. reading time":"2 minutes"},"schema":{"@context":"https:\/\/schema.org","@graph":[{"@type":"Article","@id":"https:\/\/www.seal.com.gt\/tasas-de-transporte-maritimo-de-contenedores-continuan-al-alza\/#article","isPartOf":{"@id":"https:\/\/www.seal.com.gt\/tasas-de-transporte-maritimo-de-contenedores-continuan-al-alza\/"},"author":{"name":"Carlos Fernandez","@id":"https:\/\/www.seal.com.gt\/en\/#\/schema\/person\/bdaade145a7d4c0e4e550ce8a3a8c9aa"},"headline":"Tasas de transporte mar\u00edtimo de contenedores contin\u00faan al alza","datePublished":"2024-06-11T22:31:39+00:00","mainEntityOfPage":{"@id":"https:\/\/www.seal.com.gt\/tasas-de-transporte-maritimo-de-contenedores-continuan-al-alza\/"},"wordCount":358,"commentCount":0,"publisher":{"@id":"https:\/\/www.seal.com.gt\/en\/#organization"},"image":{"@id":"https:\/\/www.seal.com.gt\/tasas-de-transporte-maritimo-de-contenedores-continuan-al-alza\/#primaryimage"},"thumbnailUrl":"https:\/\/seal.com.gt\/wp-content\/uploads\/2024\/06\/Transporte-Maritimo.jpg","keywords":["embarcaciones","fletes","mercado","negocios","tasa"],"articleSection":["Blog"],"inLanguage":"en-US","potentialAction":[{"@type":"CommentAction","name":"Comment","target":["https:\/\/www.seal.com.gt\/tasas-de-transporte-maritimo-de-contenedores-continuan-al-alza\/#respond"]}]},{"@type":"WebPage","@id":"https:\/\/www.seal.com.gt\/tasas-de-transporte-maritimo-de-contenedores-continuan-al-alza\/","url":"https:\/\/www.seal.com.gt\/tasas-de-transporte-maritimo-de-contenedores-continuan-al-alza\/","name":"Tasas de transporte mar\u00edtimo de contenedores contin\u00faan al alza","isPartOf":{"@id":"https:\/\/www.seal.com.gt\/en\/#website"},"primaryImageOfPage":{"@id":"https:\/\/www.seal.com.gt\/tasas-de-transporte-maritimo-de-contenedores-continuan-al-alza\/#primaryimage"},"image":{"@id":"https:\/\/www.seal.com.gt\/tasas-de-transporte-maritimo-de-contenedores-continuan-al-alza\/#primaryimage"},"thumbnailUrl":"https:\/\/seal.com.gt\/wp-content\/uploads\/2024\/06\/Transporte-Maritimo.jpg","datePublished":"2024-06-11T22:31:39+00:00","description":"El \u00cdndice de Carga en Contenedores de Shangh\u00e1i (SCFI), subi\u00f3 otros 140 puntos hasta los 3184,87, su nivel m\u00e1s alto desde agosto de 2022, seg\u00fan nos comentaron desde SEAL, Servicios Especializados de Aduana y Log\u00edstica.","breadcrumb":{"@id":"https:\/\/www.seal.com.gt\/tasas-de-transporte-maritimo-de-contenedores-continuan-al-alza\/#breadcrumb"},"inLanguage":"en-US","potentialAction":[{"@type":"ReadAction","target":["https:\/\/www.seal.com.gt\/tasas-de-transporte-maritimo-de-contenedores-continuan-al-alza\/"]}]},{"@type":"ImageObject","inLanguage":"en-US","@id":"https:\/\/www.seal.com.gt\/tasas-de-transporte-maritimo-de-contenedores-continuan-al-alza\/#primaryimage","url":"https:\/\/seal.com.gt\/wp-content\/uploads\/2024\/06\/Transporte-Maritimo.jpg","contentUrl":"https:\/\/seal.com.gt\/wp-content\/uploads\/2024\/06\/Transporte-Maritimo.jpg","width":765,"height":550},{"@type":"BreadcrumbList","@id":"https:\/\/www.seal.com.gt\/tasas-de-transporte-maritimo-de-contenedores-continuan-al-alza\/#breadcrumb","itemListElement":[{"@type":"ListItem","position":1,"name":"Portada","item":"https:\/\/seal.com.gt\/"},{"@type":"ListItem","position":2,"name":"Tasas de transporte mar\u00edtimo de contenedores contin\u00faan al alza"}]},{"@type":"WebSite","@id":"https:\/\/www.seal.com.gt\/en\/#website","url":"https:\/\/www.seal.com.gt\/en\/","name":"SEAL","description":"Servicios especializados de aduana y log\u00edstica","publisher":{"@id":"https:\/\/www.seal.com.gt\/en\/#organization"},"potentialAction":[{"@type":"SearchAction","target":{"@type":"EntryPoint","urlTemplate":"https:\/\/www.seal.com.gt\/en\/?s={search_term_string}"},"query-input":{"@type":"PropertyValueSpecification","valueRequired":true,"valueName":"search_term_string"}}],"inLanguage":"en-US"},{"@type":"Organization","@id":"https:\/\/www.seal.com.gt\/en\/#organization","name":"Servicios Especializados de Aduana y Logistica","url":"https:\/\/www.seal.com.gt\/en\/","logo":{"@type":"ImageObject","inLanguage":"en-US","@id":"https:\/\/www.seal.com.gt\/en\/#\/schema\/logo\/image\/","url":"https:\/\/seal.com.gt\/wp-content\/uploads\/2019\/07\/seal-guatemala.png","contentUrl":"https:\/\/seal.com.gt\/wp-content\/uploads\/2019\/07\/seal-guatemala.png","width":110,"height":75,"caption":"Servicios Especializados de Aduana y Logistica"},"image":{"@id":"https:\/\/www.seal.com.gt\/en\/#\/schema\/logo\/image\/"},"sameAs":["https:\/\/www.facebook.com\/sealgt\/","https:\/\/x.com\/SealGT","https:\/\/www.instagram.com\/sealgt_\/","https:\/\/www.linkedin.com\/company\/sealgt\/","https:\/\/www.youtube.com\/channel\/UCR7Hlb1FvtE-_dX61LGES_w"]},{"@type":"Person","@id":"https:\/\/www.seal.com.gt\/en\/#\/schema\/person\/bdaade145a7d4c0e4e550ce8a3a8c9aa","name":"Carlos Fernandez","image":{"@type":"ImageObject","inLanguage":"en-US","@id":"https:\/\/secure.gravatar.com\/avatar\/58d46d11b3ee03e1c767195c40dc71152c0851754aaf267b52fcee7abb624f2b?s=96&d=mm&r=g","url":"https:\/\/secure.gravatar.com\/avatar\/58d46d11b3ee03e1c767195c40dc71152c0851754aaf267b52fcee7abb624f2b?s=96&d=mm&r=g","contentUrl":"https:\/\/secure.gravatar.com\/avatar\/58d46d11b3ee03e1c767195c40dc71152c0851754aaf267b52fcee7abb624f2b?s=96&d=mm&r=g","caption":"Carlos Fernandez"},"url":"https:\/\/seal.com.gt\/en\/author\/carlos-fernandez\/"}]}},"_links":{"self":[{"href":"https:\/\/seal.com.gt\/en\/wp-json\/wp\/v2\/posts\/2503","targetHints":{"allow":["GET"]}}],"collection":[{"href":"https:\/\/seal.com.gt\/en\/wp-json\/wp\/v2\/posts"}],"about":[{"href":"https:\/\/seal.com.gt\/en\/wp-json\/wp\/v2\/types\/post"}],"author":[{"embeddable":true,"href":"https:\/\/seal.com.gt\/en\/wp-json\/wp\/v2\/users\/9"}],"replies":[{"embeddable":true,"href":"https:\/\/seal.com.gt\/en\/wp-json\/wp\/v2\/comments?post=2503"}],"version-history":[{"count":0,"href":"https:\/\/seal.com.gt\/en\/wp-json\/wp\/v2\/posts\/2503\/revisions"}],"wp:featuredmedia":[{"embeddable":true,"href":"https:\/\/seal.com.gt\/en\/wp-json\/wp\/v2\/media\/2504"}],"wp:attachment":[{"href":"https:\/\/seal.com.gt\/en\/wp-json\/wp\/v2\/media?parent=2503"}],"wp:term":[{"taxonomy":"category","embeddable":true,"href":"https:\/\/seal.com.gt\/en\/wp-json\/wp\/v2\/categories?post=2503"},{"taxonomy":"post_tag","embeddable":true,"href":"https:\/\/seal.com.gt\/en\/wp-json\/wp\/v2\/tags?post=2503"}],"curies":[{"name":"wp","href":"https:\/\/api.w.org\/{rel}","templated":true}]}}