{"id":2692,"date":"2024-10-31T14:04:57","date_gmt":"2024-10-31T20:04:57","guid":{"rendered":"https:\/\/seal.com.gt\/?p=2692"},"modified":"2024-11-05T14:09:50","modified_gmt":"2024-11-05T20:09:50","slug":"guatemala-reafirma-su-compromiso-con-la-cooperacion-economica-internacional","status":"publish","type":"post","link":"https:\/\/seal.com.gt\/en\/guatemala-reafirma-su-compromiso-con-la-cooperacion-economica-internacional\/","title":{"rendered":"Guatemala reafirma su compromiso con la cooperaci\u00f3n econ\u00f3mica internacional"},"content":{"rendered":"<p style=\"font-weight: 400\">El Viceministro de Integraci\u00f3n y Comercio Exterior, H\u00e9ctor Marroqu\u00edn, lider\u00f3 \u00a0una reuni\u00f3n informativa con representantes de distintas instituciones del Estado en el marco del Cuarto Examen de Pol\u00edticas Comerciales de <a href=\"https:\/\/seal.com.gt\/en\/guia-practica-para-asociar-un-agente-aduanero-en-sat-guatemala\/\" target=\"_blank\" rel=\"noopener\"><strong>Guatemala<\/strong><\/a>. Este proceso, realizado ante la Organizaci\u00f3n Mundial del Comercio (OMC), reafirma el compromiso de Guatemala con la transparencia y la cooperaci\u00f3n internacional en el \u00e1mbito comercial, seg\u00fan se\u00f1alaron desde <a href=\"https:\/\/seal.com.gt\/en\/\" target=\"_blank\" rel=\"noopener\"><strong>SEAL, Specialized Customs and Logistics Services<\/strong><\/a>.<\/p>\n<p style=\"font-weight: 400\">El Examen de Pol\u00edticas Comerciales es una evaluaci\u00f3n peri\u00f3dica de las pol\u00edticas comerciales de los miembros de la OMC. Este proceso permite a los pa\u00edses mostrar sus avances y fortalecer la colaboraci\u00f3n con otros miembros, promoviendo un comercio internacional justo y equilibrado.<\/p>\n<p style=\"font-weight: 400\">Durante el evento, el Viceministro Marroqu\u00edn destac\u00f3 la importancia de la transparencia y el esfuerzo interinstitucional para reunir y presentar la informaci\u00f3n requerida por la OMC. El equipo liderado por la Direcci\u00f3n de Administraci\u00f3n del Comercio Exterior (DACE) est\u00e1 a cargo de coordinar esta tarea, contando con la colaboraci\u00f3n de diversas instituciones nacionales, agregaron desde <a href=\"https:\/\/seal.com.gt\/en\/blog\/\" target=\"_blank\" rel=\"noopener\"><strong>SEAL, Servicios Especializados de Aduana y Log\u00edstica.<\/strong><\/a><\/p>\n<p style=\"font-weight: 400\">\u201cLa participaci\u00f3n de todas las instituciones aqu\u00ed presentes es clave para mostrar los logros y enfrentar los desaf\u00edos en el \u00e1mbito comercial,\u201d se\u00f1al\u00f3 Marroqu\u00edn. &#8220;Este examen es una oportunidad estrat\u00e9gica para demostrar al mundo el progreso de nuestras pol\u00edticas comerciales.&#8221; Concluy\u00f3 el Viceministro.<\/p>\n<p style=\"font-weight: 400\">La reuni\u00f3n tambi\u00e9n sirvi\u00f3 para explicar la metodolog\u00eda de trabajo y los primeros requerimientos de informaci\u00f3n solicitados por la OMC. El viceministro Marroqu\u00edn Mora enfatiz\u00f3 el compromiso del Ministerio de Econom\u00eda en apoyar y coordinar este proceso, buscando fortalecer la posici\u00f3n de Guatemala en el comercio global, publico el <a href=\"https:\/\/www.mineco.gob.gt\" target=\"_blank\" rel=\"noopener\"><strong>Mineco<\/strong><\/a>.<\/p>","protected":false},"excerpt":{"rendered":"<p>El Viceministro de Integraci\u00f3n y Comercio Exterior, H\u00e9ctor Marroqu\u00edn, lider\u00f3 \u00a0una reuni\u00f3n informativa con representantes de distintas instituciones del Estado en el marco del Cuarto Examen de Pol\u00edticas Comerciales de Guatemala. Este proceso, realizado ante la Organizaci\u00f3n Mundial del Comercio (OMC), reafirma el compromiso de Guatemala con la transparencia y la cooperaci\u00f3n internacional en el [&hellip;]<\/p>\n","protected":false},"author":9,"featured_media":2693,"comment_status":"open","ping_status":"closed","sticky":false,"template":"","format":"standard","meta":{"footnotes":""},"categories":[1],"tags":[62,321,55,65],"class_list":["post-2692","post","type-post","status-publish","format-standard","has-post-thumbnail","hentry","category-blog","tag-centroamerica","tag-mineco","tag-seal","tag-servicios-especializados-de-aduana-y-logistica"],"yoast_head":"<!-- This site is optimized with the Yoast SEO plugin v27.5 - https:\/\/yoast.com\/product\/yoast-seo-wordpress\/ -->\n<title>Guatemala reafirma su compromiso con la cooperaci\u00f3n econ\u00f3mica internacional - SEAL<\/title>\n<meta name=\"description\" content=\"Agencia de Aduana y Agencia de Carga, SEAL es una empresa de consultor\u00eda log\u00edstica que ofrece un servicio integral\" \/>\n<meta name=\"robots\" content=\"index, follow, max-snippet:-1, max-image-preview:large, max-video-preview:-1\" \/>\n<link rel=\"canonical\" href=\"https:\/\/www.seal.com.gt\/guatemala-reafirma-su-compromiso-con-la-cooperacion-economica-internacional\/\" \/>\n<meta property=\"og:locale\" content=\"en_US\" \/>\n<meta property=\"og:type\" content=\"article\" \/>\n<meta property=\"og:title\" content=\"Guatemala reafirma su compromiso con la cooperaci\u00f3n econ\u00f3mica internacional - SEAL\" \/>\n<meta property=\"og:description\" content=\"Agencia de Aduana y Agencia de Carga, SEAL es una empresa de consultor\u00eda log\u00edstica que ofrece un servicio integral\" \/>\n<meta property=\"og:url\" content=\"https:\/\/www.seal.com.gt\/guatemala-reafirma-su-compromiso-con-la-cooperacion-economica-internacional\/\" \/>\n<meta property=\"og:site_name\" content=\"SEAL\" \/>\n<meta property=\"article:publisher\" content=\"https:\/\/www.facebook.com\/sealgt\/\" \/>\n<meta property=\"article:published_time\" content=\"2024-10-31T20:04:57+00:00\" \/>\n<meta property=\"article:modified_time\" content=\"2024-11-05T20:09:50+00:00\" \/>\n<meta property=\"og:image\" content=\"https:\/\/www.seal.com.gt\/wp-content\/uploads\/2024\/11\/GUATEMALA-OMC.png\" \/>\n\t<meta property=\"og:image:width\" content=\"1870\" \/>\n\t<meta property=\"og:image:height\" content=\"1316\" \/>\n\t<meta property=\"og:image:type\" content=\"image\/png\" \/>\n<meta name=\"author\" content=\"Carlos Fernandez\" \/>\n<meta name=\"twitter:card\" content=\"summary_large_image\" \/>\n<meta name=\"twitter:creator\" content=\"@SealGT\" \/>\n<meta name=\"twitter:site\" content=\"@SealGT\" \/>\n<meta name=\"twitter:label1\" content=\"Written by\" \/>\n\t<meta name=\"twitter:data1\" content=\"Carlos Fernandez\" \/>\n\t<meta name=\"twitter:label2\" content=\"Est. reading time\" \/>\n\t<meta name=\"twitter:data2\" content=\"1 minute\" \/>\n<script type=\"application\/ld+json\" class=\"yoast-schema-graph\">{\"@context\":\"https:\\\/\\\/schema.org\",\"@graph\":[{\"@type\":\"Article\",\"@id\":\"https:\\\/\\\/www.seal.com.gt\\\/guatemala-reafirma-su-compromiso-con-la-cooperacion-economica-internacional\\\/#article\",\"isPartOf\":{\"@id\":\"https:\\\/\\\/www.seal.com.gt\\\/guatemala-reafirma-su-compromiso-con-la-cooperacion-economica-internacional\\\/\"},\"author\":{\"name\":\"Carlos Fernandez\",\"@id\":\"https:\\\/\\\/www.seal.com.gt\\\/en\\\/#\\\/schema\\\/person\\\/bdaade145a7d4c0e4e550ce8a3a8c9aa\"},\"headline\":\"Guatemala reafirma su compromiso con la cooperaci\u00f3n econ\u00f3mica internacional\",\"datePublished\":\"2024-10-31T20:04:57+00:00\",\"dateModified\":\"2024-11-05T20:09:50+00:00\",\"mainEntityOfPage\":{\"@id\":\"https:\\\/\\\/www.seal.com.gt\\\/guatemala-reafirma-su-compromiso-con-la-cooperacion-economica-internacional\\\/\"},\"wordCount\":310,\"commentCount\":0,\"publisher\":{\"@id\":\"https:\\\/\\\/www.seal.com.gt\\\/en\\\/#organization\"},\"image\":{\"@id\":\"https:\\\/\\\/www.seal.com.gt\\\/guatemala-reafirma-su-compromiso-con-la-cooperacion-economica-internacional\\\/#primaryimage\"},\"thumbnailUrl\":\"https:\\\/\\\/seal.com.gt\\\/wp-content\\\/uploads\\\/2024\\\/11\\\/GUATEMALA-OMC.png\",\"keywords\":[\"centroam\u00e9rica\",\"MINECO\",\"SEAL\",\"servicios especializados de aduana y log\u00edstica\"],\"articleSection\":[\"Blog\"],\"inLanguage\":\"en-US\",\"potentialAction\":[{\"@type\":\"CommentAction\",\"name\":\"Comment\",\"target\":[\"https:\\\/\\\/www.seal.com.gt\\\/guatemala-reafirma-su-compromiso-con-la-cooperacion-economica-internacional\\\/#respond\"]}]},{\"@type\":\"WebPage\",\"@id\":\"https:\\\/\\\/www.seal.com.gt\\\/guatemala-reafirma-su-compromiso-con-la-cooperacion-economica-internacional\\\/\",\"url\":\"https:\\\/\\\/www.seal.com.gt\\\/guatemala-reafirma-su-compromiso-con-la-cooperacion-economica-internacional\\\/\",\"name\":\"Guatemala reafirma su compromiso con la cooperaci\u00f3n econ\u00f3mica internacional - SEAL\",\"isPartOf\":{\"@id\":\"https:\\\/\\\/www.seal.com.gt\\\/en\\\/#website\"},\"primaryImageOfPage\":{\"@id\":\"https:\\\/\\\/www.seal.com.gt\\\/guatemala-reafirma-su-compromiso-con-la-cooperacion-economica-internacional\\\/#primaryimage\"},\"image\":{\"@id\":\"https:\\\/\\\/www.seal.com.gt\\\/guatemala-reafirma-su-compromiso-con-la-cooperacion-economica-internacional\\\/#primaryimage\"},\"thumbnailUrl\":\"https:\\\/\\\/seal.com.gt\\\/wp-content\\\/uploads\\\/2024\\\/11\\\/GUATEMALA-OMC.png\",\"datePublished\":\"2024-10-31T20:04:57+00:00\",\"dateModified\":\"2024-11-05T20:09:50+00:00\",\"description\":\"Agencia de Aduana y Agencia de Carga, SEAL es una empresa de consultor\u00eda log\u00edstica que ofrece un servicio integral\",\"breadcrumb\":{\"@id\":\"https:\\\/\\\/www.seal.com.gt\\\/guatemala-reafirma-su-compromiso-con-la-cooperacion-economica-internacional\\\/#breadcrumb\"},\"inLanguage\":\"en-US\",\"potentialAction\":[{\"@type\":\"ReadAction\",\"target\":[\"https:\\\/\\\/www.seal.com.gt\\\/guatemala-reafirma-su-compromiso-con-la-cooperacion-economica-internacional\\\/\"]}]},{\"@type\":\"ImageObject\",\"inLanguage\":\"en-US\",\"@id\":\"https:\\\/\\\/www.seal.com.gt\\\/guatemala-reafirma-su-compromiso-con-la-cooperacion-economica-internacional\\\/#primaryimage\",\"url\":\"https:\\\/\\\/seal.com.gt\\\/wp-content\\\/uploads\\\/2024\\\/11\\\/GUATEMALA-OMC.png\",\"contentUrl\":\"https:\\\/\\\/seal.com.gt\\\/wp-content\\\/uploads\\\/2024\\\/11\\\/GUATEMALA-OMC.png\",\"width\":1870,\"height\":1316},{\"@type\":\"BreadcrumbList\",\"@id\":\"https:\\\/\\\/www.seal.com.gt\\\/guatemala-reafirma-su-compromiso-con-la-cooperacion-economica-internacional\\\/#breadcrumb\",\"itemListElement\":[{\"@type\":\"ListItem\",\"position\":1,\"name\":\"Portada\",\"item\":\"https:\\\/\\\/seal.com.gt\\\/\"},{\"@type\":\"ListItem\",\"position\":2,\"name\":\"Guatemala reafirma su compromiso con la cooperaci\u00f3n econ\u00f3mica internacional\"}]},{\"@type\":\"WebSite\",\"@id\":\"https:\\\/\\\/www.seal.com.gt\\\/en\\\/#website\",\"url\":\"https:\\\/\\\/www.seal.com.gt\\\/en\\\/\",\"name\":\"SEAL\",\"description\":\"Servicios especializados de aduana y log\u00edstica\",\"publisher\":{\"@id\":\"https:\\\/\\\/www.seal.com.gt\\\/en\\\/#organization\"},\"potentialAction\":[{\"@type\":\"SearchAction\",\"target\":{\"@type\":\"EntryPoint\",\"urlTemplate\":\"https:\\\/\\\/www.seal.com.gt\\\/en\\\/?s={search_term_string}\"},\"query-input\":{\"@type\":\"PropertyValueSpecification\",\"valueRequired\":true,\"valueName\":\"search_term_string\"}}],\"inLanguage\":\"en-US\"},{\"@type\":\"Organization\",\"@id\":\"https:\\\/\\\/www.seal.com.gt\\\/en\\\/#organization\",\"name\":\"Servicios Especializados de Aduana y Logistica\",\"url\":\"https:\\\/\\\/www.seal.com.gt\\\/en\\\/\",\"logo\":{\"@type\":\"ImageObject\",\"inLanguage\":\"en-US\",\"@id\":\"https:\\\/\\\/www.seal.com.gt\\\/en\\\/#\\\/schema\\\/logo\\\/image\\\/\",\"url\":\"https:\\\/\\\/seal.com.gt\\\/wp-content\\\/uploads\\\/2019\\\/07\\\/seal-guatemala.png\",\"contentUrl\":\"https:\\\/\\\/seal.com.gt\\\/wp-content\\\/uploads\\\/2019\\\/07\\\/seal-guatemala.png\",\"width\":110,\"height\":75,\"caption\":\"Servicios Especializados de Aduana y Logistica\"},\"image\":{\"@id\":\"https:\\\/\\\/www.seal.com.gt\\\/en\\\/#\\\/schema\\\/logo\\\/image\\\/\"},\"sameAs\":[\"https:\\\/\\\/www.facebook.com\\\/sealgt\\\/\",\"https:\\\/\\\/x.com\\\/SealGT\",\"https:\\\/\\\/www.instagram.com\\\/sealgt_\\\/\",\"https:\\\/\\\/www.linkedin.com\\\/company\\\/sealgt\\\/\",\"https:\\\/\\\/www.youtube.com\\\/channel\\\/UCR7Hlb1FvtE-_dX61LGES_w\"]},{\"@type\":\"Person\",\"@id\":\"https:\\\/\\\/www.seal.com.gt\\\/en\\\/#\\\/schema\\\/person\\\/bdaade145a7d4c0e4e550ce8a3a8c9aa\",\"name\":\"Carlos Fernandez\",\"image\":{\"@type\":\"ImageObject\",\"inLanguage\":\"en-US\",\"@id\":\"https:\\\/\\\/secure.gravatar.com\\\/avatar\\\/58d46d11b3ee03e1c767195c40dc71152c0851754aaf267b52fcee7abb624f2b?s=96&d=mm&r=g\",\"url\":\"https:\\\/\\\/secure.gravatar.com\\\/avatar\\\/58d46d11b3ee03e1c767195c40dc71152c0851754aaf267b52fcee7abb624f2b?s=96&d=mm&r=g\",\"contentUrl\":\"https:\\\/\\\/secure.gravatar.com\\\/avatar\\\/58d46d11b3ee03e1c767195c40dc71152c0851754aaf267b52fcee7abb624f2b?s=96&d=mm&r=g\",\"caption\":\"Carlos Fernandez\"},\"url\":\"https:\\\/\\\/seal.com.gt\\\/en\\\/author\\\/carlos-fernandez\\\/\"}]}<\/script>\n<!-- \/ Yoast SEO plugin. -->","yoast_head_json":{"title":"Guatemala reafirma su compromiso con la cooperaci\u00f3n econ\u00f3mica internacional - SEAL","description":"Agencia de Aduana y Agencia de Carga, SEAL es una empresa de consultor\u00eda log\u00edstica que ofrece un servicio integral","robots":{"index":"index","follow":"follow","max-snippet":"max-snippet:-1","max-image-preview":"max-image-preview:large","max-video-preview":"max-video-preview:-1"},"canonical":"https:\/\/www.seal.com.gt\/guatemala-reafirma-su-compromiso-con-la-cooperacion-economica-internacional\/","og_locale":"en_US","og_type":"article","og_title":"Guatemala reafirma su compromiso con la cooperaci\u00f3n econ\u00f3mica internacional - SEAL","og_description":"Agencia de Aduana y Agencia de Carga, SEAL es una empresa de consultor\u00eda log\u00edstica que ofrece un servicio integral","og_url":"https:\/\/www.seal.com.gt\/guatemala-reafirma-su-compromiso-con-la-cooperacion-economica-internacional\/","og_site_name":"SEAL","article_publisher":"https:\/\/www.facebook.com\/sealgt\/","article_published_time":"2024-10-31T20:04:57+00:00","article_modified_time":"2024-11-05T20:09:50+00:00","og_image":[{"width":1870,"height":1316,"url":"https:\/\/www.seal.com.gt\/wp-content\/uploads\/2024\/11\/GUATEMALA-OMC.png","type":"image\/png"}],"author":"Carlos Fernandez","twitter_card":"summary_large_image","twitter_creator":"@SealGT","twitter_site":"@SealGT","twitter_misc":{"Written by":"Carlos Fernandez","Est. reading time":"1 minute"},"schema":{"@context":"https:\/\/schema.org","@graph":[{"@type":"Article","@id":"https:\/\/www.seal.com.gt\/guatemala-reafirma-su-compromiso-con-la-cooperacion-economica-internacional\/#article","isPartOf":{"@id":"https:\/\/www.seal.com.gt\/guatemala-reafirma-su-compromiso-con-la-cooperacion-economica-internacional\/"},"author":{"name":"Carlos Fernandez","@id":"https:\/\/www.seal.com.gt\/en\/#\/schema\/person\/bdaade145a7d4c0e4e550ce8a3a8c9aa"},"headline":"Guatemala reafirma su compromiso con la cooperaci\u00f3n econ\u00f3mica internacional","datePublished":"2024-10-31T20:04:57+00:00","dateModified":"2024-11-05T20:09:50+00:00","mainEntityOfPage":{"@id":"https:\/\/www.seal.com.gt\/guatemala-reafirma-su-compromiso-con-la-cooperacion-economica-internacional\/"},"wordCount":310,"commentCount":0,"publisher":{"@id":"https:\/\/www.seal.com.gt\/en\/#organization"},"image":{"@id":"https:\/\/www.seal.com.gt\/guatemala-reafirma-su-compromiso-con-la-cooperacion-economica-internacional\/#primaryimage"},"thumbnailUrl":"https:\/\/seal.com.gt\/wp-content\/uploads\/2024\/11\/GUATEMALA-OMC.png","keywords":["centroam\u00e9rica","MINECO","SEAL","servicios especializados de aduana y log\u00edstica"],"articleSection":["Blog"],"inLanguage":"en-US","potentialAction":[{"@type":"CommentAction","name":"Comment","target":["https:\/\/www.seal.com.gt\/guatemala-reafirma-su-compromiso-con-la-cooperacion-economica-internacional\/#respond"]}]},{"@type":"WebPage","@id":"https:\/\/www.seal.com.gt\/guatemala-reafirma-su-compromiso-con-la-cooperacion-economica-internacional\/","url":"https:\/\/www.seal.com.gt\/guatemala-reafirma-su-compromiso-con-la-cooperacion-economica-internacional\/","name":"Guatemala reafirma su compromiso con la cooperaci\u00f3n econ\u00f3mica internacional - SEAL","isPartOf":{"@id":"https:\/\/www.seal.com.gt\/en\/#website"},"primaryImageOfPage":{"@id":"https:\/\/www.seal.com.gt\/guatemala-reafirma-su-compromiso-con-la-cooperacion-economica-internacional\/#primaryimage"},"image":{"@id":"https:\/\/www.seal.com.gt\/guatemala-reafirma-su-compromiso-con-la-cooperacion-economica-internacional\/#primaryimage"},"thumbnailUrl":"https:\/\/seal.com.gt\/wp-content\/uploads\/2024\/11\/GUATEMALA-OMC.png","datePublished":"2024-10-31T20:04:57+00:00","dateModified":"2024-11-05T20:09:50+00:00","description":"Agencia de Aduana y Agencia de Carga, SEAL es una empresa de consultor\u00eda log\u00edstica que ofrece un servicio integral","breadcrumb":{"@id":"https:\/\/www.seal.com.gt\/guatemala-reafirma-su-compromiso-con-la-cooperacion-economica-internacional\/#breadcrumb"},"inLanguage":"en-US","potentialAction":[{"@type":"ReadAction","target":["https:\/\/www.seal.com.gt\/guatemala-reafirma-su-compromiso-con-la-cooperacion-economica-internacional\/"]}]},{"@type":"ImageObject","inLanguage":"en-US","@id":"https:\/\/www.seal.com.gt\/guatemala-reafirma-su-compromiso-con-la-cooperacion-economica-internacional\/#primaryimage","url":"https:\/\/seal.com.gt\/wp-content\/uploads\/2024\/11\/GUATEMALA-OMC.png","contentUrl":"https:\/\/seal.com.gt\/wp-content\/uploads\/2024\/11\/GUATEMALA-OMC.png","width":1870,"height":1316},{"@type":"BreadcrumbList","@id":"https:\/\/www.seal.com.gt\/guatemala-reafirma-su-compromiso-con-la-cooperacion-economica-internacional\/#breadcrumb","itemListElement":[{"@type":"ListItem","position":1,"name":"Portada","item":"https:\/\/seal.com.gt\/"},{"@type":"ListItem","position":2,"name":"Guatemala reafirma su compromiso con la cooperaci\u00f3n econ\u00f3mica internacional"}]},{"@type":"WebSite","@id":"https:\/\/www.seal.com.gt\/en\/#website","url":"https:\/\/www.seal.com.gt\/en\/","name":"SEAL","description":"Servicios especializados de aduana y log\u00edstica","publisher":{"@id":"https:\/\/www.seal.com.gt\/en\/#organization"},"potentialAction":[{"@type":"SearchAction","target":{"@type":"EntryPoint","urlTemplate":"https:\/\/www.seal.com.gt\/en\/?s={search_term_string}"},"query-input":{"@type":"PropertyValueSpecification","valueRequired":true,"valueName":"search_term_string"}}],"inLanguage":"en-US"},{"@type":"Organization","@id":"https:\/\/www.seal.com.gt\/en\/#organization","name":"Servicios Especializados de Aduana y Logistica","url":"https:\/\/www.seal.com.gt\/en\/","logo":{"@type":"ImageObject","inLanguage":"en-US","@id":"https:\/\/www.seal.com.gt\/en\/#\/schema\/logo\/image\/","url":"https:\/\/seal.com.gt\/wp-content\/uploads\/2019\/07\/seal-guatemala.png","contentUrl":"https:\/\/seal.com.gt\/wp-content\/uploads\/2019\/07\/seal-guatemala.png","width":110,"height":75,"caption":"Servicios Especializados de Aduana y Logistica"},"image":{"@id":"https:\/\/www.seal.com.gt\/en\/#\/schema\/logo\/image\/"},"sameAs":["https:\/\/www.facebook.com\/sealgt\/","https:\/\/x.com\/SealGT","https:\/\/www.instagram.com\/sealgt_\/","https:\/\/www.linkedin.com\/company\/sealgt\/","https:\/\/www.youtube.com\/channel\/UCR7Hlb1FvtE-_dX61LGES_w"]},{"@type":"Person","@id":"https:\/\/www.seal.com.gt\/en\/#\/schema\/person\/bdaade145a7d4c0e4e550ce8a3a8c9aa","name":"Carlos Fernandez","image":{"@type":"ImageObject","inLanguage":"en-US","@id":"https:\/\/secure.gravatar.com\/avatar\/58d46d11b3ee03e1c767195c40dc71152c0851754aaf267b52fcee7abb624f2b?s=96&d=mm&r=g","url":"https:\/\/secure.gravatar.com\/avatar\/58d46d11b3ee03e1c767195c40dc71152c0851754aaf267b52fcee7abb624f2b?s=96&d=mm&r=g","contentUrl":"https:\/\/secure.gravatar.com\/avatar\/58d46d11b3ee03e1c767195c40dc71152c0851754aaf267b52fcee7abb624f2b?s=96&d=mm&r=g","caption":"Carlos Fernandez"},"url":"https:\/\/seal.com.gt\/en\/author\/carlos-fernandez\/"}]}},"_links":{"self":[{"href":"https:\/\/seal.com.gt\/en\/wp-json\/wp\/v2\/posts\/2692","targetHints":{"allow":["GET"]}}],"collection":[{"href":"https:\/\/seal.com.gt\/en\/wp-json\/wp\/v2\/posts"}],"about":[{"href":"https:\/\/seal.com.gt\/en\/wp-json\/wp\/v2\/types\/post"}],"author":[{"embeddable":true,"href":"https:\/\/seal.com.gt\/en\/wp-json\/wp\/v2\/users\/9"}],"replies":[{"embeddable":true,"href":"https:\/\/seal.com.gt\/en\/wp-json\/wp\/v2\/comments?post=2692"}],"version-history":[{"count":0,"href":"https:\/\/seal.com.gt\/en\/wp-json\/wp\/v2\/posts\/2692\/revisions"}],"wp:featuredmedia":[{"embeddable":true,"href":"https:\/\/seal.com.gt\/en\/wp-json\/wp\/v2\/media\/2693"}],"wp:attachment":[{"href":"https:\/\/seal.com.gt\/en\/wp-json\/wp\/v2\/media?parent=2692"}],"wp:term":[{"taxonomy":"category","embeddable":true,"href":"https:\/\/seal.com.gt\/en\/wp-json\/wp\/v2\/categories?post=2692"},{"taxonomy":"post_tag","embeddable":true,"href":"https:\/\/seal.com.gt\/en\/wp-json\/wp\/v2\/tags?post=2692"}],"curies":[{"name":"wp","href":"https:\/\/api.w.org\/{rel}","templated":true}]}}