{"id":3644,"date":"2025-01-23T08:10:20","date_gmt":"2025-01-23T14:10:20","guid":{"rendered":"https:\/\/seal.com.gt\/?p=3644"},"modified":"2025-02-24T08:15:55","modified_gmt":"2025-02-24T14:15:55","slug":"cual-sera-el-crecimiento-economico-de-america-latina-y-caribe","status":"publish","type":"post","link":"https:\/\/seal.com.gt\/en\/cual-sera-el-crecimiento-economico-de-america-latina-y-caribe\/","title":{"rendered":"\u00bfCu\u00e1l ser\u00e1 el crecimiento econ\u00f3mico de Am\u00e9rica Latina y Caribe el 2025 seg\u00fan el Banco Mundial?"},"content":{"rendered":"<p><\/p>\n\n\n\n<p><a href=\"https:\/\/www.facebook.com\/sharer.php?u=https%3A%2F%2Fmascontainer.com%2Fcrecimiento-economico-de-alc-el-2025-segun-el-banco-mundial%2F\"><\/a>El\u00a0<strong>Banco Mundial<\/strong>\u00a0estima que el\u00a0<a href=\"https:\/\/seal.com.gt\/en\/\" target=\"_blank\" rel=\"noreferrer noopener\"><strong>crecimiento\u00a0econ\u00f3mico\u00a0de Am\u00e9rica Latina y el Caribe alcanzar\u00e1 un 2,5% en 2025<\/strong><\/a>\u00a0y un 2,6% en 2026, marcando una ligera recuperaci\u00f3n respecto al desempe\u00f1o del 2,2% registrado en 2024, se\u00f1alaron desde\u00a0<a href=\"https:\/\/seal.com.gt\/en\/\" target=\"_blank\" rel=\"noreferrer noopener\"><strong>SEAL, Servicios Especializados de Aduana y Log\u00edstica.<\/strong><\/a><\/p>\n\n\n\n<p><a href=\"https:\/\/www.infobae.com\/america\/\" target=\"_blank\" rel=\"noreferrer noopener\"><strong>Infobae<\/strong><\/a>&nbsp;public\u00f3 que, seg\u00fan la proyecci\u00f3n, este<strong>repunte estar\u00e1 vinculado a una recuperaci\u00f3n econ\u00f3mica de Argentina<\/strong>. Sin embargo, la regi\u00f3n seguir\u00e1 enfrentando desaf\u00edos derivados de riesgos globales y&nbsp;<strong>condiciones econ\u00f3micas internas<\/strong>. Por su parte, el informe de Perspectivas Econ\u00f3micas Mundiales, establece que la regi\u00f3n se beneficiar\u00e1 de los&nbsp;<a href=\"https:\/\/seal.com.gt\/en\/blog\/\" target=\"_blank\" rel=\"noreferrer noopener\"><strong>precios de los productos b\u00e1sicos<\/strong><\/a>, que continuar\u00e1n respaldando las<strong>&nbsp;exportaciones<\/strong>, mientras que la mejora del consumo y la&nbsp;<strong>inversi\u00f3n en sectores estrat\u00e9gicos contribuir\u00e1 a dinamizar las econom\u00edas locales<\/strong>.<\/p>\n\n\n\n<p>A pesar de estos factores positivos,&nbsp;<a href=\"https:\/\/seal.com.gt\/en\/importar-productos-de-forma-segura-desde-china-a-guatemala\/\" target=\"_blank\" rel=\"noreferrer noopener\"><strong>se advierte que el tenue crecimiento de China<\/strong><\/a>, un socio comercial clave,&nbsp;<strong>podr\u00eda limitar el impacto de las exportaciones<\/strong>, especialmente en pa\u00edses dependientes de este mercado.<\/p>\n\n\n\n<p><strong>Desempe\u00f1o esperado por pa\u00edses<\/strong><\/p>\n\n\n\n<p>El documento se\u00f1ala que&nbsp;<strong>Argentina impulsar\u00e1 la recuperaci\u00f3n econ\u00f3mica de la regi\u00f3n<\/strong>, con un crecimiento proyectado del 4,8% anual, tras dos a\u00f1os de recesi\u00f3n. Este avance se debe principalmente a la&nbsp;<strong>recuperaci\u00f3n de sectores clave como la agricultura y la miner\u00eda<\/strong>, que impulsar\u00e1n los ingresos del pa\u00eds.<\/p>\n\n\n\n<p>En tanto, en el&nbsp;<strong>Caribe<\/strong>, Guyana destacar\u00e1 con un&nbsp;<strong>crecimiento del 12,3% en 2025<\/strong>, gracias a la expansi\u00f3n de su&nbsp;<strong>sector petrolero<\/strong>. Excluyendo a este pa\u00eds, la<strong>&nbsp;regi\u00f3n caribe\u00f1a presentar\u00e1 un promedio de crecimiento anual del 3,8%<\/strong>, apoyado por el turismo y las remesas.<\/p>\n\n\n\n<p>Por su parte,&nbsp;<strong>Brasil experimentar\u00e1 un crecimiento m\u00e1s lento<\/strong>, con una proyecci\u00f3n de 2,2% tanto para 2025 como para 2026, afectado por pol\u00edticas monetarias restrictivas y una limitada capacidad de est\u00edmulo fiscal.&nbsp;<strong>M\u00e9xico seguir\u00e1 una tendencia similar, con un crecimiento del 1,5% en promedio<\/strong>, influido por la consolidaci\u00f3n fiscal y las condiciones internas de alta<a href=\"https:\/\/mascontainer.com\/respiro-inflacion-de-eeuu-sube-menos-de-lo-esperado-en-abril\/\" target=\"_blank\" rel=\"noreferrer noopener\"><strong>&nbsp;inflaci\u00f3n<\/strong><\/a>.<\/p>\n\n\n\n<p><strong>Colombia<\/strong>, en cambio,&nbsp;<strong>se proyecta como una de las econom\u00edas m\u00e1s din\u00e1micas de la regi\u00f3n<\/strong>, con un crecimiento esperado del 3% en 2025,<strong>&nbsp;impulsado por la recuperaci\u00f3n del consumo privado y la inversi\u00f3n<\/strong>.&nbsp;<strong>Chile, con un aumento proyectado del 2,2%, se beneficiar\u00e1 de sus exportaciones de energ\u00eda verde<\/strong>, mientras que Per\u00fa, con un crecimiento del 2,5%, depender\u00e1 de la<strong>&nbsp;inversi\u00f3n en miner\u00eda<\/strong>, a pesar de la desaceleraci\u00f3n esperada en el consumo interno, indicaron desde&nbsp;<a href=\"https:\/\/seal.com.gt\/en\/\" target=\"_blank\" rel=\"noreferrer noopener\"><strong>SEAL, Servicios Especializados de Aduana y Log\u00edstica.<\/strong><\/a><\/p>\n\n\n\n<p><strong>Am\u00e9rica Central alcanzar\u00e1 un promedio de crecimiento del 3,5% para 2025 y 2026<\/strong>, sostenido por el aumento en el consumo privado y los flujos constantes de remesas. Estas din\u00e1micas regionales reflejan un panorama mixto en el que algunos pa\u00edses muestran mayor resiliencia frente a los desaf\u00edos globales.<\/p>\n\n\n\n<p><strong>Factores que impulsan el crecimiento<\/strong><\/p>\n\n\n\n<p>Las proyecciones del Banco Mundial indican que el crecimiento en Am\u00e9rica Latina y el Caribe estar\u00e1 respaldado por varios factores clave. La<strong>&nbsp;disminuci\u00f3n de la inflaci\u00f3n permitir\u00e1 un mayor consumo privado<\/strong>, mientras que la&nbsp;<strong>normalizaci\u00f3n de las tasas de inter\u00e9s facilitar\u00e1 el acceso al cr\u00e9dito para empresas y consumidores<\/strong>. Adem\u00e1s, los precios de los productos b\u00e1sicos, aunque vulnerables al contexto global, seguir\u00e1n siendo un pilar fundamental para las econom\u00edas exportadoras de la regi\u00f3n.<\/p>\n\n\n\n<p>En pa\u00edses como Argentina y Colombia, la mejora en la confianza de los inversionistas y el fortalecimiento de sectores estrat\u00e9gicos, como la&nbsp;<strong>miner\u00eda<\/strong>&nbsp;y las&nbsp;<strong>energ\u00edas renovables<\/strong>, jugar\u00e1n un papel crucial en la&nbsp;<strong>recuperaci\u00f3n econ\u00f3mica<\/strong>. Asimismo, en el Caribe, el sector tur\u00edstico continuar\u00e1 su expansi\u00f3n,<strong>&nbsp;impulsado por la recuperaci\u00f3n del turismo internacional<\/strong>, mientras que las remesas seguir\u00e1n siendo una fuente clave de ingresos para los pa\u00edses centroamericanos.<\/p>\n\n\n\n<p><strong>Riesgos y desaf\u00edos<\/strong><\/p>\n\n\n\n<p>A pesar de las proyecciones positivas, se indica que la&nbsp;<strong>regi\u00f3n enfrenta riesgos considerables como la inestabilidad fiscal<\/strong>, la persistencia de la inflaci\u00f3n b\u00e1sica y el endurecimiento de las pol\u00edticas monetarias.<\/p>\n\n\n\n<p>Por otra parte, el<strong>&nbsp;cambio clim\u00e1tico<\/strong>, en particular las sequ\u00edas inducidas por La Ni\u00f1a, sigue representando una amenaza significativa para la&nbsp;<a href=\"https:\/\/mascontainer.com\/agricultura-sostenible-una-apuesta-para-recuperar-a-latinoamerica\/\" target=\"_blank\" rel=\"noreferrer noopener\"><strong>agricultura<\/strong><\/a>&nbsp;y la&nbsp;<a href=\"https:\/\/mascontainer.com\/inversion-en-tecnologia-la-estrategia-de-puerto-barcelona\/\" target=\"_blank\" rel=\"noreferrer noopener\"><strong>infraestructura<\/strong><\/a>&nbsp;en las zonas vulnerables de la regi\u00f3n.<\/p>\n\n\n\n<p>Otro factor de riesgo es la&nbsp;<strong>relaci\u00f3n comercial con China<\/strong>, que ha mostrado un&nbsp;<strong>crecimiento econ\u00f3mico m\u00e1s d\u00e9bil en los \u00faltimos a\u00f1os<\/strong>. Esto podr\u00eda reducir la demanda de productos b\u00e1sicos de pa\u00edses como<strong>Chile<\/strong>&nbsp;y&nbsp;<strong>Peru<\/strong>, que dependen en gran medida de este mercado.<\/p>\n\n\n\n<p>Por \u00faltimo, las restricciones comerciales y migratorias incluidas en la actualizaci\u00f3n del Tratado entre&nbsp;<strong>M\u00e9xico, Estados Unidos y Canad\u00e1 (T-MEC)<\/strong>&nbsp;podr\u00edan tener un impacto negativo en las exportaciones y los flujos de remesas hacia la regi\u00f3n.<\/p>\n\n\n\n<p>En ese marco, el&nbsp;<strong>crecimiento proyectado para 2025 y 2026 refleja un avance moderado pero consistente en la recuperaci\u00f3n de la regi\u00f3n<\/strong>. Aunque persisten desaf\u00edos estructurales y globales, las&nbsp;<strong>econom\u00edas m\u00e1s resilientes podr\u00e1n capitalizar las oportunidades<\/strong>&nbsp;que puedan surgir en el contexto internacional.<\/p>","protected":false},"excerpt":{"rendered":"<p>El\u00a0Banco Mundial\u00a0estima que el\u00a0crecimiento\u00a0econ\u00f3mico\u00a0de Am\u00e9rica Latina y el Caribe alcanzar\u00e1 un 2,5% en 2025\u00a0y un 2,6% en 2026, marcando una ligera recuperaci\u00f3n respecto al desempe\u00f1o del 2,2% registrado en 2024, se\u00f1alaron desde\u00a0SEAL, Servicios Especializados de Aduana y Log\u00edstica. Infobae&nbsp;public\u00f3 que, seg\u00fan la proyecci\u00f3n, esterepunte estar\u00e1 vinculado a una recuperaci\u00f3n econ\u00f3mica de Argentina. Sin embargo, la [&hellip;]<\/p>\n","protected":false},"author":9,"featured_media":3645,"comment_status":"open","ping_status":"closed","sticky":false,"template":"","format":"standard","meta":{"footnotes":""},"categories":[1],"tags":[62,61,55,65],"class_list":["post-3644","post","type-post","status-publish","format-standard","has-post-thumbnail","hentry","category-blog","tag-centroamerica","tag-guatemala","tag-seal","tag-servicios-especializados-de-aduana-y-logistica"],"yoast_head":"<!-- This site is optimized with the Yoast SEO plugin v27.5 - https:\/\/yoast.com\/product\/yoast-seo-wordpress\/ -->\n<title>\u00bfCu\u00e1l ser\u00e1 el crecimiento econ\u00f3mico de Am\u00e9rica Latina y Caribe?<\/title>\n<meta name=\"description\" content=\"Se dar\u00eda una ligera recuperaci\u00f3n respecto al desempe\u00f1o del 2,2% registrado en 2024, se\u00f1alaron desde\u00a0SEAL, Servicios Especializados de Aduana y Log\u00edstica.\" \/>\n<meta name=\"robots\" content=\"index, follow, max-snippet:-1, max-image-preview:large, max-video-preview:-1\" \/>\n<link rel=\"canonical\" href=\"https:\/\/seal.com.gt\/en\/cual-sera-el-crecimiento-economico-de-america-latina-y-caribe\/\" \/>\n<meta property=\"og:locale\" content=\"en_US\" \/>\n<meta property=\"og:type\" content=\"article\" \/>\n<meta property=\"og:title\" content=\"\u00bfCu\u00e1l ser\u00e1 el crecimiento econ\u00f3mico de Am\u00e9rica Latina y Caribe?\" \/>\n<meta property=\"og:description\" content=\"Se dar\u00eda una ligera recuperaci\u00f3n respecto al desempe\u00f1o del 2,2% registrado en 2024, se\u00f1alaron desde\u00a0SEAL, Servicios Especializados de Aduana y Log\u00edstica.\" \/>\n<meta property=\"og:url\" content=\"https:\/\/seal.com.gt\/en\/cual-sera-el-crecimiento-economico-de-america-latina-y-caribe\/\" \/>\n<meta property=\"og:site_name\" content=\"SEAL\" \/>\n<meta property=\"article:publisher\" content=\"https:\/\/www.facebook.com\/sealgt\/\" \/>\n<meta property=\"article:published_time\" content=\"2025-01-23T14:10:20+00:00\" \/>\n<meta property=\"article:modified_time\" content=\"2025-02-24T14:15:55+00:00\" \/>\n<meta property=\"og:image\" content=\"https:\/\/seal.com.gt\/wp-content\/uploads\/2025\/02\/Captura-de-pantalla-2025-02-24-a-las-11.10.45\u202fa.-m-1024x733.png\" \/>\n\t<meta property=\"og:image:width\" content=\"1024\" \/>\n\t<meta property=\"og:image:height\" content=\"733\" \/>\n\t<meta property=\"og:image:type\" content=\"image\/png\" \/>\n<meta name=\"author\" content=\"Carlos Fernandez\" \/>\n<meta name=\"twitter:card\" content=\"summary_large_image\" \/>\n<meta name=\"twitter:creator\" content=\"@SealGT\" \/>\n<meta name=\"twitter:site\" content=\"@SealGT\" \/>\n<meta name=\"twitter:label1\" content=\"Written by\" \/>\n\t<meta name=\"twitter:data1\" content=\"Carlos Fernandez\" \/>\n\t<meta name=\"twitter:label2\" content=\"Est. reading time\" \/>\n\t<meta name=\"twitter:data2\" content=\"4 minutes\" \/>\n<script type=\"application\/ld+json\" class=\"yoast-schema-graph\">{\"@context\":\"https:\\\/\\\/schema.org\",\"@graph\":[{\"@type\":\"Article\",\"@id\":\"https:\\\/\\\/seal.com.gt\\\/cual-sera-el-crecimiento-economico-de-america-latina-y-caribe\\\/#article\",\"isPartOf\":{\"@id\":\"https:\\\/\\\/seal.com.gt\\\/cual-sera-el-crecimiento-economico-de-america-latina-y-caribe\\\/\"},\"author\":{\"name\":\"Carlos Fernandez\",\"@id\":\"https:\\\/\\\/www.seal.com.gt\\\/en\\\/#\\\/schema\\\/person\\\/bdaade145a7d4c0e4e550ce8a3a8c9aa\"},\"headline\":\"\u00bfCu\u00e1l ser\u00e1 el crecimiento econ\u00f3mico de Am\u00e9rica Latina y Caribe el 2025 seg\u00fan el Banco Mundial?\",\"datePublished\":\"2025-01-23T14:10:20+00:00\",\"dateModified\":\"2025-02-24T14:15:55+00:00\",\"mainEntityOfPage\":{\"@id\":\"https:\\\/\\\/seal.com.gt\\\/cual-sera-el-crecimiento-economico-de-america-latina-y-caribe\\\/\"},\"wordCount\":913,\"commentCount\":0,\"publisher\":{\"@id\":\"https:\\\/\\\/www.seal.com.gt\\\/en\\\/#organization\"},\"image\":{\"@id\":\"https:\\\/\\\/seal.com.gt\\\/cual-sera-el-crecimiento-economico-de-america-latina-y-caribe\\\/#primaryimage\"},\"thumbnailUrl\":\"https:\\\/\\\/seal.com.gt\\\/wp-content\\\/uploads\\\/2025\\\/02\\\/Captura-de-pantalla-2025-02-24-a-las-11.10.45\u202fa.-m.png\",\"keywords\":[\"centroam\u00e9rica\",\"guatemala\",\"SEAL\",\"servicios especializados de aduana y log\u00edstica\"],\"articleSection\":[\"Blog\"],\"inLanguage\":\"en-US\",\"potentialAction\":[{\"@type\":\"CommentAction\",\"name\":\"Comment\",\"target\":[\"https:\\\/\\\/seal.com.gt\\\/cual-sera-el-crecimiento-economico-de-america-latina-y-caribe\\\/#respond\"]}]},{\"@type\":\"WebPage\",\"@id\":\"https:\\\/\\\/seal.com.gt\\\/cual-sera-el-crecimiento-economico-de-america-latina-y-caribe\\\/\",\"url\":\"https:\\\/\\\/seal.com.gt\\\/cual-sera-el-crecimiento-economico-de-america-latina-y-caribe\\\/\",\"name\":\"\u00bfCu\u00e1l ser\u00e1 el crecimiento econ\u00f3mico de Am\u00e9rica Latina y Caribe?\",\"isPartOf\":{\"@id\":\"https:\\\/\\\/www.seal.com.gt\\\/en\\\/#website\"},\"primaryImageOfPage\":{\"@id\":\"https:\\\/\\\/seal.com.gt\\\/cual-sera-el-crecimiento-economico-de-america-latina-y-caribe\\\/#primaryimage\"},\"image\":{\"@id\":\"https:\\\/\\\/seal.com.gt\\\/cual-sera-el-crecimiento-economico-de-america-latina-y-caribe\\\/#primaryimage\"},\"thumbnailUrl\":\"https:\\\/\\\/seal.com.gt\\\/wp-content\\\/uploads\\\/2025\\\/02\\\/Captura-de-pantalla-2025-02-24-a-las-11.10.45\u202fa.-m.png\",\"datePublished\":\"2025-01-23T14:10:20+00:00\",\"dateModified\":\"2025-02-24T14:15:55+00:00\",\"description\":\"Se dar\u00eda una ligera recuperaci\u00f3n respecto al desempe\u00f1o del 2,2% registrado en 2024, se\u00f1alaron desde\u00a0SEAL, Servicios Especializados de Aduana y Log\u00edstica.\",\"breadcrumb\":{\"@id\":\"https:\\\/\\\/seal.com.gt\\\/cual-sera-el-crecimiento-economico-de-america-latina-y-caribe\\\/#breadcrumb\"},\"inLanguage\":\"en-US\",\"potentialAction\":[{\"@type\":\"ReadAction\",\"target\":[\"https:\\\/\\\/seal.com.gt\\\/cual-sera-el-crecimiento-economico-de-america-latina-y-caribe\\\/\"]}]},{\"@type\":\"ImageObject\",\"inLanguage\":\"en-US\",\"@id\":\"https:\\\/\\\/seal.com.gt\\\/cual-sera-el-crecimiento-economico-de-america-latina-y-caribe\\\/#primaryimage\",\"url\":\"https:\\\/\\\/seal.com.gt\\\/wp-content\\\/uploads\\\/2025\\\/02\\\/Captura-de-pantalla-2025-02-24-a-las-11.10.45\u202fa.-m.png\",\"contentUrl\":\"https:\\\/\\\/seal.com.gt\\\/wp-content\\\/uploads\\\/2025\\\/02\\\/Captura-de-pantalla-2025-02-24-a-las-11.10.45\u202fa.-m.png\",\"width\":1712,\"height\":1226},{\"@type\":\"BreadcrumbList\",\"@id\":\"https:\\\/\\\/seal.com.gt\\\/cual-sera-el-crecimiento-economico-de-america-latina-y-caribe\\\/#breadcrumb\",\"itemListElement\":[{\"@type\":\"ListItem\",\"position\":1,\"name\":\"Portada\",\"item\":\"https:\\\/\\\/seal.com.gt\\\/\"},{\"@type\":\"ListItem\",\"position\":2,\"name\":\"\u00bfCu\u00e1l ser\u00e1 el crecimiento econ\u00f3mico de Am\u00e9rica Latina y Caribe el 2025 seg\u00fan el Banco Mundial?\"}]},{\"@type\":\"WebSite\",\"@id\":\"https:\\\/\\\/www.seal.com.gt\\\/en\\\/#website\",\"url\":\"https:\\\/\\\/www.seal.com.gt\\\/en\\\/\",\"name\":\"SEAL\",\"description\":\"Servicios especializados de aduana y log\u00edstica\",\"publisher\":{\"@id\":\"https:\\\/\\\/www.seal.com.gt\\\/en\\\/#organization\"},\"potentialAction\":[{\"@type\":\"SearchAction\",\"target\":{\"@type\":\"EntryPoint\",\"urlTemplate\":\"https:\\\/\\\/www.seal.com.gt\\\/en\\\/?s={search_term_string}\"},\"query-input\":{\"@type\":\"PropertyValueSpecification\",\"valueRequired\":true,\"valueName\":\"search_term_string\"}}],\"inLanguage\":\"en-US\"},{\"@type\":\"Organization\",\"@id\":\"https:\\\/\\\/www.seal.com.gt\\\/en\\\/#organization\",\"name\":\"Servicios Especializados de Aduana y Logistica\",\"url\":\"https:\\\/\\\/www.seal.com.gt\\\/en\\\/\",\"logo\":{\"@type\":\"ImageObject\",\"inLanguage\":\"en-US\",\"@id\":\"https:\\\/\\\/www.seal.com.gt\\\/en\\\/#\\\/schema\\\/logo\\\/image\\\/\",\"url\":\"https:\\\/\\\/seal.com.gt\\\/wp-content\\\/uploads\\\/2019\\\/07\\\/seal-guatemala.png\",\"contentUrl\":\"https:\\\/\\\/seal.com.gt\\\/wp-content\\\/uploads\\\/2019\\\/07\\\/seal-guatemala.png\",\"width\":110,\"height\":75,\"caption\":\"Servicios Especializados de Aduana y Logistica\"},\"image\":{\"@id\":\"https:\\\/\\\/www.seal.com.gt\\\/en\\\/#\\\/schema\\\/logo\\\/image\\\/\"},\"sameAs\":[\"https:\\\/\\\/www.facebook.com\\\/sealgt\\\/\",\"https:\\\/\\\/x.com\\\/SealGT\",\"https:\\\/\\\/www.instagram.com\\\/sealgt_\\\/\",\"https:\\\/\\\/www.linkedin.com\\\/company\\\/sealgt\\\/\",\"https:\\\/\\\/www.youtube.com\\\/channel\\\/UCR7Hlb1FvtE-_dX61LGES_w\"]},{\"@type\":\"Person\",\"@id\":\"https:\\\/\\\/www.seal.com.gt\\\/en\\\/#\\\/schema\\\/person\\\/bdaade145a7d4c0e4e550ce8a3a8c9aa\",\"name\":\"Carlos Fernandez\",\"image\":{\"@type\":\"ImageObject\",\"inLanguage\":\"en-US\",\"@id\":\"https:\\\/\\\/secure.gravatar.com\\\/avatar\\\/58d46d11b3ee03e1c767195c40dc71152c0851754aaf267b52fcee7abb624f2b?s=96&d=mm&r=g\",\"url\":\"https:\\\/\\\/secure.gravatar.com\\\/avatar\\\/58d46d11b3ee03e1c767195c40dc71152c0851754aaf267b52fcee7abb624f2b?s=96&d=mm&r=g\",\"contentUrl\":\"https:\\\/\\\/secure.gravatar.com\\\/avatar\\\/58d46d11b3ee03e1c767195c40dc71152c0851754aaf267b52fcee7abb624f2b?s=96&d=mm&r=g\",\"caption\":\"Carlos Fernandez\"},\"url\":\"https:\\\/\\\/seal.com.gt\\\/en\\\/author\\\/carlos-fernandez\\\/\"}]}<\/script>\n<!-- \/ Yoast SEO plugin. -->","yoast_head_json":{"title":"\u00bfCu\u00e1l ser\u00e1 el crecimiento econ\u00f3mico de Am\u00e9rica Latina y Caribe?","description":"Se dar\u00eda una ligera recuperaci\u00f3n respecto al desempe\u00f1o del 2,2% registrado en 2024, se\u00f1alaron desde\u00a0SEAL, Servicios Especializados de Aduana y Log\u00edstica.","robots":{"index":"index","follow":"follow","max-snippet":"max-snippet:-1","max-image-preview":"max-image-preview:large","max-video-preview":"max-video-preview:-1"},"canonical":"https:\/\/seal.com.gt\/en\/cual-sera-el-crecimiento-economico-de-america-latina-y-caribe\/","og_locale":"en_US","og_type":"article","og_title":"\u00bfCu\u00e1l ser\u00e1 el crecimiento econ\u00f3mico de Am\u00e9rica Latina y Caribe?","og_description":"Se dar\u00eda una ligera recuperaci\u00f3n respecto al desempe\u00f1o del 2,2% registrado en 2024, se\u00f1alaron desde\u00a0SEAL, Servicios Especializados de Aduana y Log\u00edstica.","og_url":"https:\/\/seal.com.gt\/en\/cual-sera-el-crecimiento-economico-de-america-latina-y-caribe\/","og_site_name":"SEAL","article_publisher":"https:\/\/www.facebook.com\/sealgt\/","article_published_time":"2025-01-23T14:10:20+00:00","article_modified_time":"2025-02-24T14:15:55+00:00","og_image":[{"width":1024,"height":733,"url":"https:\/\/seal.com.gt\/wp-content\/uploads\/2025\/02\/Captura-de-pantalla-2025-02-24-a-las-11.10.45\u202fa.-m-1024x733.png","type":"image\/png"}],"author":"Carlos Fernandez","twitter_card":"summary_large_image","twitter_creator":"@SealGT","twitter_site":"@SealGT","twitter_misc":{"Written by":"Carlos Fernandez","Est. reading time":"4 minutes"},"schema":{"@context":"https:\/\/schema.org","@graph":[{"@type":"Article","@id":"https:\/\/seal.com.gt\/cual-sera-el-crecimiento-economico-de-america-latina-y-caribe\/#article","isPartOf":{"@id":"https:\/\/seal.com.gt\/cual-sera-el-crecimiento-economico-de-america-latina-y-caribe\/"},"author":{"name":"Carlos Fernandez","@id":"https:\/\/www.seal.com.gt\/en\/#\/schema\/person\/bdaade145a7d4c0e4e550ce8a3a8c9aa"},"headline":"\u00bfCu\u00e1l ser\u00e1 el crecimiento econ\u00f3mico de Am\u00e9rica Latina y Caribe el 2025 seg\u00fan el Banco Mundial?","datePublished":"2025-01-23T14:10:20+00:00","dateModified":"2025-02-24T14:15:55+00:00","mainEntityOfPage":{"@id":"https:\/\/seal.com.gt\/cual-sera-el-crecimiento-economico-de-america-latina-y-caribe\/"},"wordCount":913,"commentCount":0,"publisher":{"@id":"https:\/\/www.seal.com.gt\/en\/#organization"},"image":{"@id":"https:\/\/seal.com.gt\/cual-sera-el-crecimiento-economico-de-america-latina-y-caribe\/#primaryimage"},"thumbnailUrl":"https:\/\/seal.com.gt\/wp-content\/uploads\/2025\/02\/Captura-de-pantalla-2025-02-24-a-las-11.10.45\u202fa.-m.png","keywords":["centroam\u00e9rica","guatemala","SEAL","servicios especializados de aduana y log\u00edstica"],"articleSection":["Blog"],"inLanguage":"en-US","potentialAction":[{"@type":"CommentAction","name":"Comment","target":["https:\/\/seal.com.gt\/cual-sera-el-crecimiento-economico-de-america-latina-y-caribe\/#respond"]}]},{"@type":"WebPage","@id":"https:\/\/seal.com.gt\/cual-sera-el-crecimiento-economico-de-america-latina-y-caribe\/","url":"https:\/\/seal.com.gt\/cual-sera-el-crecimiento-economico-de-america-latina-y-caribe\/","name":"\u00bfCu\u00e1l ser\u00e1 el crecimiento econ\u00f3mico de Am\u00e9rica Latina y Caribe?","isPartOf":{"@id":"https:\/\/www.seal.com.gt\/en\/#website"},"primaryImageOfPage":{"@id":"https:\/\/seal.com.gt\/cual-sera-el-crecimiento-economico-de-america-latina-y-caribe\/#primaryimage"},"image":{"@id":"https:\/\/seal.com.gt\/cual-sera-el-crecimiento-economico-de-america-latina-y-caribe\/#primaryimage"},"thumbnailUrl":"https:\/\/seal.com.gt\/wp-content\/uploads\/2025\/02\/Captura-de-pantalla-2025-02-24-a-las-11.10.45\u202fa.-m.png","datePublished":"2025-01-23T14:10:20+00:00","dateModified":"2025-02-24T14:15:55+00:00","description":"Se dar\u00eda una ligera recuperaci\u00f3n respecto al desempe\u00f1o del 2,2% registrado en 2024, se\u00f1alaron desde\u00a0SEAL, Servicios Especializados de Aduana y Log\u00edstica.","breadcrumb":{"@id":"https:\/\/seal.com.gt\/cual-sera-el-crecimiento-economico-de-america-latina-y-caribe\/#breadcrumb"},"inLanguage":"en-US","potentialAction":[{"@type":"ReadAction","target":["https:\/\/seal.com.gt\/cual-sera-el-crecimiento-economico-de-america-latina-y-caribe\/"]}]},{"@type":"ImageObject","inLanguage":"en-US","@id":"https:\/\/seal.com.gt\/cual-sera-el-crecimiento-economico-de-america-latina-y-caribe\/#primaryimage","url":"https:\/\/seal.com.gt\/wp-content\/uploads\/2025\/02\/Captura-de-pantalla-2025-02-24-a-las-11.10.45\u202fa.-m.png","contentUrl":"https:\/\/seal.com.gt\/wp-content\/uploads\/2025\/02\/Captura-de-pantalla-2025-02-24-a-las-11.10.45\u202fa.-m.png","width":1712,"height":1226},{"@type":"BreadcrumbList","@id":"https:\/\/seal.com.gt\/cual-sera-el-crecimiento-economico-de-america-latina-y-caribe\/#breadcrumb","itemListElement":[{"@type":"ListItem","position":1,"name":"Portada","item":"https:\/\/seal.com.gt\/"},{"@type":"ListItem","position":2,"name":"\u00bfCu\u00e1l ser\u00e1 el crecimiento econ\u00f3mico de Am\u00e9rica Latina y Caribe el 2025 seg\u00fan el Banco Mundial?"}]},{"@type":"WebSite","@id":"https:\/\/www.seal.com.gt\/en\/#website","url":"https:\/\/www.seal.com.gt\/en\/","name":"SEAL","description":"Servicios especializados de aduana y log\u00edstica","publisher":{"@id":"https:\/\/www.seal.com.gt\/en\/#organization"},"potentialAction":[{"@type":"SearchAction","target":{"@type":"EntryPoint","urlTemplate":"https:\/\/www.seal.com.gt\/en\/?s={search_term_string}"},"query-input":{"@type":"PropertyValueSpecification","valueRequired":true,"valueName":"search_term_string"}}],"inLanguage":"en-US"},{"@type":"Organization","@id":"https:\/\/www.seal.com.gt\/en\/#organization","name":"Servicios Especializados de Aduana y Logistica","url":"https:\/\/www.seal.com.gt\/en\/","logo":{"@type":"ImageObject","inLanguage":"en-US","@id":"https:\/\/www.seal.com.gt\/en\/#\/schema\/logo\/image\/","url":"https:\/\/seal.com.gt\/wp-content\/uploads\/2019\/07\/seal-guatemala.png","contentUrl":"https:\/\/seal.com.gt\/wp-content\/uploads\/2019\/07\/seal-guatemala.png","width":110,"height":75,"caption":"Servicios Especializados de Aduana y Logistica"},"image":{"@id":"https:\/\/www.seal.com.gt\/en\/#\/schema\/logo\/image\/"},"sameAs":["https:\/\/www.facebook.com\/sealgt\/","https:\/\/x.com\/SealGT","https:\/\/www.instagram.com\/sealgt_\/","https:\/\/www.linkedin.com\/company\/sealgt\/","https:\/\/www.youtube.com\/channel\/UCR7Hlb1FvtE-_dX61LGES_w"]},{"@type":"Person","@id":"https:\/\/www.seal.com.gt\/en\/#\/schema\/person\/bdaade145a7d4c0e4e550ce8a3a8c9aa","name":"Carlos Fernandez","image":{"@type":"ImageObject","inLanguage":"en-US","@id":"https:\/\/secure.gravatar.com\/avatar\/58d46d11b3ee03e1c767195c40dc71152c0851754aaf267b52fcee7abb624f2b?s=96&d=mm&r=g","url":"https:\/\/secure.gravatar.com\/avatar\/58d46d11b3ee03e1c767195c40dc71152c0851754aaf267b52fcee7abb624f2b?s=96&d=mm&r=g","contentUrl":"https:\/\/secure.gravatar.com\/avatar\/58d46d11b3ee03e1c767195c40dc71152c0851754aaf267b52fcee7abb624f2b?s=96&d=mm&r=g","caption":"Carlos Fernandez"},"url":"https:\/\/seal.com.gt\/en\/author\/carlos-fernandez\/"}]}},"_links":{"self":[{"href":"https:\/\/seal.com.gt\/en\/wp-json\/wp\/v2\/posts\/3644","targetHints":{"allow":["GET"]}}],"collection":[{"href":"https:\/\/seal.com.gt\/en\/wp-json\/wp\/v2\/posts"}],"about":[{"href":"https:\/\/seal.com.gt\/en\/wp-json\/wp\/v2\/types\/post"}],"author":[{"embeddable":true,"href":"https:\/\/seal.com.gt\/en\/wp-json\/wp\/v2\/users\/9"}],"replies":[{"embeddable":true,"href":"https:\/\/seal.com.gt\/en\/wp-json\/wp\/v2\/comments?post=3644"}],"version-history":[{"count":0,"href":"https:\/\/seal.com.gt\/en\/wp-json\/wp\/v2\/posts\/3644\/revisions"}],"wp:featuredmedia":[{"embeddable":true,"href":"https:\/\/seal.com.gt\/en\/wp-json\/wp\/v2\/media\/3645"}],"wp:attachment":[{"href":"https:\/\/seal.com.gt\/en\/wp-json\/wp\/v2\/media?parent=3644"}],"wp:term":[{"taxonomy":"category","embeddable":true,"href":"https:\/\/seal.com.gt\/en\/wp-json\/wp\/v2\/categories?post=3644"},{"taxonomy":"post_tag","embeddable":true,"href":"https:\/\/seal.com.gt\/en\/wp-json\/wp\/v2\/tags?post=3644"}],"curies":[{"name":"wp","href":"https:\/\/api.w.org\/{rel}","templated":true}]}}