{"id":3812,"date":"2025-04-07T13:32:14","date_gmt":"2025-04-07T19:32:14","guid":{"rendered":"https:\/\/seal.com.gt\/?p=3812"},"modified":"2025-04-14T13:38:49","modified_gmt":"2025-04-14T19:38:49","slug":"amenaza-de-recesion-mundial-es-concreta","status":"publish","type":"post","link":"https:\/\/seal.com.gt\/en\/amenaza-de-recesion-mundial-es-concreta\/","title":{"rendered":"Desplome hist\u00f3rico: Bolsas internacionales tienen jornada negra y amenaza de recesi\u00f3n global es concreta"},"content":{"rendered":"<p><\/p>\n\n\n\n<p><a href=\"https:\/\/mascontainer.com\/guerra-comercial-bolsas-internacionales-tienen-jornada-negra\/\"><\/a>Las principales bolsas de\u00a0<strong>Asia<\/strong>\u00a0y\u00a0<strong>Europa<\/strong>\u00a0sufrieron este lunes 7 de abril un\u00a0<strong>desplome hist\u00f3rico<\/strong>, arrastradas por el temor a una\u00a0<strong>recesi\u00f3n global<\/strong>\u00a0tras la imposici\u00f3n de\u00a0<strong>aranceles universales por parte de Estados Unidos, se\u00f1alaron desde\u00a0<a href=\"https:\/\/seal.com.gt\/en\/nearshoring-y-su-aporte-a-la-cadena-de-suministro\/\" target=\"_blank\" rel=\"noreferrer noopener\">SEAL, Servicios Especializados de Aduana y Log\u00edstica.<\/a><\/strong><\/p>\n\n\n\n<p>Las medidas, anunciadas por el presidente Donald Trump, seg\u00fan publica ADN Radio, desencadenaron una<strong>respuesta inmediata de China y una ola de incertidumbre en los mercados<\/strong>. Por ejemplo,&nbsp;<strong>Tokio cay\u00f3 un 7,8%<\/strong>,&nbsp;<strong>Se\u00fal un 5,6%<\/strong>&nbsp;y&nbsp;<strong>Hong Kong roz\u00f3 una p\u00e9rdida r\u00e9cord del 13%<\/strong>, nivel no visto desde la crisis financiera de 2008. En&nbsp;<a href=\"https:\/\/mascontainer.com\/disrupciones-logisticas-y-su-impacto-por-amy-zepeda-de-seal\/\" target=\"_blank\" rel=\"noreferrer noopener\"><strong>Europa<\/strong><\/a>, Fr\u00e1ncfort se hundi\u00f3 un 7,86%, Par\u00eds perdi\u00f3 un 6,19% y&nbsp;<strong>Londres un 5,83%<\/strong>.<\/p>\n\n\n\n<p>El detonante fue la&nbsp;<strong>entrada en vigor, el s\u00e1bado, de un arancel del 10% a todas las importaciones a EE.UU<\/strong>. A esto se suma la inminente imposici\u00f3n de tarifas m\u00e1s severas contra&nbsp;<a href=\"https:\/\/mascontainer.com\/seal-quiero-importar-productos-de-china-que-tiendas-online-existen\/\" target=\"_blank\" rel=\"noreferrer noopener\"><strong>China (34%)<\/strong><\/a>&nbsp;y la&nbsp;<strong>Uni\u00f3n Europea (20%)<\/strong>, que comenzar\u00e1n a regir el mi\u00e9rcoles.<\/p>\n\n\n\n<p>En represalia,&nbsp;<strong>Pek\u00edn anunci\u00f3 aranceles similares contra productos estadounidenses<\/strong>&nbsp;y&nbsp;<strong>restricciones a la exportaci\u00f3n de minerales clave<\/strong>&nbsp;como el gadolinio y el itrio. Desde el avi\u00f3n presidencial, Trump descart\u00f3 una marcha atr\u00e1s: \u201c<strong>A veces tienes que tomar la medicina para arreglar algo<\/strong>\u201d. En tanto,&nbsp;<strong>Stephen Innes<\/strong>, de SPI Asset Management, advirti\u00f3 que la Casa Blanca est\u00e1 usando \u201clas&nbsp;<a href=\"https:\/\/mascontainer.com\/seal-quiero-importar-productos-de-china-que-tiendas-online-existen\/\" target=\"_blank\" rel=\"noreferrer noopener\"><strong>dificultades del mercado<\/strong><\/a>&nbsp;como palanca de negociaci\u00f3n\u201d.<\/p>\n\n\n\n<p>Los sectores m\u00e1s golpeados fueron el&nbsp;<a href=\"https:\/\/mascontainer.com\/tecnologias-que-mejoran-las-cadenas-de-suministro-en-chile\/\" target=\"_blank\" rel=\"noreferrer noopener\"><strong>tecnol\u00f3gico<\/strong><\/a>&nbsp;y el&nbsp;<a href=\"https:\/\/mascontainer.com\/nicaragua-logro-impulsar-proyectos-de-energia-verde-con-china\/\" target=\"_blank\" rel=\"noreferrer noopener\"><strong>energ\u00e9tico<\/strong><\/a>. Alibaba perdi\u00f3 m\u00e1s del 17% y JD.com un 14%. El&nbsp;<a href=\"https:\/\/mascontainer.com\/empresa-descubre-siete-yacimientos-de-gas-natural-y-petroleo\/\" target=\"_blank\" rel=\"noreferrer noopener\"><strong>precio del petr\u00f3leo cay\u00f3 m\u00e1s de un 3%<\/strong>&nbsp;<\/a>y el&nbsp;<a href=\"https:\/\/mascontainer.com\/recuperacion-de-cobre-a-traves-de-la-inteligencia-artificial\/\" target=\"_blank\" rel=\"noreferrer noopener\"><strong>cobre continu\u00f3 su retroceso<\/strong><\/a>&nbsp;ante la posible contracci\u00f3n de la demanda global.<\/p>\n\n\n\n<p>\u201cPodr\u00edamos ver muy r\u00e1pidamente una&nbsp;<a href=\"https:\/\/mascontainer.com\/estados-unidos-en-riesgo-de-recesion\/\" target=\"_blank\" rel=\"noreferrer noopener\"><strong>recesi\u00f3n en Estados Unidos<\/strong><\/a>&nbsp;y podr\u00eda durar aproximadamente un a\u00f1o\u201d, advirti\u00f3<strong>&nbsp;Steve Cochrane<\/strong>, economista jefe para Asia-Pac\u00edfico de Moody\u2019s Analytics,&nbsp;<strong><a href=\"https:\/\/seal.com.gt\/en\/nearshoring-y-su-aporte-a-la-cadena-de-suministro\/\" target=\"_blank\" rel=\"noreferrer noopener\">SEAL, Servicios Especializados de Aduana y Log\u00edstica.<\/a><\/strong><\/p>","protected":false},"excerpt":{"rendered":"<p>Las principales bolsas de\u00a0Asia\u00a0y\u00a0Europa\u00a0sufrieron este lunes 7 de abril un\u00a0desplome hist\u00f3rico, arrastradas por el temor a una\u00a0recesi\u00f3n global\u00a0tras la imposici\u00f3n de\u00a0aranceles universales por parte de Estados Unidos, se\u00f1alaron desde\u00a0SEAL, Servicios Especializados de Aduana y Log\u00edstica. Las medidas, anunciadas por el presidente Donald Trump, seg\u00fan publica ADN Radio, desencadenaron unarespuesta inmediata de China y una ola [&hellip;]<\/p>\n","protected":false},"author":9,"featured_media":3793,"comment_status":"closed","ping_status":"closed","sticky":false,"template":"","format":"standard","meta":{"footnotes":""},"categories":[1],"tags":[5,617,62,59,322,61,56,55,479,65],"class_list":["post-3812","post","type-post","status-publish","format-standard","has-post-thumbnail","hentry","category-blog","tag-aduana","tag-bolsas","tag-centroamerica","tag-comercio","tag-economia","tag-guatemala","tag-logistica","tag-seal","tag-servicios-especialiados-de-aduana-y-logistica","tag-servicios-especializados-de-aduana-y-logistica"],"yoast_head":"<!-- This site is optimized with the Yoast SEO plugin v27.5 - https:\/\/yoast.com\/product\/yoast-seo-wordpress\/ -->\n<title>Amenaza de recesi\u00f3n mundial es concreta<\/title>\n<meta name=\"description\" content=\"Las principales bolsas de\u00a0Asia\u00a0y\u00a0Europa se han visto afectadas por los anuncios de aranceles de Estados Unidos, se\u00f1alaron desde\u00a0SEAL, Servicios Especializados de Aduana y Log\u00edstica.\" \/>\n<meta name=\"robots\" content=\"index, follow, max-snippet:-1, max-image-preview:large, max-video-preview:-1\" \/>\n<link rel=\"canonical\" href=\"https:\/\/seal.com.gt\/en\/amenaza-de-recesion-mundial-es-concreta\/\" \/>\n<meta property=\"og:locale\" content=\"en_US\" \/>\n<meta property=\"og:type\" content=\"article\" \/>\n<meta property=\"og:title\" content=\"Amenaza de recesi\u00f3n mundial es concreta\" \/>\n<meta property=\"og:description\" content=\"Las principales bolsas de\u00a0Asia\u00a0y\u00a0Europa se han visto afectadas por los anuncios de aranceles de Estados Unidos, se\u00f1alaron desde\u00a0SEAL, Servicios Especializados de Aduana y Log\u00edstica.\" \/>\n<meta property=\"og:url\" content=\"https:\/\/seal.com.gt\/en\/amenaza-de-recesion-mundial-es-concreta\/\" \/>\n<meta property=\"og:site_name\" content=\"SEAL\" \/>\n<meta property=\"article:publisher\" content=\"https:\/\/www.facebook.com\/sealgt\/\" \/>\n<meta property=\"article:published_time\" content=\"2025-04-07T19:32:14+00:00\" \/>\n<meta property=\"article:modified_time\" content=\"2025-04-14T19:38:49+00:00\" \/>\n<meta property=\"og:image\" content=\"https:\/\/seal.com.gt\/wp-content\/uploads\/2025\/04\/BOLSAS-MUNDIALES-1024x756.png\" \/>\n\t<meta property=\"og:image:width\" content=\"1024\" \/>\n\t<meta property=\"og:image:height\" content=\"756\" \/>\n\t<meta property=\"og:image:type\" content=\"image\/png\" \/>\n<meta name=\"author\" content=\"Carlos Fernandez\" \/>\n<meta name=\"twitter:card\" content=\"summary_large_image\" \/>\n<meta name=\"twitter:creator\" content=\"@SealGT\" \/>\n<meta name=\"twitter:site\" content=\"@SealGT\" \/>\n<meta name=\"twitter:label1\" content=\"Written by\" \/>\n\t<meta name=\"twitter:data1\" content=\"Carlos Fernandez\" \/>\n\t<meta name=\"twitter:label2\" content=\"Est. reading time\" \/>\n\t<meta name=\"twitter:data2\" content=\"2 minutes\" \/>\n<script type=\"application\/ld+json\" class=\"yoast-schema-graph\">{\"@context\":\"https:\\\/\\\/schema.org\",\"@graph\":[{\"@type\":\"Article\",\"@id\":\"https:\\\/\\\/seal.com.gt\\\/amenaza-de-recesion-mundial-es-concreta\\\/#article\",\"isPartOf\":{\"@id\":\"https:\\\/\\\/seal.com.gt\\\/amenaza-de-recesion-mundial-es-concreta\\\/\"},\"author\":{\"name\":\"Carlos Fernandez\",\"@id\":\"https:\\\/\\\/www.seal.com.gt\\\/en\\\/#\\\/schema\\\/person\\\/bdaade145a7d4c0e4e550ce8a3a8c9aa\"},\"headline\":\"Desplome hist\u00f3rico: Bolsas internacionales tienen jornada negra y amenaza de recesi\u00f3n global es concreta\",\"datePublished\":\"2025-04-07T19:32:14+00:00\",\"dateModified\":\"2025-04-14T19:38:49+00:00\",\"mainEntityOfPage\":{\"@id\":\"https:\\\/\\\/seal.com.gt\\\/amenaza-de-recesion-mundial-es-concreta\\\/\"},\"wordCount\":364,\"publisher\":{\"@id\":\"https:\\\/\\\/www.seal.com.gt\\\/en\\\/#organization\"},\"image\":{\"@id\":\"https:\\\/\\\/seal.com.gt\\\/amenaza-de-recesion-mundial-es-concreta\\\/#primaryimage\"},\"thumbnailUrl\":\"https:\\\/\\\/seal.com.gt\\\/wp-content\\\/uploads\\\/2025\\\/04\\\/BOLSAS-MUNDIALES.png\",\"keywords\":[\"aduana\",\"bolsas\",\"centroam\u00e9rica\",\"comercio\",\"econom\u00eda\",\"guatemala\",\"log\u00edstica\",\"SEAL\",\"servicios especialiados de aduana y log\u00edstica\",\"servicios especializados de aduana y log\u00edstica\"],\"articleSection\":[\"Blog\"],\"inLanguage\":\"en-US\"},{\"@type\":\"WebPage\",\"@id\":\"https:\\\/\\\/seal.com.gt\\\/amenaza-de-recesion-mundial-es-concreta\\\/\",\"url\":\"https:\\\/\\\/seal.com.gt\\\/amenaza-de-recesion-mundial-es-concreta\\\/\",\"name\":\"Amenaza de recesi\u00f3n mundial es concreta\",\"isPartOf\":{\"@id\":\"https:\\\/\\\/www.seal.com.gt\\\/en\\\/#website\"},\"primaryImageOfPage\":{\"@id\":\"https:\\\/\\\/seal.com.gt\\\/amenaza-de-recesion-mundial-es-concreta\\\/#primaryimage\"},\"image\":{\"@id\":\"https:\\\/\\\/seal.com.gt\\\/amenaza-de-recesion-mundial-es-concreta\\\/#primaryimage\"},\"thumbnailUrl\":\"https:\\\/\\\/seal.com.gt\\\/wp-content\\\/uploads\\\/2025\\\/04\\\/BOLSAS-MUNDIALES.png\",\"datePublished\":\"2025-04-07T19:32:14+00:00\",\"dateModified\":\"2025-04-14T19:38:49+00:00\",\"description\":\"Las principales bolsas de\u00a0Asia\u00a0y\u00a0Europa se han visto afectadas por los anuncios de aranceles de Estados Unidos, se\u00f1alaron desde\u00a0SEAL, Servicios Especializados de Aduana y Log\u00edstica.\",\"breadcrumb\":{\"@id\":\"https:\\\/\\\/seal.com.gt\\\/amenaza-de-recesion-mundial-es-concreta\\\/#breadcrumb\"},\"inLanguage\":\"en-US\",\"potentialAction\":[{\"@type\":\"ReadAction\",\"target\":[\"https:\\\/\\\/seal.com.gt\\\/amenaza-de-recesion-mundial-es-concreta\\\/\"]}]},{\"@type\":\"ImageObject\",\"inLanguage\":\"en-US\",\"@id\":\"https:\\\/\\\/seal.com.gt\\\/amenaza-de-recesion-mundial-es-concreta\\\/#primaryimage\",\"url\":\"https:\\\/\\\/seal.com.gt\\\/wp-content\\\/uploads\\\/2025\\\/04\\\/BOLSAS-MUNDIALES.png\",\"contentUrl\":\"https:\\\/\\\/seal.com.gt\\\/wp-content\\\/uploads\\\/2025\\\/04\\\/BOLSAS-MUNDIALES.png\",\"width\":1232,\"height\":910},{\"@type\":\"BreadcrumbList\",\"@id\":\"https:\\\/\\\/seal.com.gt\\\/amenaza-de-recesion-mundial-es-concreta\\\/#breadcrumb\",\"itemListElement\":[{\"@type\":\"ListItem\",\"position\":1,\"name\":\"Portada\",\"item\":\"https:\\\/\\\/seal.com.gt\\\/\"},{\"@type\":\"ListItem\",\"position\":2,\"name\":\"Desplome hist\u00f3rico: Bolsas internacionales tienen jornada negra y amenaza de recesi\u00f3n global es concreta\"}]},{\"@type\":\"WebSite\",\"@id\":\"https:\\\/\\\/www.seal.com.gt\\\/en\\\/#website\",\"url\":\"https:\\\/\\\/www.seal.com.gt\\\/en\\\/\",\"name\":\"SEAL\",\"description\":\"Servicios especializados de aduana y log\u00edstica\",\"publisher\":{\"@id\":\"https:\\\/\\\/www.seal.com.gt\\\/en\\\/#organization\"},\"potentialAction\":[{\"@type\":\"SearchAction\",\"target\":{\"@type\":\"EntryPoint\",\"urlTemplate\":\"https:\\\/\\\/www.seal.com.gt\\\/en\\\/?s={search_term_string}\"},\"query-input\":{\"@type\":\"PropertyValueSpecification\",\"valueRequired\":true,\"valueName\":\"search_term_string\"}}],\"inLanguage\":\"en-US\"},{\"@type\":\"Organization\",\"@id\":\"https:\\\/\\\/www.seal.com.gt\\\/en\\\/#organization\",\"name\":\"Servicios Especializados de Aduana y Logistica\",\"url\":\"https:\\\/\\\/www.seal.com.gt\\\/en\\\/\",\"logo\":{\"@type\":\"ImageObject\",\"inLanguage\":\"en-US\",\"@id\":\"https:\\\/\\\/www.seal.com.gt\\\/en\\\/#\\\/schema\\\/logo\\\/image\\\/\",\"url\":\"https:\\\/\\\/seal.com.gt\\\/wp-content\\\/uploads\\\/2019\\\/07\\\/seal-guatemala.png\",\"contentUrl\":\"https:\\\/\\\/seal.com.gt\\\/wp-content\\\/uploads\\\/2019\\\/07\\\/seal-guatemala.png\",\"width\":110,\"height\":75,\"caption\":\"Servicios Especializados de Aduana y Logistica\"},\"image\":{\"@id\":\"https:\\\/\\\/www.seal.com.gt\\\/en\\\/#\\\/schema\\\/logo\\\/image\\\/\"},\"sameAs\":[\"https:\\\/\\\/www.facebook.com\\\/sealgt\\\/\",\"https:\\\/\\\/x.com\\\/SealGT\",\"https:\\\/\\\/www.instagram.com\\\/sealgt_\\\/\",\"https:\\\/\\\/www.linkedin.com\\\/company\\\/sealgt\\\/\",\"https:\\\/\\\/www.youtube.com\\\/channel\\\/UCR7Hlb1FvtE-_dX61LGES_w\"]},{\"@type\":\"Person\",\"@id\":\"https:\\\/\\\/www.seal.com.gt\\\/en\\\/#\\\/schema\\\/person\\\/bdaade145a7d4c0e4e550ce8a3a8c9aa\",\"name\":\"Carlos Fernandez\",\"image\":{\"@type\":\"ImageObject\",\"inLanguage\":\"en-US\",\"@id\":\"https:\\\/\\\/secure.gravatar.com\\\/avatar\\\/58d46d11b3ee03e1c767195c40dc71152c0851754aaf267b52fcee7abb624f2b?s=96&d=mm&r=g\",\"url\":\"https:\\\/\\\/secure.gravatar.com\\\/avatar\\\/58d46d11b3ee03e1c767195c40dc71152c0851754aaf267b52fcee7abb624f2b?s=96&d=mm&r=g\",\"contentUrl\":\"https:\\\/\\\/secure.gravatar.com\\\/avatar\\\/58d46d11b3ee03e1c767195c40dc71152c0851754aaf267b52fcee7abb624f2b?s=96&d=mm&r=g\",\"caption\":\"Carlos Fernandez\"},\"url\":\"https:\\\/\\\/seal.com.gt\\\/en\\\/author\\\/carlos-fernandez\\\/\"}]}<\/script>\n<!-- \/ Yoast SEO plugin. -->","yoast_head_json":{"title":"Amenaza de recesi\u00f3n mundial es concreta","description":"Las principales bolsas de\u00a0Asia\u00a0y\u00a0Europa se han visto afectadas por los anuncios de aranceles de Estados Unidos, se\u00f1alaron desde\u00a0SEAL, Servicios Especializados de Aduana y Log\u00edstica.","robots":{"index":"index","follow":"follow","max-snippet":"max-snippet:-1","max-image-preview":"max-image-preview:large","max-video-preview":"max-video-preview:-1"},"canonical":"https:\/\/seal.com.gt\/en\/amenaza-de-recesion-mundial-es-concreta\/","og_locale":"en_US","og_type":"article","og_title":"Amenaza de recesi\u00f3n mundial es concreta","og_description":"Las principales bolsas de\u00a0Asia\u00a0y\u00a0Europa se han visto afectadas por los anuncios de aranceles de Estados Unidos, se\u00f1alaron desde\u00a0SEAL, Servicios Especializados de Aduana y Log\u00edstica.","og_url":"https:\/\/seal.com.gt\/en\/amenaza-de-recesion-mundial-es-concreta\/","og_site_name":"SEAL","article_publisher":"https:\/\/www.facebook.com\/sealgt\/","article_published_time":"2025-04-07T19:32:14+00:00","article_modified_time":"2025-04-14T19:38:49+00:00","og_image":[{"width":1024,"height":756,"url":"https:\/\/seal.com.gt\/wp-content\/uploads\/2025\/04\/BOLSAS-MUNDIALES-1024x756.png","type":"image\/png"}],"author":"Carlos Fernandez","twitter_card":"summary_large_image","twitter_creator":"@SealGT","twitter_site":"@SealGT","twitter_misc":{"Written by":"Carlos Fernandez","Est. reading time":"2 minutes"},"schema":{"@context":"https:\/\/schema.org","@graph":[{"@type":"Article","@id":"https:\/\/seal.com.gt\/amenaza-de-recesion-mundial-es-concreta\/#article","isPartOf":{"@id":"https:\/\/seal.com.gt\/amenaza-de-recesion-mundial-es-concreta\/"},"author":{"name":"Carlos Fernandez","@id":"https:\/\/www.seal.com.gt\/en\/#\/schema\/person\/bdaade145a7d4c0e4e550ce8a3a8c9aa"},"headline":"Desplome hist\u00f3rico: Bolsas internacionales tienen jornada negra y amenaza de recesi\u00f3n global es concreta","datePublished":"2025-04-07T19:32:14+00:00","dateModified":"2025-04-14T19:38:49+00:00","mainEntityOfPage":{"@id":"https:\/\/seal.com.gt\/amenaza-de-recesion-mundial-es-concreta\/"},"wordCount":364,"publisher":{"@id":"https:\/\/www.seal.com.gt\/en\/#organization"},"image":{"@id":"https:\/\/seal.com.gt\/amenaza-de-recesion-mundial-es-concreta\/#primaryimage"},"thumbnailUrl":"https:\/\/seal.com.gt\/wp-content\/uploads\/2025\/04\/BOLSAS-MUNDIALES.png","keywords":["aduana","bolsas","centroam\u00e9rica","comercio","econom\u00eda","guatemala","log\u00edstica","SEAL","servicios especialiados de aduana y log\u00edstica","servicios especializados de aduana y log\u00edstica"],"articleSection":["Blog"],"inLanguage":"en-US"},{"@type":"WebPage","@id":"https:\/\/seal.com.gt\/amenaza-de-recesion-mundial-es-concreta\/","url":"https:\/\/seal.com.gt\/amenaza-de-recesion-mundial-es-concreta\/","name":"Amenaza de recesi\u00f3n mundial es concreta","isPartOf":{"@id":"https:\/\/www.seal.com.gt\/en\/#website"},"primaryImageOfPage":{"@id":"https:\/\/seal.com.gt\/amenaza-de-recesion-mundial-es-concreta\/#primaryimage"},"image":{"@id":"https:\/\/seal.com.gt\/amenaza-de-recesion-mundial-es-concreta\/#primaryimage"},"thumbnailUrl":"https:\/\/seal.com.gt\/wp-content\/uploads\/2025\/04\/BOLSAS-MUNDIALES.png","datePublished":"2025-04-07T19:32:14+00:00","dateModified":"2025-04-14T19:38:49+00:00","description":"Las principales bolsas de\u00a0Asia\u00a0y\u00a0Europa se han visto afectadas por los anuncios de aranceles de Estados Unidos, se\u00f1alaron desde\u00a0SEAL, Servicios Especializados de Aduana y Log\u00edstica.","breadcrumb":{"@id":"https:\/\/seal.com.gt\/amenaza-de-recesion-mundial-es-concreta\/#breadcrumb"},"inLanguage":"en-US","potentialAction":[{"@type":"ReadAction","target":["https:\/\/seal.com.gt\/amenaza-de-recesion-mundial-es-concreta\/"]}]},{"@type":"ImageObject","inLanguage":"en-US","@id":"https:\/\/seal.com.gt\/amenaza-de-recesion-mundial-es-concreta\/#primaryimage","url":"https:\/\/seal.com.gt\/wp-content\/uploads\/2025\/04\/BOLSAS-MUNDIALES.png","contentUrl":"https:\/\/seal.com.gt\/wp-content\/uploads\/2025\/04\/BOLSAS-MUNDIALES.png","width":1232,"height":910},{"@type":"BreadcrumbList","@id":"https:\/\/seal.com.gt\/amenaza-de-recesion-mundial-es-concreta\/#breadcrumb","itemListElement":[{"@type":"ListItem","position":1,"name":"Portada","item":"https:\/\/seal.com.gt\/"},{"@type":"ListItem","position":2,"name":"Desplome hist\u00f3rico: Bolsas internacionales tienen jornada negra y amenaza de recesi\u00f3n global es concreta"}]},{"@type":"WebSite","@id":"https:\/\/www.seal.com.gt\/en\/#website","url":"https:\/\/www.seal.com.gt\/en\/","name":"SEAL","description":"Servicios especializados de aduana y log\u00edstica","publisher":{"@id":"https:\/\/www.seal.com.gt\/en\/#organization"},"potentialAction":[{"@type":"SearchAction","target":{"@type":"EntryPoint","urlTemplate":"https:\/\/www.seal.com.gt\/en\/?s={search_term_string}"},"query-input":{"@type":"PropertyValueSpecification","valueRequired":true,"valueName":"search_term_string"}}],"inLanguage":"en-US"},{"@type":"Organization","@id":"https:\/\/www.seal.com.gt\/en\/#organization","name":"Servicios Especializados de Aduana y Logistica","url":"https:\/\/www.seal.com.gt\/en\/","logo":{"@type":"ImageObject","inLanguage":"en-US","@id":"https:\/\/www.seal.com.gt\/en\/#\/schema\/logo\/image\/","url":"https:\/\/seal.com.gt\/wp-content\/uploads\/2019\/07\/seal-guatemala.png","contentUrl":"https:\/\/seal.com.gt\/wp-content\/uploads\/2019\/07\/seal-guatemala.png","width":110,"height":75,"caption":"Servicios Especializados de Aduana y Logistica"},"image":{"@id":"https:\/\/www.seal.com.gt\/en\/#\/schema\/logo\/image\/"},"sameAs":["https:\/\/www.facebook.com\/sealgt\/","https:\/\/x.com\/SealGT","https:\/\/www.instagram.com\/sealgt_\/","https:\/\/www.linkedin.com\/company\/sealgt\/","https:\/\/www.youtube.com\/channel\/UCR7Hlb1FvtE-_dX61LGES_w"]},{"@type":"Person","@id":"https:\/\/www.seal.com.gt\/en\/#\/schema\/person\/bdaade145a7d4c0e4e550ce8a3a8c9aa","name":"Carlos Fernandez","image":{"@type":"ImageObject","inLanguage":"en-US","@id":"https:\/\/secure.gravatar.com\/avatar\/58d46d11b3ee03e1c767195c40dc71152c0851754aaf267b52fcee7abb624f2b?s=96&d=mm&r=g","url":"https:\/\/secure.gravatar.com\/avatar\/58d46d11b3ee03e1c767195c40dc71152c0851754aaf267b52fcee7abb624f2b?s=96&d=mm&r=g","contentUrl":"https:\/\/secure.gravatar.com\/avatar\/58d46d11b3ee03e1c767195c40dc71152c0851754aaf267b52fcee7abb624f2b?s=96&d=mm&r=g","caption":"Carlos Fernandez"},"url":"https:\/\/seal.com.gt\/en\/author\/carlos-fernandez\/"}]}},"_links":{"self":[{"href":"https:\/\/seal.com.gt\/en\/wp-json\/wp\/v2\/posts\/3812","targetHints":{"allow":["GET"]}}],"collection":[{"href":"https:\/\/seal.com.gt\/en\/wp-json\/wp\/v2\/posts"}],"about":[{"href":"https:\/\/seal.com.gt\/en\/wp-json\/wp\/v2\/types\/post"}],"author":[{"embeddable":true,"href":"https:\/\/seal.com.gt\/en\/wp-json\/wp\/v2\/users\/9"}],"replies":[{"embeddable":true,"href":"https:\/\/seal.com.gt\/en\/wp-json\/wp\/v2\/comments?post=3812"}],"version-history":[{"count":1,"href":"https:\/\/seal.com.gt\/en\/wp-json\/wp\/v2\/posts\/3812\/revisions"}],"predecessor-version":[{"id":3813,"href":"https:\/\/seal.com.gt\/en\/wp-json\/wp\/v2\/posts\/3812\/revisions\/3813"}],"wp:featuredmedia":[{"embeddable":true,"href":"https:\/\/seal.com.gt\/en\/wp-json\/wp\/v2\/media\/3793"}],"wp:attachment":[{"href":"https:\/\/seal.com.gt\/en\/wp-json\/wp\/v2\/media?parent=3812"}],"wp:term":[{"taxonomy":"category","embeddable":true,"href":"https:\/\/seal.com.gt\/en\/wp-json\/wp\/v2\/categories?post=3812"},{"taxonomy":"post_tag","embeddable":true,"href":"https:\/\/seal.com.gt\/en\/wp-json\/wp\/v2\/tags?post=3812"}],"curies":[{"name":"wp","href":"https:\/\/api.w.org\/{rel}","templated":true}]}}