{"id":3918,"date":"2025-08-20T15:15:43","date_gmt":"2025-08-20T21:15:43","guid":{"rendered":"https:\/\/seal.com.gt\/?p=3918"},"modified":"2025-09-01T15:18:58","modified_gmt":"2025-09-01T21:18:58","slug":"tarifas-transpacificas-vuelven-a-niveles-pre-crisis-del-mar-rojo","status":"publish","type":"post","link":"https:\/\/seal.com.gt\/en\/tarifas-transpacificas-vuelven-a-niveles-pre-crisis-del-mar-rojo\/","title":{"rendered":"Tarifas transpac\u00edficas vuelven a niveles pre-crisis del Mar Rojo"},"content":{"rendered":"<p>La euforia que provoc\u00f3 la rebaja temporal de\u00a0<strong><a href=\"https:\/\/mascontainer.com\/incertidumbre-por-aranceles-y-deficit-comercial-de-ee-uu\/\" target=\"_blank\" rel=\"noreferrer noopener\">aranceles de EE.UU. a China se desinfla<\/a><\/strong>. Tras un repunte hist\u00f3rico de demanda y fletes en junio, el mercado mar\u00edtimo vuelve a mostrar signos de sobrecapacidad y debilidad estructural informaron desde <strong><a href=\"https:\/\/seal.com.gt\/en\/\">SEAL, Servicios Especializados de Aduana y Log\u00edstica.<\/a><\/strong><\/p>\n\n\n\n<p>En mayo, Washington redujo de forma extraordinaria los aranceles base a las importaciones chinas, bajando de un prohibitivo 145% a un 30% durante noventa d\u00edas. El efecto fue inmediato: importadores y cargadores se lanzaron a adelantar compras para asegurar su entrada antes del plazo de agosto informa&nbsp;<strong><a href=\"http:\/\/www.freightos.com\/\" target=\"_blank\" rel=\"noreferrer noopener\">Freightos.<\/a><\/strong><\/p>\n\n\n\n<p>El resultado: tarifas de m\u00e1s de 6.000 d\u00f3lares por contenedor (FEU) hacia la Costa Oeste estadounidense, en una especie de &#8220;mini-peak season&#8221; adelantada a mitad de a\u00f1o.<\/p>\n\n\n\n<p>Sin embargo, la reciente pr\u00f3rroga de esa rebaja por otros 90 d\u00edas no ha generado el mismo efecto. Seg\u00fan una encuesta de Freightos a unos 80 profesionales log\u00edsticos, el sector se divide entre quienes esperan otro repunte y quienes creen que lo m\u00e1s intenso ya pas\u00f3. Los n\u00fameros parecen darle la raz\u00f3n a los segundos.<\/p>\n\n\n\n<h3 class=\"wp-block-heading\">Tarifas en ca\u00edda libre<\/h3>\n\n\n\n<p>La semana pasada, los fletes hacia la Costa Oeste de EE.UU. cayeron un 8%, bajando de los 2.000 d\u00f3lares\/FEU, el nivel m\u00e1s bajo desde el inicio de la crisis del Mar Rojo. Esta semana, los precios ya rondan los 1.700 d\u00f3lares\/FEU, pr\u00e1cticamente iguales a los registrados antes de los ataques hut\u00edes a finales de 2023.<\/p>\n\n\n\n<p>En la Costa Este, las tarifas tambi\u00e9n descendieron: de 3.472 d\u00f3lares a 2.700\/FEU, nuevamente en niveles pre-crisis.<\/p>\n\n\n\n<p>La explicaci\u00f3n es doble:<\/p>\n\n\n\n<ul class=\"wp-block-list\">\n<li>Frontloading: el adelanto masivo de vol\u00famenes entre mayo y junio concentr\u00f3 la demanda.<\/li>\n\n\n\n<li>Sobreoferta: incluso con las tensiones en el Mar Rojo, la capacidad disponible parece superar ampliamente la necesidad real.<\/li>\n<\/ul>\n\n\n\n<h3 class=\"wp-block-heading\">Europa tambi\u00e9n acusa sobrecapacidad<\/h3>\n\n\n\n<p>El comercio Asia\u2013Europa ofrece un contraste llamativo. Aunque los vol\u00famenes siguen siendo s\u00f3lidos y los puertos europeos lidian con congesti\u00f3n, las tarifas est\u00e1n un 60% por debajo de 2023.<\/p>\n\n\n\n<ul class=\"wp-block-list\">\n<li>Asia\u2013Norte de Europa: estables en torno a 3.300 d\u00f3lares\/FEU.<\/li>\n\n\n\n<li>Asia\u2013Mediterr\u00e1neo: en retroceso hasta 3.100 d\u00f3lares\/FEU, lejos del pico de 4.800 d\u00f3lares de junio.<\/li>\n<\/ul>\n\n\n\n<p>Las navieras ya planean recortes de capacidad en septiembre para intentar frenar la ca\u00edda.<\/p>\n\n\n\n<h3 class=\"wp-block-heading\">El aire tambi\u00e9n se mueve\u2026 pero con turbulencias<\/h3>\n\n\n\n<p>En paralelo, el transporte a\u00e9reo vivi\u00f3 su propia sacudida. La huelga de tripulantes de Air Canada paraliz\u00f3 operaciones de pasajeros y afect\u00f3 la carga. No obstante, un acuerdo preliminar alcanzado el lunes permiti\u00f3 retomar gradualmente los vuelos.<\/p>\n\n\n\n<p>El Freightos Air Index mostr\u00f3 cierta estabilidad en tarifas:<\/p>\n\n\n\n<ul class=\"wp-block-list\">\n<li>China\u2013EE.UU.: leve alza a 5,44 USD\/kg.<\/li>\n\n\n\n<li>China\u2013Europa: ca\u00edda del 4% hasta 3,53 USD\/kg.<\/li>\n\n\n\n<li>Transatl\u00e1ntico: descenso del 2% a 1,73 USD\/kg.<\/li>\n<\/ul>\n\n\n\n<h3 class=\"wp-block-heading\">Un mercado que revela su fragilidad<\/h3>\n\n\n\n<p>Lo que parec\u00eda un respiro para las navieras tras meses de tensiones geopol\u00edticas y disrupciones, se est\u00e1 diluyendo. La coincidencia de factores \u2013rebajas arancelarias, frontloading, congesti\u00f3n portuaria y sobrecapacidad estructural\u2013 deja una conclusi\u00f3n clara: los fletes han perdido el soporte artificial que les dio la crisis del Mar Rojo.<\/p>\n\n\n\n<p>La gran pregunta ahora es si las navieras lograr\u00e1n sostener las tarifas con recortes de capacidad o si el mercado volver\u00e1 a navegar en aguas de precios deprimidos, como ya ocurri\u00f3 tras la pandemia,  informaron desde <strong><a href=\"https:\/\/seal.com.gt\/en\/\">SEAL, Servicios Especializados de Aduana y Log\u00edstica.<\/a><\/strong><\/p>","protected":false},"excerpt":{"rendered":"<p>La euforia que provoc\u00f3 la rebaja temporal de\u00a0aranceles de EE.UU. a China se desinfla. Tras un repunte hist\u00f3rico de demanda y fletes en junio, el mercado mar\u00edtimo vuelve a mostrar signos de sobrecapacidad y debilidad estructural informaron desde SEAL, Servicios Especializados de Aduana y Log\u00edstica. En mayo, Washington redujo de forma extraordinaria los aranceles base [&hellip;]<\/p>\n","protected":false},"author":9,"featured_media":2721,"comment_status":"closed","ping_status":"closed","sticky":false,"template":"","format":"standard","meta":{"footnotes":""},"categories":[1],"tags":[112,322,56,55,65],"class_list":["post-3918","post","type-post","status-publish","format-standard","has-post-thumbnail","hentry","category-blog","tag-aduanas","tag-economia","tag-logistica","tag-seal","tag-servicios-especializados-de-aduana-y-logistica"],"yoast_head":"<!-- This site is optimized with the Yoast SEO plugin v27.4 - https:\/\/yoast.com\/product\/yoast-seo-wordpress\/ -->\n<title>Tarifas transpac\u00edficas vuelven a niveles pre-crisis del Mar Rojo<\/title>\n<meta name=\"description\" content=\"El mercado mar\u00edtimo vuelve a mostrar signos de sobrecapacidad y debilidad estructural informaron desde SEAL, Servicios Especializados de Aduana y Log\u00edstica.\" \/>\n<meta name=\"robots\" content=\"index, follow, max-snippet:-1, max-image-preview:large, max-video-preview:-1\" \/>\n<link rel=\"canonical\" href=\"https:\/\/seal.com.gt\/en\/tarifas-transpacificas-vuelven-a-niveles-pre-crisis-del-mar-rojo\/\" \/>\n<meta property=\"og:locale\" content=\"en_US\" \/>\n<meta property=\"og:type\" content=\"article\" \/>\n<meta property=\"og:title\" content=\"Tarifas transpac\u00edficas vuelven a niveles pre-crisis del Mar Rojo\" \/>\n<meta property=\"og:description\" content=\"El mercado mar\u00edtimo vuelve a mostrar signos de sobrecapacidad y debilidad estructural informaron desde SEAL, Servicios Especializados de Aduana y Log\u00edstica.\" \/>\n<meta property=\"og:url\" content=\"https:\/\/seal.com.gt\/en\/tarifas-transpacificas-vuelven-a-niveles-pre-crisis-del-mar-rojo\/\" \/>\n<meta property=\"og:site_name\" content=\"SEAL\" \/>\n<meta property=\"article:publisher\" content=\"https:\/\/www.facebook.com\/sealgt\/\" \/>\n<meta property=\"article:published_time\" content=\"2025-08-20T21:15:43+00:00\" \/>\n<meta property=\"article:modified_time\" content=\"2025-09-01T21:18:58+00:00\" \/>\n<meta property=\"og:image\" content=\"https:\/\/seal.com.gt\/wp-content\/uploads\/2024\/12\/navieras.png\" \/>\n\t<meta property=\"og:image:width\" content=\"810\" \/>\n\t<meta property=\"og:image:height\" content=\"584\" \/>\n\t<meta property=\"og:image:type\" content=\"image\/png\" \/>\n<meta name=\"author\" content=\"Carlos Fernandez\" \/>\n<meta name=\"twitter:card\" content=\"summary_large_image\" \/>\n<meta name=\"twitter:creator\" content=\"@SealGT\" \/>\n<meta name=\"twitter:site\" content=\"@SealGT\" \/>\n<meta name=\"twitter:label1\" content=\"Written by\" \/>\n\t<meta name=\"twitter:data1\" content=\"Carlos Fernandez\" \/>\n\t<meta name=\"twitter:label2\" content=\"Est. reading time\" \/>\n\t<meta name=\"twitter:data2\" content=\"3 minutes\" \/>\n<script type=\"application\/ld+json\" class=\"yoast-schema-graph\">{\"@context\":\"https:\\\/\\\/schema.org\",\"@graph\":[{\"@type\":\"Article\",\"@id\":\"https:\\\/\\\/seal.com.gt\\\/tarifas-transpacificas-vuelven-a-niveles-pre-crisis-del-mar-rojo\\\/#article\",\"isPartOf\":{\"@id\":\"https:\\\/\\\/seal.com.gt\\\/tarifas-transpacificas-vuelven-a-niveles-pre-crisis-del-mar-rojo\\\/\"},\"author\":{\"name\":\"Carlos Fernandez\",\"@id\":\"https:\\\/\\\/www.seal.com.gt\\\/en\\\/#\\\/schema\\\/person\\\/bdaade145a7d4c0e4e550ce8a3a8c9aa\"},\"headline\":\"Tarifas transpac\u00edficas vuelven a niveles pre-crisis del Mar Rojo\",\"datePublished\":\"2025-08-20T21:15:43+00:00\",\"dateModified\":\"2025-09-01T21:18:58+00:00\",\"mainEntityOfPage\":{\"@id\":\"https:\\\/\\\/seal.com.gt\\\/tarifas-transpacificas-vuelven-a-niveles-pre-crisis-del-mar-rojo\\\/\"},\"wordCount\":579,\"publisher\":{\"@id\":\"https:\\\/\\\/www.seal.com.gt\\\/en\\\/#organization\"},\"image\":{\"@id\":\"https:\\\/\\\/seal.com.gt\\\/tarifas-transpacificas-vuelven-a-niveles-pre-crisis-del-mar-rojo\\\/#primaryimage\"},\"thumbnailUrl\":\"https:\\\/\\\/seal.com.gt\\\/wp-content\\\/uploads\\\/2024\\\/12\\\/navieras.png\",\"keywords\":[\"aduanas\",\"econom\u00eda\",\"log\u00edstica\",\"SEAL\",\"servicios especializados de aduana y log\u00edstica\"],\"articleSection\":[\"Blog\"],\"inLanguage\":\"en-US\"},{\"@type\":\"WebPage\",\"@id\":\"https:\\\/\\\/seal.com.gt\\\/tarifas-transpacificas-vuelven-a-niveles-pre-crisis-del-mar-rojo\\\/\",\"url\":\"https:\\\/\\\/seal.com.gt\\\/tarifas-transpacificas-vuelven-a-niveles-pre-crisis-del-mar-rojo\\\/\",\"name\":\"Tarifas transpac\u00edficas vuelven a niveles pre-crisis del Mar Rojo\",\"isPartOf\":{\"@id\":\"https:\\\/\\\/www.seal.com.gt\\\/en\\\/#website\"},\"primaryImageOfPage\":{\"@id\":\"https:\\\/\\\/seal.com.gt\\\/tarifas-transpacificas-vuelven-a-niveles-pre-crisis-del-mar-rojo\\\/#primaryimage\"},\"image\":{\"@id\":\"https:\\\/\\\/seal.com.gt\\\/tarifas-transpacificas-vuelven-a-niveles-pre-crisis-del-mar-rojo\\\/#primaryimage\"},\"thumbnailUrl\":\"https:\\\/\\\/seal.com.gt\\\/wp-content\\\/uploads\\\/2024\\\/12\\\/navieras.png\",\"datePublished\":\"2025-08-20T21:15:43+00:00\",\"dateModified\":\"2025-09-01T21:18:58+00:00\",\"description\":\"El mercado mar\u00edtimo vuelve a mostrar signos de sobrecapacidad y debilidad estructural informaron desde SEAL, Servicios Especializados de Aduana y Log\u00edstica.\",\"breadcrumb\":{\"@id\":\"https:\\\/\\\/seal.com.gt\\\/tarifas-transpacificas-vuelven-a-niveles-pre-crisis-del-mar-rojo\\\/#breadcrumb\"},\"inLanguage\":\"en-US\",\"potentialAction\":[{\"@type\":\"ReadAction\",\"target\":[\"https:\\\/\\\/seal.com.gt\\\/tarifas-transpacificas-vuelven-a-niveles-pre-crisis-del-mar-rojo\\\/\"]}]},{\"@type\":\"ImageObject\",\"inLanguage\":\"en-US\",\"@id\":\"https:\\\/\\\/seal.com.gt\\\/tarifas-transpacificas-vuelven-a-niveles-pre-crisis-del-mar-rojo\\\/#primaryimage\",\"url\":\"https:\\\/\\\/seal.com.gt\\\/wp-content\\\/uploads\\\/2024\\\/12\\\/navieras.png\",\"contentUrl\":\"https:\\\/\\\/seal.com.gt\\\/wp-content\\\/uploads\\\/2024\\\/12\\\/navieras.png\",\"width\":810,\"height\":584},{\"@type\":\"BreadcrumbList\",\"@id\":\"https:\\\/\\\/seal.com.gt\\\/tarifas-transpacificas-vuelven-a-niveles-pre-crisis-del-mar-rojo\\\/#breadcrumb\",\"itemListElement\":[{\"@type\":\"ListItem\",\"position\":1,\"name\":\"Portada\",\"item\":\"https:\\\/\\\/seal.com.gt\\\/\"},{\"@type\":\"ListItem\",\"position\":2,\"name\":\"Tarifas transpac\u00edficas vuelven a niveles pre-crisis del Mar Rojo\"}]},{\"@type\":\"WebSite\",\"@id\":\"https:\\\/\\\/www.seal.com.gt\\\/en\\\/#website\",\"url\":\"https:\\\/\\\/www.seal.com.gt\\\/en\\\/\",\"name\":\"SEAL\",\"description\":\"Servicios especializados de aduana y log\u00edstica\",\"publisher\":{\"@id\":\"https:\\\/\\\/www.seal.com.gt\\\/en\\\/#organization\"},\"potentialAction\":[{\"@type\":\"SearchAction\",\"target\":{\"@type\":\"EntryPoint\",\"urlTemplate\":\"https:\\\/\\\/www.seal.com.gt\\\/en\\\/?s={search_term_string}\"},\"query-input\":{\"@type\":\"PropertyValueSpecification\",\"valueRequired\":true,\"valueName\":\"search_term_string\"}}],\"inLanguage\":\"en-US\"},{\"@type\":\"Organization\",\"@id\":\"https:\\\/\\\/www.seal.com.gt\\\/en\\\/#organization\",\"name\":\"Servicios Especializados de Aduana y Logistica\",\"url\":\"https:\\\/\\\/www.seal.com.gt\\\/en\\\/\",\"logo\":{\"@type\":\"ImageObject\",\"inLanguage\":\"en-US\",\"@id\":\"https:\\\/\\\/www.seal.com.gt\\\/en\\\/#\\\/schema\\\/logo\\\/image\\\/\",\"url\":\"https:\\\/\\\/seal.com.gt\\\/wp-content\\\/uploads\\\/2019\\\/07\\\/seal-guatemala.png\",\"contentUrl\":\"https:\\\/\\\/seal.com.gt\\\/wp-content\\\/uploads\\\/2019\\\/07\\\/seal-guatemala.png\",\"width\":110,\"height\":75,\"caption\":\"Servicios Especializados de Aduana y Logistica\"},\"image\":{\"@id\":\"https:\\\/\\\/www.seal.com.gt\\\/en\\\/#\\\/schema\\\/logo\\\/image\\\/\"},\"sameAs\":[\"https:\\\/\\\/www.facebook.com\\\/sealgt\\\/\",\"https:\\\/\\\/x.com\\\/SealGT\",\"https:\\\/\\\/www.instagram.com\\\/sealgt_\\\/\",\"https:\\\/\\\/www.linkedin.com\\\/company\\\/sealgt\\\/\",\"https:\\\/\\\/www.youtube.com\\\/channel\\\/UCR7Hlb1FvtE-_dX61LGES_w\"]},{\"@type\":\"Person\",\"@id\":\"https:\\\/\\\/www.seal.com.gt\\\/en\\\/#\\\/schema\\\/person\\\/bdaade145a7d4c0e4e550ce8a3a8c9aa\",\"name\":\"Carlos Fernandez\",\"image\":{\"@type\":\"ImageObject\",\"inLanguage\":\"en-US\",\"@id\":\"https:\\\/\\\/secure.gravatar.com\\\/avatar\\\/58d46d11b3ee03e1c767195c40dc71152c0851754aaf267b52fcee7abb624f2b?s=96&d=mm&r=g\",\"url\":\"https:\\\/\\\/secure.gravatar.com\\\/avatar\\\/58d46d11b3ee03e1c767195c40dc71152c0851754aaf267b52fcee7abb624f2b?s=96&d=mm&r=g\",\"contentUrl\":\"https:\\\/\\\/secure.gravatar.com\\\/avatar\\\/58d46d11b3ee03e1c767195c40dc71152c0851754aaf267b52fcee7abb624f2b?s=96&d=mm&r=g\",\"caption\":\"Carlos Fernandez\"},\"url\":\"https:\\\/\\\/seal.com.gt\\\/en\\\/author\\\/carlos-fernandez\\\/\"}]}<\/script>\n<!-- \/ Yoast SEO plugin. -->","yoast_head_json":{"title":"Tarifas transpac\u00edficas vuelven a niveles pre-crisis del Mar Rojo","description":"El mercado mar\u00edtimo vuelve a mostrar signos de sobrecapacidad y debilidad estructural informaron desde SEAL, Servicios Especializados de Aduana y Log\u00edstica.","robots":{"index":"index","follow":"follow","max-snippet":"max-snippet:-1","max-image-preview":"max-image-preview:large","max-video-preview":"max-video-preview:-1"},"canonical":"https:\/\/seal.com.gt\/en\/tarifas-transpacificas-vuelven-a-niveles-pre-crisis-del-mar-rojo\/","og_locale":"en_US","og_type":"article","og_title":"Tarifas transpac\u00edficas vuelven a niveles pre-crisis del Mar Rojo","og_description":"El mercado mar\u00edtimo vuelve a mostrar signos de sobrecapacidad y debilidad estructural informaron desde SEAL, Servicios Especializados de Aduana y Log\u00edstica.","og_url":"https:\/\/seal.com.gt\/en\/tarifas-transpacificas-vuelven-a-niveles-pre-crisis-del-mar-rojo\/","og_site_name":"SEAL","article_publisher":"https:\/\/www.facebook.com\/sealgt\/","article_published_time":"2025-08-20T21:15:43+00:00","article_modified_time":"2025-09-01T21:18:58+00:00","og_image":[{"width":810,"height":584,"url":"https:\/\/seal.com.gt\/wp-content\/uploads\/2024\/12\/navieras.png","type":"image\/png"}],"author":"Carlos Fernandez","twitter_card":"summary_large_image","twitter_creator":"@SealGT","twitter_site":"@SealGT","twitter_misc":{"Written by":"Carlos Fernandez","Est. reading time":"3 minutes"},"schema":{"@context":"https:\/\/schema.org","@graph":[{"@type":"Article","@id":"https:\/\/seal.com.gt\/tarifas-transpacificas-vuelven-a-niveles-pre-crisis-del-mar-rojo\/#article","isPartOf":{"@id":"https:\/\/seal.com.gt\/tarifas-transpacificas-vuelven-a-niveles-pre-crisis-del-mar-rojo\/"},"author":{"name":"Carlos Fernandez","@id":"https:\/\/www.seal.com.gt\/en\/#\/schema\/person\/bdaade145a7d4c0e4e550ce8a3a8c9aa"},"headline":"Tarifas transpac\u00edficas vuelven a niveles pre-crisis del Mar Rojo","datePublished":"2025-08-20T21:15:43+00:00","dateModified":"2025-09-01T21:18:58+00:00","mainEntityOfPage":{"@id":"https:\/\/seal.com.gt\/tarifas-transpacificas-vuelven-a-niveles-pre-crisis-del-mar-rojo\/"},"wordCount":579,"publisher":{"@id":"https:\/\/www.seal.com.gt\/en\/#organization"},"image":{"@id":"https:\/\/seal.com.gt\/tarifas-transpacificas-vuelven-a-niveles-pre-crisis-del-mar-rojo\/#primaryimage"},"thumbnailUrl":"https:\/\/seal.com.gt\/wp-content\/uploads\/2024\/12\/navieras.png","keywords":["aduanas","econom\u00eda","log\u00edstica","SEAL","servicios especializados de aduana y log\u00edstica"],"articleSection":["Blog"],"inLanguage":"en-US"},{"@type":"WebPage","@id":"https:\/\/seal.com.gt\/tarifas-transpacificas-vuelven-a-niveles-pre-crisis-del-mar-rojo\/","url":"https:\/\/seal.com.gt\/tarifas-transpacificas-vuelven-a-niveles-pre-crisis-del-mar-rojo\/","name":"Tarifas transpac\u00edficas vuelven a niveles pre-crisis del Mar Rojo","isPartOf":{"@id":"https:\/\/www.seal.com.gt\/en\/#website"},"primaryImageOfPage":{"@id":"https:\/\/seal.com.gt\/tarifas-transpacificas-vuelven-a-niveles-pre-crisis-del-mar-rojo\/#primaryimage"},"image":{"@id":"https:\/\/seal.com.gt\/tarifas-transpacificas-vuelven-a-niveles-pre-crisis-del-mar-rojo\/#primaryimage"},"thumbnailUrl":"https:\/\/seal.com.gt\/wp-content\/uploads\/2024\/12\/navieras.png","datePublished":"2025-08-20T21:15:43+00:00","dateModified":"2025-09-01T21:18:58+00:00","description":"El mercado mar\u00edtimo vuelve a mostrar signos de sobrecapacidad y debilidad estructural informaron desde SEAL, Servicios Especializados de Aduana y Log\u00edstica.","breadcrumb":{"@id":"https:\/\/seal.com.gt\/tarifas-transpacificas-vuelven-a-niveles-pre-crisis-del-mar-rojo\/#breadcrumb"},"inLanguage":"en-US","potentialAction":[{"@type":"ReadAction","target":["https:\/\/seal.com.gt\/tarifas-transpacificas-vuelven-a-niveles-pre-crisis-del-mar-rojo\/"]}]},{"@type":"ImageObject","inLanguage":"en-US","@id":"https:\/\/seal.com.gt\/tarifas-transpacificas-vuelven-a-niveles-pre-crisis-del-mar-rojo\/#primaryimage","url":"https:\/\/seal.com.gt\/wp-content\/uploads\/2024\/12\/navieras.png","contentUrl":"https:\/\/seal.com.gt\/wp-content\/uploads\/2024\/12\/navieras.png","width":810,"height":584},{"@type":"BreadcrumbList","@id":"https:\/\/seal.com.gt\/tarifas-transpacificas-vuelven-a-niveles-pre-crisis-del-mar-rojo\/#breadcrumb","itemListElement":[{"@type":"ListItem","position":1,"name":"Portada","item":"https:\/\/seal.com.gt\/"},{"@type":"ListItem","position":2,"name":"Tarifas transpac\u00edficas vuelven a niveles pre-crisis del Mar Rojo"}]},{"@type":"WebSite","@id":"https:\/\/www.seal.com.gt\/en\/#website","url":"https:\/\/www.seal.com.gt\/en\/","name":"SEAL","description":"Servicios especializados de aduana y log\u00edstica","publisher":{"@id":"https:\/\/www.seal.com.gt\/en\/#organization"},"potentialAction":[{"@type":"SearchAction","target":{"@type":"EntryPoint","urlTemplate":"https:\/\/www.seal.com.gt\/en\/?s={search_term_string}"},"query-input":{"@type":"PropertyValueSpecification","valueRequired":true,"valueName":"search_term_string"}}],"inLanguage":"en-US"},{"@type":"Organization","@id":"https:\/\/www.seal.com.gt\/en\/#organization","name":"Servicios Especializados de Aduana y Logistica","url":"https:\/\/www.seal.com.gt\/en\/","logo":{"@type":"ImageObject","inLanguage":"en-US","@id":"https:\/\/www.seal.com.gt\/en\/#\/schema\/logo\/image\/","url":"https:\/\/seal.com.gt\/wp-content\/uploads\/2019\/07\/seal-guatemala.png","contentUrl":"https:\/\/seal.com.gt\/wp-content\/uploads\/2019\/07\/seal-guatemala.png","width":110,"height":75,"caption":"Servicios Especializados de Aduana y Logistica"},"image":{"@id":"https:\/\/www.seal.com.gt\/en\/#\/schema\/logo\/image\/"},"sameAs":["https:\/\/www.facebook.com\/sealgt\/","https:\/\/x.com\/SealGT","https:\/\/www.instagram.com\/sealgt_\/","https:\/\/www.linkedin.com\/company\/sealgt\/","https:\/\/www.youtube.com\/channel\/UCR7Hlb1FvtE-_dX61LGES_w"]},{"@type":"Person","@id":"https:\/\/www.seal.com.gt\/en\/#\/schema\/person\/bdaade145a7d4c0e4e550ce8a3a8c9aa","name":"Carlos Fernandez","image":{"@type":"ImageObject","inLanguage":"en-US","@id":"https:\/\/secure.gravatar.com\/avatar\/58d46d11b3ee03e1c767195c40dc71152c0851754aaf267b52fcee7abb624f2b?s=96&d=mm&r=g","url":"https:\/\/secure.gravatar.com\/avatar\/58d46d11b3ee03e1c767195c40dc71152c0851754aaf267b52fcee7abb624f2b?s=96&d=mm&r=g","contentUrl":"https:\/\/secure.gravatar.com\/avatar\/58d46d11b3ee03e1c767195c40dc71152c0851754aaf267b52fcee7abb624f2b?s=96&d=mm&r=g","caption":"Carlos Fernandez"},"url":"https:\/\/seal.com.gt\/en\/author\/carlos-fernandez\/"}]}},"_links":{"self":[{"href":"https:\/\/seal.com.gt\/en\/wp-json\/wp\/v2\/posts\/3918","targetHints":{"allow":["GET"]}}],"collection":[{"href":"https:\/\/seal.com.gt\/en\/wp-json\/wp\/v2\/posts"}],"about":[{"href":"https:\/\/seal.com.gt\/en\/wp-json\/wp\/v2\/types\/post"}],"author":[{"embeddable":true,"href":"https:\/\/seal.com.gt\/en\/wp-json\/wp\/v2\/users\/9"}],"replies":[{"embeddable":true,"href":"https:\/\/seal.com.gt\/en\/wp-json\/wp\/v2\/comments?post=3918"}],"version-history":[{"count":1,"href":"https:\/\/seal.com.gt\/en\/wp-json\/wp\/v2\/posts\/3918\/revisions"}],"predecessor-version":[{"id":3919,"href":"https:\/\/seal.com.gt\/en\/wp-json\/wp\/v2\/posts\/3918\/revisions\/3919"}],"wp:featuredmedia":[{"embeddable":true,"href":"https:\/\/seal.com.gt\/en\/wp-json\/wp\/v2\/media\/2721"}],"wp:attachment":[{"href":"https:\/\/seal.com.gt\/en\/wp-json\/wp\/v2\/media?parent=3918"}],"wp:term":[{"taxonomy":"category","embeddable":true,"href":"https:\/\/seal.com.gt\/en\/wp-json\/wp\/v2\/categories?post=3918"},{"taxonomy":"post_tag","embeddable":true,"href":"https:\/\/seal.com.gt\/en\/wp-json\/wp\/v2\/tags?post=3918"}],"curies":[{"name":"wp","href":"https:\/\/api.w.org\/{rel}","templated":true}]}}