{"id":3929,"date":"2025-09-08T12:01:38","date_gmt":"2025-09-08T18:01:38","guid":{"rendered":"https:\/\/seal.com.gt\/?p=3929"},"modified":"2025-09-15T12:07:34","modified_gmt":"2025-09-15T18:07:34","slug":"modernizacion-portuaria-en-america-latina","status":"publish","type":"post","link":"https:\/\/seal.com.gt\/en\/modernizacion-portuaria-en-america-latina\/","title":{"rendered":"Modernizaci\u00f3n portuaria en Am\u00e9rica Latina, avances y oportunidades"},"content":{"rendered":"<p><\/p>\n\n\n\n<p><a href=\"https:\/\/www.facebook.com\/sharer.php?u=https%3A%2F%2Fmascontainer.com%2Fmodernizacion-portuaria-en-america-latina-y-el-caribe%2F\"><\/a><\/p>\n\n\n\n<p><a href=\"https:\/\/www.facebook.com\/sharer.php?u=https%3A%2F%2Fmascontainer.com%2Fmodernizacion-portuaria-en-america-latina-y-el-caribe%2F\"><\/a><a href=\"https:\/\/twitter.com\/intent\/tweet?text=Modernizaci%C3%B3n+portuaria+en+Am%C3%A9rica+Latina+y+el+Caribe%3A+Desaf%C3%ADos%2C+avances+y+oportunidades&amp;url=https%3A%2F%2Fmascontainer.com%2Fmodernizacion-portuaria-en-america-latina-y-el-caribe%2F&amp;via=MasContainer\"><\/a><a href=\"https:\/\/api.whatsapp.com\/send?text=Modernizaci%C3%B3n+portuaria+en+Am%C3%A9rica+Latina+y+el+Caribe%3A+Desaf%C3%ADos%2C+avances+y+oportunidades%20%0A%0A%20https:\/\/mascontainer.com\/modernizacion-portuaria-en-america-latina-y-el-caribe\/\"><\/a><a href=\"https:\/\/www.linkedin.com\/shareArticle?mini=true&amp;url=https:\/\/mascontainer.com\/modernizacion-portuaria-en-america-latina-y-el-caribe\/&amp;title=Modernizaci%C3%B3n+portuaria+en+Am%C3%A9rica+Latina+y+el+Caribe%3A+Desaf%C3%ADos%2C+avances+y+oportunidades\"><\/a><a href=\"https:\/\/telegram.me\/share\/url?url=https:\/\/mascontainer.com\/modernizacion-portuaria-en-america-latina-y-el-caribe\/&amp;text=Modernizaci%C3%B3n+portuaria+en+Am%C3%A9rica+Latina+y+el+Caribe%3A+Desaf%C3%ADos%2C+avances+y+oportunidades\"><\/a><a href=\"mailto:?subject=Modernizaci%C3%B3n%20portuaria%20en%20Am%C3%A9rica%20Latina%20y%20el%20Caribe:%20Desaf%C3%ADos,%20avances%20y%20oportunidades&amp;body=https:\/\/mascontainer.com\/modernizacion-portuaria-en-america-latina-y-el-caribe\/\"><\/a><a href=\"https:\/\/mascontainer.com\/modernizacion-portuaria-en-america-latina-y-el-caribe\/#\"><\/a>La modernizaci\u00f3n portuaria en\u00a0<strong>Am\u00e9rica Latina y el Caribe<\/strong>\u00a0es un factor clave para el\u00a0<strong>desarrollo econ\u00f3mico<\/strong>\u00a0de la regi\u00f3n. Dado que la\u00a0<strong>mayor\u00eda del comercio internacional depende del transporte mar\u00edtimo<\/strong>, mejorar la infraestructura portuaria resulta esencial para incrementar la<strong>\u00a0competitividad de los pa\u00edses<\/strong>\u00a0y fomentar su integraci\u00f3n en los mercados globales, se\u00f1alaron desde\u00a0<strong><a href=\"https:\/\/seal.com.gt\/en\/\">SEAL, Servicios Especializados de Aduana y Log\u00edstica.<\/a><\/strong><\/p>\n\n\n\n<p>En las \u00faltimas d\u00e9cadas,&nbsp;<strong>diversas naciones han emprendido procesos de modernizaci\u00f3n<\/strong>&nbsp;con el objetivo de&nbsp;<strong>optimizar la eficiencia<\/strong>,&nbsp;<a href=\"https:\/\/mascontainer.com\/perdidas-desconocidas-costoso-problema-para-el-retail\/\" target=\"_blank\" rel=\"noreferrer noopener\"><strong>reducir costos<\/strong><\/a>&nbsp;y fortalecer su&nbsp;<a href=\"https:\/\/mascontainer.com\/la-inteligencia-artificial-puede-reducir-capacidades\/\" target=\"_blank\" rel=\"noreferrer noopener\"><strong>capacidad log\u00edstica<\/strong><\/a>. Uno de los principales retos que enfrentan los puertos de la regi\u00f3n es la&nbsp;<strong>necesidad de actualizar su infraestructura y equipamiento<\/strong>. Muchas terminales han operado con estructuras obsoletas, lo que limita su&nbsp;<strong>capacidad para recibir embarcaciones de gran tama\u00f1o y manejar altos vol\u00famenes de carga<\/strong>. Para solucionar este problema, varios pa\u00edses han implementado planes de expansi\u00f3n, dragado de canales de acceso y modernizaci\u00f3n de gr\u00faas y&nbsp;<strong>sistemas de almacenamiento, agregaron&nbsp;<a href=\"https:\/\/seal.com.gt\/en\/\">SEAL, Servicios Especializados de Aduana y Log\u00edstica.<\/a><\/strong><\/p>\n\n\n\n<p>La&nbsp;<strong>digitalizaci\u00f3n tambi\u00e9n ha sido un elemento fundamental en el proceso de modernizaci\u00f3n portuaria<\/strong>. La implementaci\u00f3n de&nbsp;<a href=\"https:\/\/mascontainer.com\/logros-de-la-tecnologia-y-portales-rfid-en-los-cedis\/\" target=\"_blank\" rel=\"noreferrer noopener\"><strong>tecnolog\u00edas<\/strong><\/a>&nbsp;como el&nbsp;<a href=\"https:\/\/mascontainer.com\/iot-ayuda-a-reducir-perdidas-de-contenedores-en-el-sector-logistico\/\" target=\"_blank\" rel=\"noreferrer noopener\"><strong>Internet de las Cosas (IoT)<\/strong><\/a>, la<strong>&nbsp;inteligencia artificial<\/strong>&nbsp;y los sistemas de gesti\u00f3n automatizada han permitido mejorar la eficiencia operativa y la trazabilidad de la carga. Adem\u00e1s, la&nbsp;<strong>digitalizaci\u00f3n facilita la coordinaci\u00f3n entre actores de la cadena log\u00edstica<\/strong>, reduciendo tiempos de espera y costos operativos.<\/p>\n\n\n\n<p>Otro aspecto relevante es la<a href=\"https:\/\/mascontainer.com\/se-expande-la-capacidad-de-inversion-en-ultima-milla\/\" target=\"_blank\" rel=\"noreferrer noopener\"><strong>&nbsp;inversi\u00f3n en sostenibilidad y mitigaci\u00f3n del impacto ambiental<\/strong><\/a>. Muchos puertos est\u00e1n adoptando pr\u00e1cticas m\u00e1s ecol\u00f3gicas, como la&nbsp;<strong>electrificaci\u00f3n de gr\u00faas<\/strong>, el uso de&nbsp;<a href=\"https:\/\/mascontainer.com\/crean-energia-renovable-en-base-al-aire-humedo\/\" target=\"_blank\" rel=\"noreferrer noopener\"><strong>energ\u00edas renovables<\/strong><\/a>&nbsp;y la implementaci\u00f3n de estrategias para reducir la contaminaci\u00f3n del agua y el aire. Estas iniciativas no s\u00f3lo mejoran la reputaci\u00f3n de los puertos, sino que tambi\u00e9n&nbsp;<strong>contribuyen al cumplimiento de normativas ambientales internacionales<\/strong>.<\/p>\n\n\n\n<p>La participaci\u00f3n del sector privado ha sido clave en el financiamiento y gesti\u00f3n de proyectos de&nbsp;<a href=\"https:\/\/mascontainer.com\/peru-invierte-en-modernizacion-portuaria\/\" target=\"_blank\" rel=\"noreferrer noopener\"><strong>modernizaci\u00f3n<\/strong><\/a>. A trav\u00e9s de asociaciones p\u00fablico-privadas, varios gobiernos han logrado&nbsp;<strong>atraer inversiones para la construcci\u00f3n y mejora de terminales portuarias<\/strong>. Este modelo ha permitido&nbsp;<a href=\"https:\/\/mascontainer.com\/bahia-blanca-como-uno-de-los-puertos-claves-para-argentina\/\" target=\"_blank\" rel=\"noreferrer noopener\"><strong>optimizar la administraci\u00f3n de los puertos<\/strong><\/a>, mejorar la calidad del servicio y garantizar un mantenimiento adecuado de las instalaciones.<\/p>\n\n\n\n<p>Sin embargo, la&nbsp;<strong>modernizaci\u00f3n portuaria tambi\u00e9n enfrenta desaf\u00edos importantes<\/strong>. La falta de planificaci\u00f3n integral, la burocracia en los procesos de&nbsp;<a href=\"https:\/\/mascontainer.com\/se-expande-la-capacidad-de-inversion-en-ultima-milla\/\" target=\"_blank\" rel=\"noreferrer noopener\"><strong>inversi\u00f3n<\/strong><\/a>&nbsp;y la necesidad de mejorar la conectividad con otros modos de transporte siguen siendo obst\u00e1culos que limitan el desarrollo del sector.&nbsp;<strong>Superar estos desaf\u00edos requiere una mayor coordinaci\u00f3n entre gobiernos, inversionistas y operadores log\u00edsticos<\/strong>&nbsp;para asegurar una infraestructura portuaria eficiente y sostenible.<\/p>\n\n\n\n<p>En conclusi\u00f3n, la&nbsp;<strong>modernizaci\u00f3n de los puertos en Am\u00e9rica Latina y el Caribe es un proceso fundamental para fortalecer el comercio y el desarrollo econ\u00f3mico de la regi\u00f3n<\/strong>.<\/p>\n\n\n\n<p>La actualizaci\u00f3n de infraestructura, la adopci\u00f3n de nuevas tecnolog\u00edas y la promoci\u00f3n de pr\u00e1cticas sostenibles son aspectos esenciales para&nbsp;<a href=\"https:\/\/mascontainer.com\/aspectos-que-mejoran-la-competitividad-de-las-pymes\/\" target=\"_blank\" rel=\"noreferrer noopener\"><strong>mejorar la competitividad portuaria<\/strong><\/a>. A pesar de los desaf\u00edos, los avances en esta \u00e1rea reflejan un compromiso con el crecimiento y la integraci\u00f3n de la regi\u00f3n en el&nbsp;<strong>comercio mundial, apuntaron&nbsp;desde&nbsp;<a href=\"https:\/\/seal.com.gt\/en\/\">SEAL, Servicios Especializados de Aduana y Log\u00edstica.<\/a><\/strong><\/p>\n\n\n\n<p><\/p>","protected":false},"excerpt":{"rendered":"<p>La modernizaci\u00f3n portuaria en\u00a0Am\u00e9rica Latina y el Caribe\u00a0es un factor clave para el\u00a0desarrollo econ\u00f3mico\u00a0de la regi\u00f3n. Dado que la\u00a0mayor\u00eda del comercio internacional depende del transporte mar\u00edtimo, mejorar la infraestructura portuaria resulta esencial para incrementar la\u00a0competitividad de los pa\u00edses\u00a0y fomentar su integraci\u00f3n en los mercados globales, se\u00f1alaron desde\u00a0SEAL, Servicios Especializados de Aduana y Log\u00edstica. En las [&hellip;]<\/p>\n","protected":false},"author":9,"featured_media":2554,"comment_status":"closed","ping_status":"closed","sticky":false,"template":"","format":"standard","meta":{"footnotes":""},"categories":[1],"tags":[648],"class_list":["post-3929","post","type-post","status-publish","format-standard","has-post-thumbnail","hentry","category-blog","tag-modernizacion-portuaria"],"yoast_head":"<!-- This site is optimized with the Yoast SEO plugin v27.5 - https:\/\/yoast.com\/product\/yoast-seo-wordpress\/ -->\n<title>Modernizaci\u00f3n portuaria en Am\u00e9rica LatinaSEAL<\/title>\n<meta name=\"description\" content=\"Mejorar la infraestructura portuaria resulta esencial para incrementar la\u00a0competitividad se\u00f1alaron desde\u00a0SEAL, Servicios Especializados de Aduana y Log\u00edstica.\" \/>\n<meta name=\"robots\" content=\"index, follow, max-snippet:-1, max-image-preview:large, max-video-preview:-1\" \/>\n<link rel=\"canonical\" href=\"https:\/\/seal.com.gt\/en\/modernizacion-portuaria-en-america-latina\/\" \/>\n<meta property=\"og:locale\" content=\"en_US\" \/>\n<meta property=\"og:type\" content=\"article\" \/>\n<meta property=\"og:title\" content=\"Modernizaci\u00f3n portuaria en Am\u00e9rica LatinaSEAL\" \/>\n<meta property=\"og:description\" content=\"Mejorar la infraestructura portuaria resulta esencial para incrementar la\u00a0competitividad se\u00f1alaron desde\u00a0SEAL, Servicios Especializados de Aduana y Log\u00edstica.\" \/>\n<meta property=\"og:url\" content=\"https:\/\/seal.com.gt\/en\/modernizacion-portuaria-en-america-latina\/\" \/>\n<meta property=\"og:site_name\" content=\"SEAL\" \/>\n<meta property=\"article:publisher\" content=\"https:\/\/www.facebook.com\/sealgt\/\" \/>\n<meta property=\"article:published_time\" content=\"2025-09-08T18:01:38+00:00\" \/>\n<meta property=\"article:modified_time\" content=\"2025-09-15T18:07:34+00:00\" \/>\n<meta property=\"og:image\" content=\"https:\/\/seal.com.gt\/wp-content\/uploads\/2024\/08\/mexico.jpeg\" \/>\n\t<meta property=\"og:image:width\" content=\"765\" \/>\n\t<meta property=\"og:image:height\" content=\"550\" \/>\n\t<meta property=\"og:image:type\" content=\"image\/jpeg\" \/>\n<meta name=\"author\" content=\"Carlos Fernandez\" \/>\n<meta name=\"twitter:card\" content=\"summary_large_image\" \/>\n<meta name=\"twitter:creator\" content=\"@SealGT\" \/>\n<meta name=\"twitter:site\" content=\"@SealGT\" \/>\n<meta name=\"twitter:label1\" content=\"Written by\" \/>\n\t<meta name=\"twitter:data1\" content=\"Carlos Fernandez\" \/>\n\t<meta name=\"twitter:label2\" content=\"Est. reading time\" \/>\n\t<meta name=\"twitter:data2\" content=\"3 minutes\" \/>\n<script type=\"application\/ld+json\" class=\"yoast-schema-graph\">{\"@context\":\"https:\\\/\\\/schema.org\",\"@graph\":[{\"@type\":\"Article\",\"@id\":\"https:\\\/\\\/seal.com.gt\\\/modernizacion-portuaria-en-america-latina\\\/#article\",\"isPartOf\":{\"@id\":\"https:\\\/\\\/seal.com.gt\\\/modernizacion-portuaria-en-america-latina\\\/\"},\"author\":{\"name\":\"Carlos Fernandez\",\"@id\":\"https:\\\/\\\/www.seal.com.gt\\\/en\\\/#\\\/schema\\\/person\\\/bdaade145a7d4c0e4e550ce8a3a8c9aa\"},\"headline\":\"Modernizaci\u00f3n portuaria en Am\u00e9rica Latina, avances y oportunidades\",\"datePublished\":\"2025-09-08T18:01:38+00:00\",\"dateModified\":\"2025-09-15T18:07:34+00:00\",\"mainEntityOfPage\":{\"@id\":\"https:\\\/\\\/seal.com.gt\\\/modernizacion-portuaria-en-america-latina\\\/\"},\"wordCount\":620,\"publisher\":{\"@id\":\"https:\\\/\\\/www.seal.com.gt\\\/en\\\/#organization\"},\"image\":{\"@id\":\"https:\\\/\\\/seal.com.gt\\\/modernizacion-portuaria-en-america-latina\\\/#primaryimage\"},\"thumbnailUrl\":\"https:\\\/\\\/seal.com.gt\\\/wp-content\\\/uploads\\\/2024\\\/08\\\/mexico.jpeg\",\"keywords\":[\"modernizaci\u00f3n portuaria\"],\"articleSection\":[\"Blog\"],\"inLanguage\":\"en-US\"},{\"@type\":\"WebPage\",\"@id\":\"https:\\\/\\\/seal.com.gt\\\/modernizacion-portuaria-en-america-latina\\\/\",\"url\":\"https:\\\/\\\/seal.com.gt\\\/modernizacion-portuaria-en-america-latina\\\/\",\"name\":\"Modernizaci\u00f3n portuaria en Am\u00e9rica LatinaSEAL\",\"isPartOf\":{\"@id\":\"https:\\\/\\\/www.seal.com.gt\\\/en\\\/#website\"},\"primaryImageOfPage\":{\"@id\":\"https:\\\/\\\/seal.com.gt\\\/modernizacion-portuaria-en-america-latina\\\/#primaryimage\"},\"image\":{\"@id\":\"https:\\\/\\\/seal.com.gt\\\/modernizacion-portuaria-en-america-latina\\\/#primaryimage\"},\"thumbnailUrl\":\"https:\\\/\\\/seal.com.gt\\\/wp-content\\\/uploads\\\/2024\\\/08\\\/mexico.jpeg\",\"datePublished\":\"2025-09-08T18:01:38+00:00\",\"dateModified\":\"2025-09-15T18:07:34+00:00\",\"description\":\"Mejorar la infraestructura portuaria resulta esencial para incrementar la\u00a0competitividad se\u00f1alaron desde\u00a0SEAL, Servicios Especializados de Aduana y Log\u00edstica.\",\"breadcrumb\":{\"@id\":\"https:\\\/\\\/seal.com.gt\\\/modernizacion-portuaria-en-america-latina\\\/#breadcrumb\"},\"inLanguage\":\"en-US\",\"potentialAction\":[{\"@type\":\"ReadAction\",\"target\":[\"https:\\\/\\\/seal.com.gt\\\/modernizacion-portuaria-en-america-latina\\\/\"]}]},{\"@type\":\"ImageObject\",\"inLanguage\":\"en-US\",\"@id\":\"https:\\\/\\\/seal.com.gt\\\/modernizacion-portuaria-en-america-latina\\\/#primaryimage\",\"url\":\"https:\\\/\\\/seal.com.gt\\\/wp-content\\\/uploads\\\/2024\\\/08\\\/mexico.jpeg\",\"contentUrl\":\"https:\\\/\\\/seal.com.gt\\\/wp-content\\\/uploads\\\/2024\\\/08\\\/mexico.jpeg\",\"width\":765,\"height\":550},{\"@type\":\"BreadcrumbList\",\"@id\":\"https:\\\/\\\/seal.com.gt\\\/modernizacion-portuaria-en-america-latina\\\/#breadcrumb\",\"itemListElement\":[{\"@type\":\"ListItem\",\"position\":1,\"name\":\"Portada\",\"item\":\"https:\\\/\\\/seal.com.gt\\\/\"},{\"@type\":\"ListItem\",\"position\":2,\"name\":\"Modernizaci\u00f3n portuaria en Am\u00e9rica Latina, avances y oportunidades\"}]},{\"@type\":\"WebSite\",\"@id\":\"https:\\\/\\\/www.seal.com.gt\\\/en\\\/#website\",\"url\":\"https:\\\/\\\/www.seal.com.gt\\\/en\\\/\",\"name\":\"SEAL\",\"description\":\"Servicios especializados de aduana y log\u00edstica\",\"publisher\":{\"@id\":\"https:\\\/\\\/www.seal.com.gt\\\/en\\\/#organization\"},\"potentialAction\":[{\"@type\":\"SearchAction\",\"target\":{\"@type\":\"EntryPoint\",\"urlTemplate\":\"https:\\\/\\\/www.seal.com.gt\\\/en\\\/?s={search_term_string}\"},\"query-input\":{\"@type\":\"PropertyValueSpecification\",\"valueRequired\":true,\"valueName\":\"search_term_string\"}}],\"inLanguage\":\"en-US\"},{\"@type\":\"Organization\",\"@id\":\"https:\\\/\\\/www.seal.com.gt\\\/en\\\/#organization\",\"name\":\"Servicios Especializados de Aduana y Logistica\",\"url\":\"https:\\\/\\\/www.seal.com.gt\\\/en\\\/\",\"logo\":{\"@type\":\"ImageObject\",\"inLanguage\":\"en-US\",\"@id\":\"https:\\\/\\\/www.seal.com.gt\\\/en\\\/#\\\/schema\\\/logo\\\/image\\\/\",\"url\":\"https:\\\/\\\/seal.com.gt\\\/wp-content\\\/uploads\\\/2019\\\/07\\\/seal-guatemala.png\",\"contentUrl\":\"https:\\\/\\\/seal.com.gt\\\/wp-content\\\/uploads\\\/2019\\\/07\\\/seal-guatemala.png\",\"width\":110,\"height\":75,\"caption\":\"Servicios Especializados de Aduana y Logistica\"},\"image\":{\"@id\":\"https:\\\/\\\/www.seal.com.gt\\\/en\\\/#\\\/schema\\\/logo\\\/image\\\/\"},\"sameAs\":[\"https:\\\/\\\/www.facebook.com\\\/sealgt\\\/\",\"https:\\\/\\\/x.com\\\/SealGT\",\"https:\\\/\\\/www.instagram.com\\\/sealgt_\\\/\",\"https:\\\/\\\/www.linkedin.com\\\/company\\\/sealgt\\\/\",\"https:\\\/\\\/www.youtube.com\\\/channel\\\/UCR7Hlb1FvtE-_dX61LGES_w\"]},{\"@type\":\"Person\",\"@id\":\"https:\\\/\\\/www.seal.com.gt\\\/en\\\/#\\\/schema\\\/person\\\/bdaade145a7d4c0e4e550ce8a3a8c9aa\",\"name\":\"Carlos Fernandez\",\"image\":{\"@type\":\"ImageObject\",\"inLanguage\":\"en-US\",\"@id\":\"https:\\\/\\\/secure.gravatar.com\\\/avatar\\\/58d46d11b3ee03e1c767195c40dc71152c0851754aaf267b52fcee7abb624f2b?s=96&d=mm&r=g\",\"url\":\"https:\\\/\\\/secure.gravatar.com\\\/avatar\\\/58d46d11b3ee03e1c767195c40dc71152c0851754aaf267b52fcee7abb624f2b?s=96&d=mm&r=g\",\"contentUrl\":\"https:\\\/\\\/secure.gravatar.com\\\/avatar\\\/58d46d11b3ee03e1c767195c40dc71152c0851754aaf267b52fcee7abb624f2b?s=96&d=mm&r=g\",\"caption\":\"Carlos Fernandez\"},\"url\":\"https:\\\/\\\/seal.com.gt\\\/en\\\/author\\\/carlos-fernandez\\\/\"}]}<\/script>\n<!-- \/ Yoast SEO plugin. -->","yoast_head_json":{"title":"Modernizaci\u00f3n portuaria en Am\u00e9rica LatinaSEAL","description":"Mejorar la infraestructura portuaria resulta esencial para incrementar la\u00a0competitividad se\u00f1alaron desde\u00a0SEAL, Servicios Especializados de Aduana y Log\u00edstica.","robots":{"index":"index","follow":"follow","max-snippet":"max-snippet:-1","max-image-preview":"max-image-preview:large","max-video-preview":"max-video-preview:-1"},"canonical":"https:\/\/seal.com.gt\/en\/modernizacion-portuaria-en-america-latina\/","og_locale":"en_US","og_type":"article","og_title":"Modernizaci\u00f3n portuaria en Am\u00e9rica LatinaSEAL","og_description":"Mejorar la infraestructura portuaria resulta esencial para incrementar la\u00a0competitividad se\u00f1alaron desde\u00a0SEAL, Servicios Especializados de Aduana y Log\u00edstica.","og_url":"https:\/\/seal.com.gt\/en\/modernizacion-portuaria-en-america-latina\/","og_site_name":"SEAL","article_publisher":"https:\/\/www.facebook.com\/sealgt\/","article_published_time":"2025-09-08T18:01:38+00:00","article_modified_time":"2025-09-15T18:07:34+00:00","og_image":[{"width":765,"height":550,"url":"https:\/\/seal.com.gt\/wp-content\/uploads\/2024\/08\/mexico.jpeg","type":"image\/jpeg"}],"author":"Carlos Fernandez","twitter_card":"summary_large_image","twitter_creator":"@SealGT","twitter_site":"@SealGT","twitter_misc":{"Written by":"Carlos Fernandez","Est. reading time":"3 minutes"},"schema":{"@context":"https:\/\/schema.org","@graph":[{"@type":"Article","@id":"https:\/\/seal.com.gt\/modernizacion-portuaria-en-america-latina\/#article","isPartOf":{"@id":"https:\/\/seal.com.gt\/modernizacion-portuaria-en-america-latina\/"},"author":{"name":"Carlos Fernandez","@id":"https:\/\/www.seal.com.gt\/en\/#\/schema\/person\/bdaade145a7d4c0e4e550ce8a3a8c9aa"},"headline":"Modernizaci\u00f3n portuaria en Am\u00e9rica Latina, avances y oportunidades","datePublished":"2025-09-08T18:01:38+00:00","dateModified":"2025-09-15T18:07:34+00:00","mainEntityOfPage":{"@id":"https:\/\/seal.com.gt\/modernizacion-portuaria-en-america-latina\/"},"wordCount":620,"publisher":{"@id":"https:\/\/www.seal.com.gt\/en\/#organization"},"image":{"@id":"https:\/\/seal.com.gt\/modernizacion-portuaria-en-america-latina\/#primaryimage"},"thumbnailUrl":"https:\/\/seal.com.gt\/wp-content\/uploads\/2024\/08\/mexico.jpeg","keywords":["modernizaci\u00f3n portuaria"],"articleSection":["Blog"],"inLanguage":"en-US"},{"@type":"WebPage","@id":"https:\/\/seal.com.gt\/modernizacion-portuaria-en-america-latina\/","url":"https:\/\/seal.com.gt\/modernizacion-portuaria-en-america-latina\/","name":"Modernizaci\u00f3n portuaria en Am\u00e9rica LatinaSEAL","isPartOf":{"@id":"https:\/\/www.seal.com.gt\/en\/#website"},"primaryImageOfPage":{"@id":"https:\/\/seal.com.gt\/modernizacion-portuaria-en-america-latina\/#primaryimage"},"image":{"@id":"https:\/\/seal.com.gt\/modernizacion-portuaria-en-america-latina\/#primaryimage"},"thumbnailUrl":"https:\/\/seal.com.gt\/wp-content\/uploads\/2024\/08\/mexico.jpeg","datePublished":"2025-09-08T18:01:38+00:00","dateModified":"2025-09-15T18:07:34+00:00","description":"Mejorar la infraestructura portuaria resulta esencial para incrementar la\u00a0competitividad se\u00f1alaron desde\u00a0SEAL, Servicios Especializados de Aduana y Log\u00edstica.","breadcrumb":{"@id":"https:\/\/seal.com.gt\/modernizacion-portuaria-en-america-latina\/#breadcrumb"},"inLanguage":"en-US","potentialAction":[{"@type":"ReadAction","target":["https:\/\/seal.com.gt\/modernizacion-portuaria-en-america-latina\/"]}]},{"@type":"ImageObject","inLanguage":"en-US","@id":"https:\/\/seal.com.gt\/modernizacion-portuaria-en-america-latina\/#primaryimage","url":"https:\/\/seal.com.gt\/wp-content\/uploads\/2024\/08\/mexico.jpeg","contentUrl":"https:\/\/seal.com.gt\/wp-content\/uploads\/2024\/08\/mexico.jpeg","width":765,"height":550},{"@type":"BreadcrumbList","@id":"https:\/\/seal.com.gt\/modernizacion-portuaria-en-america-latina\/#breadcrumb","itemListElement":[{"@type":"ListItem","position":1,"name":"Portada","item":"https:\/\/seal.com.gt\/"},{"@type":"ListItem","position":2,"name":"Modernizaci\u00f3n portuaria en Am\u00e9rica Latina, avances y oportunidades"}]},{"@type":"WebSite","@id":"https:\/\/www.seal.com.gt\/en\/#website","url":"https:\/\/www.seal.com.gt\/en\/","name":"SEAL","description":"Servicios especializados de aduana y log\u00edstica","publisher":{"@id":"https:\/\/www.seal.com.gt\/en\/#organization"},"potentialAction":[{"@type":"SearchAction","target":{"@type":"EntryPoint","urlTemplate":"https:\/\/www.seal.com.gt\/en\/?s={search_term_string}"},"query-input":{"@type":"PropertyValueSpecification","valueRequired":true,"valueName":"search_term_string"}}],"inLanguage":"en-US"},{"@type":"Organization","@id":"https:\/\/www.seal.com.gt\/en\/#organization","name":"Servicios Especializados de Aduana y Logistica","url":"https:\/\/www.seal.com.gt\/en\/","logo":{"@type":"ImageObject","inLanguage":"en-US","@id":"https:\/\/www.seal.com.gt\/en\/#\/schema\/logo\/image\/","url":"https:\/\/seal.com.gt\/wp-content\/uploads\/2019\/07\/seal-guatemala.png","contentUrl":"https:\/\/seal.com.gt\/wp-content\/uploads\/2019\/07\/seal-guatemala.png","width":110,"height":75,"caption":"Servicios Especializados de Aduana y Logistica"},"image":{"@id":"https:\/\/www.seal.com.gt\/en\/#\/schema\/logo\/image\/"},"sameAs":["https:\/\/www.facebook.com\/sealgt\/","https:\/\/x.com\/SealGT","https:\/\/www.instagram.com\/sealgt_\/","https:\/\/www.linkedin.com\/company\/sealgt\/","https:\/\/www.youtube.com\/channel\/UCR7Hlb1FvtE-_dX61LGES_w"]},{"@type":"Person","@id":"https:\/\/www.seal.com.gt\/en\/#\/schema\/person\/bdaade145a7d4c0e4e550ce8a3a8c9aa","name":"Carlos Fernandez","image":{"@type":"ImageObject","inLanguage":"en-US","@id":"https:\/\/secure.gravatar.com\/avatar\/58d46d11b3ee03e1c767195c40dc71152c0851754aaf267b52fcee7abb624f2b?s=96&d=mm&r=g","url":"https:\/\/secure.gravatar.com\/avatar\/58d46d11b3ee03e1c767195c40dc71152c0851754aaf267b52fcee7abb624f2b?s=96&d=mm&r=g","contentUrl":"https:\/\/secure.gravatar.com\/avatar\/58d46d11b3ee03e1c767195c40dc71152c0851754aaf267b52fcee7abb624f2b?s=96&d=mm&r=g","caption":"Carlos Fernandez"},"url":"https:\/\/seal.com.gt\/en\/author\/carlos-fernandez\/"}]}},"_links":{"self":[{"href":"https:\/\/seal.com.gt\/en\/wp-json\/wp\/v2\/posts\/3929","targetHints":{"allow":["GET"]}}],"collection":[{"href":"https:\/\/seal.com.gt\/en\/wp-json\/wp\/v2\/posts"}],"about":[{"href":"https:\/\/seal.com.gt\/en\/wp-json\/wp\/v2\/types\/post"}],"author":[{"embeddable":true,"href":"https:\/\/seal.com.gt\/en\/wp-json\/wp\/v2\/users\/9"}],"replies":[{"embeddable":true,"href":"https:\/\/seal.com.gt\/en\/wp-json\/wp\/v2\/comments?post=3929"}],"version-history":[{"count":2,"href":"https:\/\/seal.com.gt\/en\/wp-json\/wp\/v2\/posts\/3929\/revisions"}],"predecessor-version":[{"id":3931,"href":"https:\/\/seal.com.gt\/en\/wp-json\/wp\/v2\/posts\/3929\/revisions\/3931"}],"wp:featuredmedia":[{"embeddable":true,"href":"https:\/\/seal.com.gt\/en\/wp-json\/wp\/v2\/media\/2554"}],"wp:attachment":[{"href":"https:\/\/seal.com.gt\/en\/wp-json\/wp\/v2\/media?parent=3929"}],"wp:term":[{"taxonomy":"category","embeddable":true,"href":"https:\/\/seal.com.gt\/en\/wp-json\/wp\/v2\/categories?post=3929"},{"taxonomy":"post_tag","embeddable":true,"href":"https:\/\/seal.com.gt\/en\/wp-json\/wp\/v2\/tags?post=3929"}],"curies":[{"name":"wp","href":"https:\/\/api.w.org\/{rel}","templated":true}]}}