{"id":3993,"date":"2026-01-09T07:51:50","date_gmt":"2026-01-09T13:51:50","guid":{"rendered":"https:\/\/seal.com.gt\/?p=3993"},"modified":"2026-01-14T08:05:47","modified_gmt":"2026-01-14T14:05:47","slug":"2026-mercado-de-fletes-abre-con-senales-claras-de-encarecimiento","status":"publish","type":"post","link":"https:\/\/seal.com.gt\/en\/2026-mercado-de-fletes-abre-con-senales-claras-de-encarecimiento\/","title":{"rendered":"2026: mercado de fletes abre con se\u00f1ales claras de encarecimiento"},"content":{"rendered":"<p>La proximidad del A\u00f1o Nuevo Lunar vuelve a marcar el pulso del<strong>&nbsp;comercio mar\u00edtimo internacional<\/strong>, impulsando una demanda anticipada por parte de importadores y distribuidores que buscan asegurar&nbsp;<strong>inventarios<\/strong>&nbsp;antes de que los principales centros de producci\u00f3n en Asia entren en el habitual receso festivo, se\u00f1alaron desde &nbsp;<a href=\"https:\/\/seal.com.gt\/en\/\" target=\"_blank\" rel=\"noreferrer noopener\"><strong>SEAL, Servicios Especializados de Aduana y Log\u00edstica.<\/strong><\/a><\/p>\n\n\n\n<p>Este adelanto de embarques genera una presi\u00f3n adicional sobre la capacidad disponible, especialmente en un contexto donde las<strong>&nbsp;cadenas log\u00edsticas<\/strong>&nbsp;a\u00fan operan con m\u00e1rgenes ajustados. A este escenario se suma un entorno geopol\u00edtico complejo, aunque no todos los focos de tensi\u00f3n logran trasladarse con la misma intensidad al mercado. La nueva crisis abierta en&nbsp;<strong>Iberoam\u00e9rica<\/strong>, por ejemplo, no ha tenido un impacto significativo en el tr\u00e1fico mar\u00edtimo global, considerando que Venezuela representa una fracci\u00f3n menor del comercio mundial de contenedores, con vol\u00famenes que apenas rondan el mill\u00f3n de TEUs anuales.<\/p>\n\n\n\n<p>En paralelo, la<strong>&nbsp;Administraci\u00f3n Trump ha optado por retrasar la aplicaci\u00f3n de nuevos aranceles<\/strong>&nbsp;que estaba previsto que entraran en vigor el pasado 1 de enero sobre una serie de productos importados. Esta decisi\u00f3n ha sido le\u00edda por el mercado como una se\u00f1al de cautela, en momentos en que la evoluci\u00f3n de la&nbsp;<strong>inflaci\u00f3n<\/strong>&nbsp;sigue siendo un factor sensible para la econom\u00eda estadounidense y para la estabilidad del consumo interno.<\/p>\n\n\n\n<p>No obstante, persiste la incertidumbre sobre el rumbo que podr\u00eda tomar la pol\u00edtica comercial de&nbsp;<strong>Estados Unidos<\/strong>&nbsp;en los pr\u00f3ximos meses. Aunque hoy parece poco probable, un eventual repunte inflacionario o una p\u00e9rdida de control sobre los precios podr\u00eda llevar a la Casa Blanca a replantearse el alcance y los efectos de su estrategia arancelaria, con implicancias directas sobre los&nbsp;<strong>flujos comerciales<\/strong>&nbsp;y las&nbsp;<strong>decisiones log\u00edsticas<\/strong>&nbsp;de las empresas, agregaron desde se\u00f1alaron desde &nbsp;<a href=\"https:\/\/seal.com.gt\/en\/\" target=\"_blank\" rel=\"noreferrer noopener\"><strong>SEAL, Servicios Especializados de Aduana y Log\u00edstica.<\/strong><\/a><\/p>\n\n\n\n<p>En este contexto de alta demanda y cautela macroecon\u00f3mica, los fletes muestran una clara tendencia al alza. Seg\u00fan estimaciones de Freightos, las&nbsp;<strong>tarifas desde Asia hacia la costa oeste de Estados Unidos aumentaron un 22% en la \u00faltima semana<\/strong>, mientras que los servicios hacia la costa este registraron un incremento del 12%.<\/p>\n\n\n\n<p>A su vez,<strong>&nbsp;las rutas entre Asia y el norte de Europa subieron un 9%<\/strong>, y los trayectos hacia el Mediterr\u00e1neo experimentaron un fuerte repunte del 21%, reflejando la presi\u00f3n estacional y la tensi\u00f3n persistente en las principales rutas comerciales, indicaron desde se\u00f1alaron desde &nbsp;<a href=\"https:\/\/seal.com.gt\/en\/\" target=\"_blank\" rel=\"noreferrer noopener\"><strong>SEAL, Servicios Especializados de Aduana y Log\u00edstica.<\/strong><\/a><\/p>","protected":false},"excerpt":{"rendered":"<p>La proximidad del A\u00f1o Nuevo Lunar vuelve a marcar el pulso del&nbsp;comercio mar\u00edtimo internacional, impulsando una demanda anticipada por parte de importadores y distribuidores que buscan asegurar&nbsp;inventarios&nbsp;antes de que los principales centros de producci\u00f3n en Asia entren en el habitual receso festivo, se\u00f1alaron desde &nbsp;SEAL, Servicios Especializados de Aduana y Log\u00edstica. Este adelanto de embarques [&hellip;]<\/p>\n","protected":false},"author":9,"featured_media":3846,"comment_status":"closed","ping_status":"closed","sticky":false,"template":"","format":"standard","meta":{"footnotes":""},"categories":[1],"tags":[],"class_list":["post-3993","post","type-post","status-publish","format-standard","has-post-thumbnail","hentry","category-blog"],"yoast_head":"<!-- This site is optimized with the Yoast SEO plugin v27.5 - https:\/\/yoast.com\/product\/yoast-seo-wordpress\/ -->\n<title>2026: mercado de fletes abre con se\u00f1ales claras de encarecimiento<\/title>\n<meta name=\"description\" content=\"La proximidad del A\u00f1o Nuevo Lunar vuelve a marcar el pulso del\u00a0comercio mar\u00edtimo internacional, impulsando una demanda anticipada por parte de importadores y distribuidores.\" \/>\n<meta name=\"robots\" content=\"index, follow, max-snippet:-1, max-image-preview:large, max-video-preview:-1\" \/>\n<link rel=\"canonical\" href=\"https:\/\/seal.com.gt\/en\/2026-mercado-de-fletes-abre-con-senales-claras-de-encarecimiento\/\" \/>\n<meta property=\"og:locale\" content=\"en_US\" \/>\n<meta property=\"og:type\" content=\"article\" \/>\n<meta property=\"og:title\" content=\"2026: mercado de fletes abre con se\u00f1ales claras de encarecimiento\" \/>\n<meta property=\"og:description\" content=\"La proximidad del A\u00f1o Nuevo Lunar vuelve a marcar el pulso del\u00a0comercio mar\u00edtimo internacional, impulsando una demanda anticipada por parte de importadores y distribuidores.\" \/>\n<meta property=\"og:url\" content=\"https:\/\/seal.com.gt\/en\/2026-mercado-de-fletes-abre-con-senales-claras-de-encarecimiento\/\" \/>\n<meta property=\"og:site_name\" content=\"SEAL\" \/>\n<meta property=\"article:publisher\" content=\"https:\/\/www.facebook.com\/sealgt\/\" \/>\n<meta property=\"article:published_time\" content=\"2026-01-09T13:51:50+00:00\" \/>\n<meta property=\"article:modified_time\" content=\"2026-01-14T14:05:47+00:00\" \/>\n<meta property=\"og:image\" content=\"https:\/\/seal.com.gt\/wp-content\/uploads\/2025\/05\/logistica.png\" \/>\n\t<meta property=\"og:image:width\" content=\"1318\" \/>\n\t<meta property=\"og:image:height\" content=\"824\" \/>\n\t<meta property=\"og:image:type\" content=\"image\/png\" \/>\n<meta name=\"author\" content=\"Carlos Fernandez\" \/>\n<meta name=\"twitter:card\" content=\"summary_large_image\" \/>\n<meta name=\"twitter:creator\" content=\"@SealGT\" \/>\n<meta name=\"twitter:site\" content=\"@SealGT\" \/>\n<meta name=\"twitter:label1\" content=\"Written by\" \/>\n\t<meta name=\"twitter:data1\" content=\"Carlos Fernandez\" \/>\n\t<meta name=\"twitter:label2\" content=\"Est. reading time\" \/>\n\t<meta name=\"twitter:data2\" content=\"2 minutes\" \/>\n<script type=\"application\/ld+json\" class=\"yoast-schema-graph\">{\"@context\":\"https:\\\/\\\/schema.org\",\"@graph\":[{\"@type\":\"Article\",\"@id\":\"https:\\\/\\\/seal.com.gt\\\/2026-mercado-de-fletes-abre-con-senales-claras-de-encarecimiento\\\/#article\",\"isPartOf\":{\"@id\":\"https:\\\/\\\/seal.com.gt\\\/2026-mercado-de-fletes-abre-con-senales-claras-de-encarecimiento\\\/\"},\"author\":{\"name\":\"Carlos Fernandez\",\"@id\":\"https:\\\/\\\/www.seal.com.gt\\\/en\\\/#\\\/schema\\\/person\\\/bdaade145a7d4c0e4e550ce8a3a8c9aa\"},\"headline\":\"2026: mercado de fletes abre con se\u00f1ales claras de encarecimiento\",\"datePublished\":\"2026-01-09T13:51:50+00:00\",\"dateModified\":\"2026-01-14T14:05:47+00:00\",\"mainEntityOfPage\":{\"@id\":\"https:\\\/\\\/seal.com.gt\\\/2026-mercado-de-fletes-abre-con-senales-claras-de-encarecimiento\\\/\"},\"wordCount\":463,\"publisher\":{\"@id\":\"https:\\\/\\\/www.seal.com.gt\\\/en\\\/#organization\"},\"image\":{\"@id\":\"https:\\\/\\\/seal.com.gt\\\/2026-mercado-de-fletes-abre-con-senales-claras-de-encarecimiento\\\/#primaryimage\"},\"thumbnailUrl\":\"https:\\\/\\\/seal.com.gt\\\/wp-content\\\/uploads\\\/2025\\\/05\\\/logistica.png\",\"articleSection\":[\"Blog\"],\"inLanguage\":\"en-US\"},{\"@type\":\"WebPage\",\"@id\":\"https:\\\/\\\/seal.com.gt\\\/2026-mercado-de-fletes-abre-con-senales-claras-de-encarecimiento\\\/\",\"url\":\"https:\\\/\\\/seal.com.gt\\\/2026-mercado-de-fletes-abre-con-senales-claras-de-encarecimiento\\\/\",\"name\":\"2026: mercado de fletes abre con se\u00f1ales claras de encarecimiento\",\"isPartOf\":{\"@id\":\"https:\\\/\\\/www.seal.com.gt\\\/en\\\/#website\"},\"primaryImageOfPage\":{\"@id\":\"https:\\\/\\\/seal.com.gt\\\/2026-mercado-de-fletes-abre-con-senales-claras-de-encarecimiento\\\/#primaryimage\"},\"image\":{\"@id\":\"https:\\\/\\\/seal.com.gt\\\/2026-mercado-de-fletes-abre-con-senales-claras-de-encarecimiento\\\/#primaryimage\"},\"thumbnailUrl\":\"https:\\\/\\\/seal.com.gt\\\/wp-content\\\/uploads\\\/2025\\\/05\\\/logistica.png\",\"datePublished\":\"2026-01-09T13:51:50+00:00\",\"dateModified\":\"2026-01-14T14:05:47+00:00\",\"description\":\"La proximidad del A\u00f1o Nuevo Lunar vuelve a marcar el pulso del\u00a0comercio mar\u00edtimo internacional, impulsando una demanda anticipada por parte de importadores y distribuidores.\",\"breadcrumb\":{\"@id\":\"https:\\\/\\\/seal.com.gt\\\/2026-mercado-de-fletes-abre-con-senales-claras-de-encarecimiento\\\/#breadcrumb\"},\"inLanguage\":\"en-US\",\"potentialAction\":[{\"@type\":\"ReadAction\",\"target\":[\"https:\\\/\\\/seal.com.gt\\\/2026-mercado-de-fletes-abre-con-senales-claras-de-encarecimiento\\\/\"]}]},{\"@type\":\"ImageObject\",\"inLanguage\":\"en-US\",\"@id\":\"https:\\\/\\\/seal.com.gt\\\/2026-mercado-de-fletes-abre-con-senales-claras-de-encarecimiento\\\/#primaryimage\",\"url\":\"https:\\\/\\\/seal.com.gt\\\/wp-content\\\/uploads\\\/2025\\\/05\\\/logistica.png\",\"contentUrl\":\"https:\\\/\\\/seal.com.gt\\\/wp-content\\\/uploads\\\/2025\\\/05\\\/logistica.png\",\"width\":1318,\"height\":824},{\"@type\":\"BreadcrumbList\",\"@id\":\"https:\\\/\\\/seal.com.gt\\\/2026-mercado-de-fletes-abre-con-senales-claras-de-encarecimiento\\\/#breadcrumb\",\"itemListElement\":[{\"@type\":\"ListItem\",\"position\":1,\"name\":\"Portada\",\"item\":\"https:\\\/\\\/seal.com.gt\\\/\"},{\"@type\":\"ListItem\",\"position\":2,\"name\":\"2026: mercado de fletes abre con se\u00f1ales claras de encarecimiento\"}]},{\"@type\":\"WebSite\",\"@id\":\"https:\\\/\\\/www.seal.com.gt\\\/en\\\/#website\",\"url\":\"https:\\\/\\\/www.seal.com.gt\\\/en\\\/\",\"name\":\"SEAL\",\"description\":\"Servicios especializados de aduana y log\u00edstica\",\"publisher\":{\"@id\":\"https:\\\/\\\/www.seal.com.gt\\\/en\\\/#organization\"},\"potentialAction\":[{\"@type\":\"SearchAction\",\"target\":{\"@type\":\"EntryPoint\",\"urlTemplate\":\"https:\\\/\\\/www.seal.com.gt\\\/en\\\/?s={search_term_string}\"},\"query-input\":{\"@type\":\"PropertyValueSpecification\",\"valueRequired\":true,\"valueName\":\"search_term_string\"}}],\"inLanguage\":\"en-US\"},{\"@type\":\"Organization\",\"@id\":\"https:\\\/\\\/www.seal.com.gt\\\/en\\\/#organization\",\"name\":\"Servicios Especializados de Aduana y Logistica\",\"url\":\"https:\\\/\\\/www.seal.com.gt\\\/en\\\/\",\"logo\":{\"@type\":\"ImageObject\",\"inLanguage\":\"en-US\",\"@id\":\"https:\\\/\\\/www.seal.com.gt\\\/en\\\/#\\\/schema\\\/logo\\\/image\\\/\",\"url\":\"https:\\\/\\\/seal.com.gt\\\/wp-content\\\/uploads\\\/2019\\\/07\\\/seal-guatemala.png\",\"contentUrl\":\"https:\\\/\\\/seal.com.gt\\\/wp-content\\\/uploads\\\/2019\\\/07\\\/seal-guatemala.png\",\"width\":110,\"height\":75,\"caption\":\"Servicios Especializados de Aduana y Logistica\"},\"image\":{\"@id\":\"https:\\\/\\\/www.seal.com.gt\\\/en\\\/#\\\/schema\\\/logo\\\/image\\\/\"},\"sameAs\":[\"https:\\\/\\\/www.facebook.com\\\/sealgt\\\/\",\"https:\\\/\\\/x.com\\\/SealGT\",\"https:\\\/\\\/www.instagram.com\\\/sealgt_\\\/\",\"https:\\\/\\\/www.linkedin.com\\\/company\\\/sealgt\\\/\",\"https:\\\/\\\/www.youtube.com\\\/channel\\\/UCR7Hlb1FvtE-_dX61LGES_w\"]},{\"@type\":\"Person\",\"@id\":\"https:\\\/\\\/www.seal.com.gt\\\/en\\\/#\\\/schema\\\/person\\\/bdaade145a7d4c0e4e550ce8a3a8c9aa\",\"name\":\"Carlos Fernandez\",\"image\":{\"@type\":\"ImageObject\",\"inLanguage\":\"en-US\",\"@id\":\"https:\\\/\\\/secure.gravatar.com\\\/avatar\\\/58d46d11b3ee03e1c767195c40dc71152c0851754aaf267b52fcee7abb624f2b?s=96&d=mm&r=g\",\"url\":\"https:\\\/\\\/secure.gravatar.com\\\/avatar\\\/58d46d11b3ee03e1c767195c40dc71152c0851754aaf267b52fcee7abb624f2b?s=96&d=mm&r=g\",\"contentUrl\":\"https:\\\/\\\/secure.gravatar.com\\\/avatar\\\/58d46d11b3ee03e1c767195c40dc71152c0851754aaf267b52fcee7abb624f2b?s=96&d=mm&r=g\",\"caption\":\"Carlos Fernandez\"},\"url\":\"https:\\\/\\\/seal.com.gt\\\/en\\\/author\\\/carlos-fernandez\\\/\"}]}<\/script>\n<!-- \/ Yoast SEO plugin. -->","yoast_head_json":{"title":"2026: mercado de fletes abre con se\u00f1ales claras de encarecimiento","description":"La proximidad del A\u00f1o Nuevo Lunar vuelve a marcar el pulso del\u00a0comercio mar\u00edtimo internacional, impulsando una demanda anticipada por parte de importadores y distribuidores.","robots":{"index":"index","follow":"follow","max-snippet":"max-snippet:-1","max-image-preview":"max-image-preview:large","max-video-preview":"max-video-preview:-1"},"canonical":"https:\/\/seal.com.gt\/en\/2026-mercado-de-fletes-abre-con-senales-claras-de-encarecimiento\/","og_locale":"en_US","og_type":"article","og_title":"2026: mercado de fletes abre con se\u00f1ales claras de encarecimiento","og_description":"La proximidad del A\u00f1o Nuevo Lunar vuelve a marcar el pulso del\u00a0comercio mar\u00edtimo internacional, impulsando una demanda anticipada por parte de importadores y distribuidores.","og_url":"https:\/\/seal.com.gt\/en\/2026-mercado-de-fletes-abre-con-senales-claras-de-encarecimiento\/","og_site_name":"SEAL","article_publisher":"https:\/\/www.facebook.com\/sealgt\/","article_published_time":"2026-01-09T13:51:50+00:00","article_modified_time":"2026-01-14T14:05:47+00:00","og_image":[{"width":1318,"height":824,"url":"https:\/\/seal.com.gt\/wp-content\/uploads\/2025\/05\/logistica.png","type":"image\/png"}],"author":"Carlos Fernandez","twitter_card":"summary_large_image","twitter_creator":"@SealGT","twitter_site":"@SealGT","twitter_misc":{"Written by":"Carlos Fernandez","Est. reading time":"2 minutes"},"schema":{"@context":"https:\/\/schema.org","@graph":[{"@type":"Article","@id":"https:\/\/seal.com.gt\/2026-mercado-de-fletes-abre-con-senales-claras-de-encarecimiento\/#article","isPartOf":{"@id":"https:\/\/seal.com.gt\/2026-mercado-de-fletes-abre-con-senales-claras-de-encarecimiento\/"},"author":{"name":"Carlos Fernandez","@id":"https:\/\/www.seal.com.gt\/en\/#\/schema\/person\/bdaade145a7d4c0e4e550ce8a3a8c9aa"},"headline":"2026: mercado de fletes abre con se\u00f1ales claras de encarecimiento","datePublished":"2026-01-09T13:51:50+00:00","dateModified":"2026-01-14T14:05:47+00:00","mainEntityOfPage":{"@id":"https:\/\/seal.com.gt\/2026-mercado-de-fletes-abre-con-senales-claras-de-encarecimiento\/"},"wordCount":463,"publisher":{"@id":"https:\/\/www.seal.com.gt\/en\/#organization"},"image":{"@id":"https:\/\/seal.com.gt\/2026-mercado-de-fletes-abre-con-senales-claras-de-encarecimiento\/#primaryimage"},"thumbnailUrl":"https:\/\/seal.com.gt\/wp-content\/uploads\/2025\/05\/logistica.png","articleSection":["Blog"],"inLanguage":"en-US"},{"@type":"WebPage","@id":"https:\/\/seal.com.gt\/2026-mercado-de-fletes-abre-con-senales-claras-de-encarecimiento\/","url":"https:\/\/seal.com.gt\/2026-mercado-de-fletes-abre-con-senales-claras-de-encarecimiento\/","name":"2026: mercado de fletes abre con se\u00f1ales claras de encarecimiento","isPartOf":{"@id":"https:\/\/www.seal.com.gt\/en\/#website"},"primaryImageOfPage":{"@id":"https:\/\/seal.com.gt\/2026-mercado-de-fletes-abre-con-senales-claras-de-encarecimiento\/#primaryimage"},"image":{"@id":"https:\/\/seal.com.gt\/2026-mercado-de-fletes-abre-con-senales-claras-de-encarecimiento\/#primaryimage"},"thumbnailUrl":"https:\/\/seal.com.gt\/wp-content\/uploads\/2025\/05\/logistica.png","datePublished":"2026-01-09T13:51:50+00:00","dateModified":"2026-01-14T14:05:47+00:00","description":"La proximidad del A\u00f1o Nuevo Lunar vuelve a marcar el pulso del\u00a0comercio mar\u00edtimo internacional, impulsando una demanda anticipada por parte de importadores y distribuidores.","breadcrumb":{"@id":"https:\/\/seal.com.gt\/2026-mercado-de-fletes-abre-con-senales-claras-de-encarecimiento\/#breadcrumb"},"inLanguage":"en-US","potentialAction":[{"@type":"ReadAction","target":["https:\/\/seal.com.gt\/2026-mercado-de-fletes-abre-con-senales-claras-de-encarecimiento\/"]}]},{"@type":"ImageObject","inLanguage":"en-US","@id":"https:\/\/seal.com.gt\/2026-mercado-de-fletes-abre-con-senales-claras-de-encarecimiento\/#primaryimage","url":"https:\/\/seal.com.gt\/wp-content\/uploads\/2025\/05\/logistica.png","contentUrl":"https:\/\/seal.com.gt\/wp-content\/uploads\/2025\/05\/logistica.png","width":1318,"height":824},{"@type":"BreadcrumbList","@id":"https:\/\/seal.com.gt\/2026-mercado-de-fletes-abre-con-senales-claras-de-encarecimiento\/#breadcrumb","itemListElement":[{"@type":"ListItem","position":1,"name":"Portada","item":"https:\/\/seal.com.gt\/"},{"@type":"ListItem","position":2,"name":"2026: mercado de fletes abre con se\u00f1ales claras de encarecimiento"}]},{"@type":"WebSite","@id":"https:\/\/www.seal.com.gt\/en\/#website","url":"https:\/\/www.seal.com.gt\/en\/","name":"SEAL","description":"Servicios especializados de aduana y log\u00edstica","publisher":{"@id":"https:\/\/www.seal.com.gt\/en\/#organization"},"potentialAction":[{"@type":"SearchAction","target":{"@type":"EntryPoint","urlTemplate":"https:\/\/www.seal.com.gt\/en\/?s={search_term_string}"},"query-input":{"@type":"PropertyValueSpecification","valueRequired":true,"valueName":"search_term_string"}}],"inLanguage":"en-US"},{"@type":"Organization","@id":"https:\/\/www.seal.com.gt\/en\/#organization","name":"Servicios Especializados de Aduana y Logistica","url":"https:\/\/www.seal.com.gt\/en\/","logo":{"@type":"ImageObject","inLanguage":"en-US","@id":"https:\/\/www.seal.com.gt\/en\/#\/schema\/logo\/image\/","url":"https:\/\/seal.com.gt\/wp-content\/uploads\/2019\/07\/seal-guatemala.png","contentUrl":"https:\/\/seal.com.gt\/wp-content\/uploads\/2019\/07\/seal-guatemala.png","width":110,"height":75,"caption":"Servicios Especializados de Aduana y Logistica"},"image":{"@id":"https:\/\/www.seal.com.gt\/en\/#\/schema\/logo\/image\/"},"sameAs":["https:\/\/www.facebook.com\/sealgt\/","https:\/\/x.com\/SealGT","https:\/\/www.instagram.com\/sealgt_\/","https:\/\/www.linkedin.com\/company\/sealgt\/","https:\/\/www.youtube.com\/channel\/UCR7Hlb1FvtE-_dX61LGES_w"]},{"@type":"Person","@id":"https:\/\/www.seal.com.gt\/en\/#\/schema\/person\/bdaade145a7d4c0e4e550ce8a3a8c9aa","name":"Carlos Fernandez","image":{"@type":"ImageObject","inLanguage":"en-US","@id":"https:\/\/secure.gravatar.com\/avatar\/58d46d11b3ee03e1c767195c40dc71152c0851754aaf267b52fcee7abb624f2b?s=96&d=mm&r=g","url":"https:\/\/secure.gravatar.com\/avatar\/58d46d11b3ee03e1c767195c40dc71152c0851754aaf267b52fcee7abb624f2b?s=96&d=mm&r=g","contentUrl":"https:\/\/secure.gravatar.com\/avatar\/58d46d11b3ee03e1c767195c40dc71152c0851754aaf267b52fcee7abb624f2b?s=96&d=mm&r=g","caption":"Carlos Fernandez"},"url":"https:\/\/seal.com.gt\/en\/author\/carlos-fernandez\/"}]}},"_links":{"self":[{"href":"https:\/\/seal.com.gt\/en\/wp-json\/wp\/v2\/posts\/3993","targetHints":{"allow":["GET"]}}],"collection":[{"href":"https:\/\/seal.com.gt\/en\/wp-json\/wp\/v2\/posts"}],"about":[{"href":"https:\/\/seal.com.gt\/en\/wp-json\/wp\/v2\/types\/post"}],"author":[{"embeddable":true,"href":"https:\/\/seal.com.gt\/en\/wp-json\/wp\/v2\/users\/9"}],"replies":[{"embeddable":true,"href":"https:\/\/seal.com.gt\/en\/wp-json\/wp\/v2\/comments?post=3993"}],"version-history":[{"count":1,"href":"https:\/\/seal.com.gt\/en\/wp-json\/wp\/v2\/posts\/3993\/revisions"}],"predecessor-version":[{"id":3994,"href":"https:\/\/seal.com.gt\/en\/wp-json\/wp\/v2\/posts\/3993\/revisions\/3994"}],"wp:featuredmedia":[{"embeddable":true,"href":"https:\/\/seal.com.gt\/en\/wp-json\/wp\/v2\/media\/3846"}],"wp:attachment":[{"href":"https:\/\/seal.com.gt\/en\/wp-json\/wp\/v2\/media?parent=3993"}],"wp:term":[{"taxonomy":"category","embeddable":true,"href":"https:\/\/seal.com.gt\/en\/wp-json\/wp\/v2\/categories?post=3993"},{"taxonomy":"post_tag","embeddable":true,"href":"https:\/\/seal.com.gt\/en\/wp-json\/wp\/v2\/tags?post=3993"}],"curies":[{"name":"wp","href":"https:\/\/api.w.org\/{rel}","templated":true}]}}