{"id":3995,"date":"2026-01-12T08:17:51","date_gmt":"2026-01-12T14:17:51","guid":{"rendered":"https:\/\/seal.com.gt\/?p=3995"},"modified":"2026-01-14T08:33:47","modified_gmt":"2026-01-14T14:33:47","slug":"la-nueva-normalidad-del-transporte-internacional-disrupciones-permanentes","status":"publish","type":"post","link":"https:\/\/seal.com.gt\/en\/la-nueva-normalidad-del-transporte-internacional-disrupciones-permanentes\/","title":{"rendered":"La nueva \u201cnormalidad\u201d del transporte internacional: Disrupciones permanentes"},"content":{"rendered":"<p>El transporte internacional enfrenta el a\u00f1o 2026 en un contexto marcado por la incertidumbre estructural y la presi\u00f3n sobre las&nbsp;<strong>cadenas globales de suministro<\/strong>. Lejos de un escenario de normalizaci\u00f3n plena, los actores del sector deben adaptarse a un entorno donde los riesgos geopol\u00edticos, la&nbsp;<strong>transici\u00f3n energ\u00e9tica<\/strong>&nbsp;y la transformaci\u00f3n tecnol\u00f3gica se superponen, redefiniendo la forma en que se mueve el comercio a nivel mundial, indicaron desde &nbsp;<a href=\"https:\/\/seal.com.gt\/en\/\" target=\"_blank\" rel=\"noreferrer noopener\"><strong>SEAL, Servicios Especializados de Aduana y Log\u00edstica.<\/strong><\/a><\/p>\n\n\n\n<p>El primer gran reto para 2026 ser\u00e1 la persistencia de las disrupciones operativas. Conflictos regionales,\u00a0<strong>tensiones en rutas estrat\u00e9gicas<\/strong>\u00a0y eventos clim\u00e1ticos extremos contin\u00faan afectando la regularidad de los servicios mar\u00edtimos, a\u00e9reos y terrestres. Estas interrupciones ya no se perciben como episodios excepcionales, sino como variables permanentes que obligan a las empresas a reforzar planes de contingencia, diversificar rutas y asumir mayores\u00a0<strong>costos log\u00edsticos<\/strong>.<\/p>\n\n\n\n<p>Un segundo desaf\u00edo clave est\u00e1 relacionado con el aumento de los costos y la volatilidad tarifaria.&nbsp;<strong>Fletes, seguros, combustibles y servicios portuarios muestran una elevada sensibilidad frente a cambios pol\u00edticos y econ\u00f3micos<\/strong>. Para los cargadores, esta inestabilidad complica la planificaci\u00f3n financiera y la negociaci\u00f3n de contratos de largo plazo, mientras que para los transportistas implica equilibrar rentabilidad con competitividad en mercados cada vez m\u00e1s exigentes.<\/p>\n\n\n\n<p>La transici\u00f3n hacia un transporte m\u00e1s sostenible se posiciona como el tercer reto estructural. Las regulaciones ambientales, especialmente en el&nbsp;<strong>\u00e1mbito mar\u00edtimo y a\u00e9reo, avanzan con mayor fuerza en 2026<\/strong>, presionando a la industria a reducir emisiones y adoptar combustibles alternativos. Si bien estos cambios son inevitables, requieren inversiones significativas en flotas, infraestructura y tecnolog\u00eda, lo que plantea tensiones entre sostenibilidad, costos y capacidad operativa, agregaron desde&nbsp;<a href=\"https:\/\/seal.com.gt\/en\/\" target=\"_blank\" rel=\"noreferrer noopener\"><strong>SEAL, Servicios Especializados de Aduana y Log\u00edstica.<\/strong><\/a><\/p>\n\n\n\n<p>El cuarto reto est\u00e1 vinculado a la digitalizaci\u00f3n y la ciberseguridad. La creciente adopci\u00f3n de plataformas digitales, sistemas de&nbsp;<a href=\"https:\/\/mascontainer.com\/alternativas-para-adecuada-trazabilidad-de-cargas\/\" target=\"_blank\" rel=\"noreferrer noopener\"><strong>trazabilidad<\/strong><\/a>&nbsp;y&nbsp;<strong>automatizaci\u00f3n<\/strong>&nbsp;mejora la eficiencia y la visibilidad de la carga, pero tambi\u00e9n expone al transporte internacional a nuevos riesgos. Los ciberataques y las fallas tecnol\u00f3gicas se consolidan como amenazas reales, obligando a las empresas a fortalecer sus sistemas y a capacitar a sus equipos en gesti\u00f3n de datos y seguridad inform\u00e1tica.<\/p>\n\n\n\n<p>Finalmente, el quinto desaf\u00edo para el&nbsp;<strong>transporte internacional<\/strong>&nbsp;en 2026 ser\u00e1 la escasez de talento y la adaptaci\u00f3n del capital humano. La falta de conductores, tripulaciones especializadas y personal t\u00e9cnico calificado se mantiene como una preocupaci\u00f3n transversal. A esto se suma la necesidad de nuevas competencias vinculadas a la sostenibilidad y la&nbsp;<strong>digitalizaci\u00f3n<\/strong>, lo que exige a la industria invertir en formaci\u00f3n y en modelos laborales m\u00e1s atractivos para asegurar la continuidad y resiliencia del sector, apuntaron desde&nbsp;<a href=\"https:\/\/seal.com.gt\/en\/\" target=\"_blank\" rel=\"noreferrer noopener\"><strong>SEAL, Servicios Especializados de Aduana y Log\u00edstica.<\/strong><\/a><\/p>\n\n\n\n<p><\/p>","protected":false},"excerpt":{"rendered":"<p>El transporte internacional enfrenta el a\u00f1o 2026 en un contexto marcado por la incertidumbre estructural y la presi\u00f3n sobre las&nbsp;cadenas globales de suministro. Lejos de un escenario de normalizaci\u00f3n plena, los actores del sector deben adaptarse a un entorno donde los riesgos geopol\u00edticos, la&nbsp;transici\u00f3n energ\u00e9tica&nbsp;y la transformaci\u00f3n tecnol\u00f3gica se superponen, redefiniendo la forma en que [&hellip;]<\/p>\n","protected":false},"author":9,"featured_media":2721,"comment_status":"closed","ping_status":"closed","sticky":false,"template":"","format":"standard","meta":{"footnotes":""},"categories":[1],"tags":[112,61,56,65],"class_list":["post-3995","post","type-post","status-publish","format-standard","has-post-thumbnail","hentry","category-blog","tag-aduanas","tag-guatemala","tag-logistica","tag-servicios-especializados-de-aduana-y-logistica"],"yoast_head":"<!-- This site is optimized with the Yoast SEO plugin v27.5 - https:\/\/yoast.com\/product\/yoast-seo-wordpress\/ -->\n<title>La nueva \u201cnormalidad\u201d del transporte internacional<\/title>\n<meta name=\"description\" content=\"El transporte internacional enfrenta el a\u00f1o 2026 en un contexto marcado por la incertidumbre estructural y la presi\u00f3n sobre las\u00a0cadenas globales de suministro.\" \/>\n<meta name=\"robots\" content=\"index, follow, max-snippet:-1, max-image-preview:large, max-video-preview:-1\" \/>\n<link rel=\"canonical\" href=\"https:\/\/seal.com.gt\/en\/la-nueva-normalidad-del-transporte-internacional-disrupciones-permanentes\/\" \/>\n<meta property=\"og:locale\" content=\"en_US\" \/>\n<meta property=\"og:type\" content=\"article\" \/>\n<meta property=\"og:title\" content=\"La nueva \u201cnormalidad\u201d del transporte internacional\" \/>\n<meta property=\"og:description\" content=\"El transporte internacional enfrenta el a\u00f1o 2026 en un contexto marcado por la incertidumbre estructural y la presi\u00f3n sobre las\u00a0cadenas globales de suministro.\" \/>\n<meta property=\"og:url\" content=\"https:\/\/seal.com.gt\/en\/la-nueva-normalidad-del-transporte-internacional-disrupciones-permanentes\/\" \/>\n<meta property=\"og:site_name\" content=\"SEAL\" \/>\n<meta property=\"article:publisher\" content=\"https:\/\/www.facebook.com\/sealgt\/\" \/>\n<meta property=\"article:published_time\" content=\"2026-01-12T14:17:51+00:00\" \/>\n<meta property=\"article:modified_time\" content=\"2026-01-14T14:33:47+00:00\" \/>\n<meta property=\"og:image\" content=\"https:\/\/seal.com.gt\/wp-content\/uploads\/2024\/12\/navieras.png\" \/>\n\t<meta property=\"og:image:width\" content=\"810\" \/>\n\t<meta property=\"og:image:height\" content=\"584\" \/>\n\t<meta property=\"og:image:type\" content=\"image\/png\" \/>\n<meta name=\"author\" content=\"Carlos Fernandez\" \/>\n<meta name=\"twitter:card\" content=\"summary_large_image\" \/>\n<meta name=\"twitter:creator\" content=\"@SealGT\" \/>\n<meta name=\"twitter:site\" content=\"@SealGT\" \/>\n<meta name=\"twitter:label1\" content=\"Written by\" \/>\n\t<meta name=\"twitter:data1\" content=\"Carlos Fernandez\" \/>\n\t<meta name=\"twitter:label2\" content=\"Est. reading time\" \/>\n\t<meta name=\"twitter:data2\" content=\"2 minutes\" \/>\n<script type=\"application\/ld+json\" class=\"yoast-schema-graph\">{\"@context\":\"https:\\\/\\\/schema.org\",\"@graph\":[{\"@type\":\"Article\",\"@id\":\"https:\\\/\\\/seal.com.gt\\\/la-nueva-normalidad-del-transporte-internacional-disrupciones-permanentes\\\/#article\",\"isPartOf\":{\"@id\":\"https:\\\/\\\/seal.com.gt\\\/la-nueva-normalidad-del-transporte-internacional-disrupciones-permanentes\\\/\"},\"author\":{\"name\":\"Carlos Fernandez\",\"@id\":\"https:\\\/\\\/www.seal.com.gt\\\/en\\\/#\\\/schema\\\/person\\\/bdaade145a7d4c0e4e550ce8a3a8c9aa\"},\"headline\":\"La nueva \u201cnormalidad\u201d del transporte internacional: Disrupciones permanentes\",\"datePublished\":\"2026-01-12T14:17:51+00:00\",\"dateModified\":\"2026-01-14T14:33:47+00:00\",\"mainEntityOfPage\":{\"@id\":\"https:\\\/\\\/seal.com.gt\\\/la-nueva-normalidad-del-transporte-internacional-disrupciones-permanentes\\\/\"},\"wordCount\":495,\"publisher\":{\"@id\":\"https:\\\/\\\/www.seal.com.gt\\\/en\\\/#organization\"},\"image\":{\"@id\":\"https:\\\/\\\/seal.com.gt\\\/la-nueva-normalidad-del-transporte-internacional-disrupciones-permanentes\\\/#primaryimage\"},\"thumbnailUrl\":\"https:\\\/\\\/seal.com.gt\\\/wp-content\\\/uploads\\\/2024\\\/12\\\/navieras.png\",\"keywords\":[\"aduanas\",\"guatemala\",\"log\u00edstica\",\"servicios especializados de aduana y log\u00edstica\"],\"articleSection\":[\"Blog\"],\"inLanguage\":\"en-US\"},{\"@type\":\"WebPage\",\"@id\":\"https:\\\/\\\/seal.com.gt\\\/la-nueva-normalidad-del-transporte-internacional-disrupciones-permanentes\\\/\",\"url\":\"https:\\\/\\\/seal.com.gt\\\/la-nueva-normalidad-del-transporte-internacional-disrupciones-permanentes\\\/\",\"name\":\"La nueva \u201cnormalidad\u201d del transporte internacional\",\"isPartOf\":{\"@id\":\"https:\\\/\\\/www.seal.com.gt\\\/en\\\/#website\"},\"primaryImageOfPage\":{\"@id\":\"https:\\\/\\\/seal.com.gt\\\/la-nueva-normalidad-del-transporte-internacional-disrupciones-permanentes\\\/#primaryimage\"},\"image\":{\"@id\":\"https:\\\/\\\/seal.com.gt\\\/la-nueva-normalidad-del-transporte-internacional-disrupciones-permanentes\\\/#primaryimage\"},\"thumbnailUrl\":\"https:\\\/\\\/seal.com.gt\\\/wp-content\\\/uploads\\\/2024\\\/12\\\/navieras.png\",\"datePublished\":\"2026-01-12T14:17:51+00:00\",\"dateModified\":\"2026-01-14T14:33:47+00:00\",\"description\":\"El transporte internacional enfrenta el a\u00f1o 2026 en un contexto marcado por la incertidumbre estructural y la presi\u00f3n sobre las\u00a0cadenas globales de suministro.\",\"breadcrumb\":{\"@id\":\"https:\\\/\\\/seal.com.gt\\\/la-nueva-normalidad-del-transporte-internacional-disrupciones-permanentes\\\/#breadcrumb\"},\"inLanguage\":\"en-US\",\"potentialAction\":[{\"@type\":\"ReadAction\",\"target\":[\"https:\\\/\\\/seal.com.gt\\\/la-nueva-normalidad-del-transporte-internacional-disrupciones-permanentes\\\/\"]}]},{\"@type\":\"ImageObject\",\"inLanguage\":\"en-US\",\"@id\":\"https:\\\/\\\/seal.com.gt\\\/la-nueva-normalidad-del-transporte-internacional-disrupciones-permanentes\\\/#primaryimage\",\"url\":\"https:\\\/\\\/seal.com.gt\\\/wp-content\\\/uploads\\\/2024\\\/12\\\/navieras.png\",\"contentUrl\":\"https:\\\/\\\/seal.com.gt\\\/wp-content\\\/uploads\\\/2024\\\/12\\\/navieras.png\",\"width\":810,\"height\":584},{\"@type\":\"BreadcrumbList\",\"@id\":\"https:\\\/\\\/seal.com.gt\\\/la-nueva-normalidad-del-transporte-internacional-disrupciones-permanentes\\\/#breadcrumb\",\"itemListElement\":[{\"@type\":\"ListItem\",\"position\":1,\"name\":\"Portada\",\"item\":\"https:\\\/\\\/seal.com.gt\\\/\"},{\"@type\":\"ListItem\",\"position\":2,\"name\":\"La nueva \u201cnormalidad\u201d del transporte internacional: Disrupciones permanentes\"}]},{\"@type\":\"WebSite\",\"@id\":\"https:\\\/\\\/www.seal.com.gt\\\/en\\\/#website\",\"url\":\"https:\\\/\\\/www.seal.com.gt\\\/en\\\/\",\"name\":\"SEAL\",\"description\":\"Servicios especializados de aduana y log\u00edstica\",\"publisher\":{\"@id\":\"https:\\\/\\\/www.seal.com.gt\\\/en\\\/#organization\"},\"potentialAction\":[{\"@type\":\"SearchAction\",\"target\":{\"@type\":\"EntryPoint\",\"urlTemplate\":\"https:\\\/\\\/www.seal.com.gt\\\/en\\\/?s={search_term_string}\"},\"query-input\":{\"@type\":\"PropertyValueSpecification\",\"valueRequired\":true,\"valueName\":\"search_term_string\"}}],\"inLanguage\":\"en-US\"},{\"@type\":\"Organization\",\"@id\":\"https:\\\/\\\/www.seal.com.gt\\\/en\\\/#organization\",\"name\":\"Servicios Especializados de Aduana y Logistica\",\"url\":\"https:\\\/\\\/www.seal.com.gt\\\/en\\\/\",\"logo\":{\"@type\":\"ImageObject\",\"inLanguage\":\"en-US\",\"@id\":\"https:\\\/\\\/www.seal.com.gt\\\/en\\\/#\\\/schema\\\/logo\\\/image\\\/\",\"url\":\"https:\\\/\\\/seal.com.gt\\\/wp-content\\\/uploads\\\/2019\\\/07\\\/seal-guatemala.png\",\"contentUrl\":\"https:\\\/\\\/seal.com.gt\\\/wp-content\\\/uploads\\\/2019\\\/07\\\/seal-guatemala.png\",\"width\":110,\"height\":75,\"caption\":\"Servicios Especializados de Aduana y Logistica\"},\"image\":{\"@id\":\"https:\\\/\\\/www.seal.com.gt\\\/en\\\/#\\\/schema\\\/logo\\\/image\\\/\"},\"sameAs\":[\"https:\\\/\\\/www.facebook.com\\\/sealgt\\\/\",\"https:\\\/\\\/x.com\\\/SealGT\",\"https:\\\/\\\/www.instagram.com\\\/sealgt_\\\/\",\"https:\\\/\\\/www.linkedin.com\\\/company\\\/sealgt\\\/\",\"https:\\\/\\\/www.youtube.com\\\/channel\\\/UCR7Hlb1FvtE-_dX61LGES_w\"]},{\"@type\":\"Person\",\"@id\":\"https:\\\/\\\/www.seal.com.gt\\\/en\\\/#\\\/schema\\\/person\\\/bdaade145a7d4c0e4e550ce8a3a8c9aa\",\"name\":\"Carlos Fernandez\",\"image\":{\"@type\":\"ImageObject\",\"inLanguage\":\"en-US\",\"@id\":\"https:\\\/\\\/secure.gravatar.com\\\/avatar\\\/58d46d11b3ee03e1c767195c40dc71152c0851754aaf267b52fcee7abb624f2b?s=96&d=mm&r=g\",\"url\":\"https:\\\/\\\/secure.gravatar.com\\\/avatar\\\/58d46d11b3ee03e1c767195c40dc71152c0851754aaf267b52fcee7abb624f2b?s=96&d=mm&r=g\",\"contentUrl\":\"https:\\\/\\\/secure.gravatar.com\\\/avatar\\\/58d46d11b3ee03e1c767195c40dc71152c0851754aaf267b52fcee7abb624f2b?s=96&d=mm&r=g\",\"caption\":\"Carlos Fernandez\"},\"url\":\"https:\\\/\\\/seal.com.gt\\\/en\\\/author\\\/carlos-fernandez\\\/\"}]}<\/script>\n<!-- \/ Yoast SEO plugin. -->","yoast_head_json":{"title":"La nueva \u201cnormalidad\u201d del transporte internacional","description":"El transporte internacional enfrenta el a\u00f1o 2026 en un contexto marcado por la incertidumbre estructural y la presi\u00f3n sobre las\u00a0cadenas globales de suministro.","robots":{"index":"index","follow":"follow","max-snippet":"max-snippet:-1","max-image-preview":"max-image-preview:large","max-video-preview":"max-video-preview:-1"},"canonical":"https:\/\/seal.com.gt\/en\/la-nueva-normalidad-del-transporte-internacional-disrupciones-permanentes\/","og_locale":"en_US","og_type":"article","og_title":"La nueva \u201cnormalidad\u201d del transporte internacional","og_description":"El transporte internacional enfrenta el a\u00f1o 2026 en un contexto marcado por la incertidumbre estructural y la presi\u00f3n sobre las\u00a0cadenas globales de suministro.","og_url":"https:\/\/seal.com.gt\/en\/la-nueva-normalidad-del-transporte-internacional-disrupciones-permanentes\/","og_site_name":"SEAL","article_publisher":"https:\/\/www.facebook.com\/sealgt\/","article_published_time":"2026-01-12T14:17:51+00:00","article_modified_time":"2026-01-14T14:33:47+00:00","og_image":[{"width":810,"height":584,"url":"https:\/\/seal.com.gt\/wp-content\/uploads\/2024\/12\/navieras.png","type":"image\/png"}],"author":"Carlos Fernandez","twitter_card":"summary_large_image","twitter_creator":"@SealGT","twitter_site":"@SealGT","twitter_misc":{"Written by":"Carlos Fernandez","Est. reading time":"2 minutes"},"schema":{"@context":"https:\/\/schema.org","@graph":[{"@type":"Article","@id":"https:\/\/seal.com.gt\/la-nueva-normalidad-del-transporte-internacional-disrupciones-permanentes\/#article","isPartOf":{"@id":"https:\/\/seal.com.gt\/la-nueva-normalidad-del-transporte-internacional-disrupciones-permanentes\/"},"author":{"name":"Carlos Fernandez","@id":"https:\/\/www.seal.com.gt\/en\/#\/schema\/person\/bdaade145a7d4c0e4e550ce8a3a8c9aa"},"headline":"La nueva \u201cnormalidad\u201d del transporte internacional: Disrupciones permanentes","datePublished":"2026-01-12T14:17:51+00:00","dateModified":"2026-01-14T14:33:47+00:00","mainEntityOfPage":{"@id":"https:\/\/seal.com.gt\/la-nueva-normalidad-del-transporte-internacional-disrupciones-permanentes\/"},"wordCount":495,"publisher":{"@id":"https:\/\/www.seal.com.gt\/en\/#organization"},"image":{"@id":"https:\/\/seal.com.gt\/la-nueva-normalidad-del-transporte-internacional-disrupciones-permanentes\/#primaryimage"},"thumbnailUrl":"https:\/\/seal.com.gt\/wp-content\/uploads\/2024\/12\/navieras.png","keywords":["aduanas","guatemala","log\u00edstica","servicios especializados de aduana y log\u00edstica"],"articleSection":["Blog"],"inLanguage":"en-US"},{"@type":"WebPage","@id":"https:\/\/seal.com.gt\/la-nueva-normalidad-del-transporte-internacional-disrupciones-permanentes\/","url":"https:\/\/seal.com.gt\/la-nueva-normalidad-del-transporte-internacional-disrupciones-permanentes\/","name":"La nueva \u201cnormalidad\u201d del transporte internacional","isPartOf":{"@id":"https:\/\/www.seal.com.gt\/en\/#website"},"primaryImageOfPage":{"@id":"https:\/\/seal.com.gt\/la-nueva-normalidad-del-transporte-internacional-disrupciones-permanentes\/#primaryimage"},"image":{"@id":"https:\/\/seal.com.gt\/la-nueva-normalidad-del-transporte-internacional-disrupciones-permanentes\/#primaryimage"},"thumbnailUrl":"https:\/\/seal.com.gt\/wp-content\/uploads\/2024\/12\/navieras.png","datePublished":"2026-01-12T14:17:51+00:00","dateModified":"2026-01-14T14:33:47+00:00","description":"El transporte internacional enfrenta el a\u00f1o 2026 en un contexto marcado por la incertidumbre estructural y la presi\u00f3n sobre las\u00a0cadenas globales de suministro.","breadcrumb":{"@id":"https:\/\/seal.com.gt\/la-nueva-normalidad-del-transporte-internacional-disrupciones-permanentes\/#breadcrumb"},"inLanguage":"en-US","potentialAction":[{"@type":"ReadAction","target":["https:\/\/seal.com.gt\/la-nueva-normalidad-del-transporte-internacional-disrupciones-permanentes\/"]}]},{"@type":"ImageObject","inLanguage":"en-US","@id":"https:\/\/seal.com.gt\/la-nueva-normalidad-del-transporte-internacional-disrupciones-permanentes\/#primaryimage","url":"https:\/\/seal.com.gt\/wp-content\/uploads\/2024\/12\/navieras.png","contentUrl":"https:\/\/seal.com.gt\/wp-content\/uploads\/2024\/12\/navieras.png","width":810,"height":584},{"@type":"BreadcrumbList","@id":"https:\/\/seal.com.gt\/la-nueva-normalidad-del-transporte-internacional-disrupciones-permanentes\/#breadcrumb","itemListElement":[{"@type":"ListItem","position":1,"name":"Portada","item":"https:\/\/seal.com.gt\/"},{"@type":"ListItem","position":2,"name":"La nueva \u201cnormalidad\u201d del transporte internacional: Disrupciones permanentes"}]},{"@type":"WebSite","@id":"https:\/\/www.seal.com.gt\/en\/#website","url":"https:\/\/www.seal.com.gt\/en\/","name":"SEAL","description":"Servicios especializados de aduana y log\u00edstica","publisher":{"@id":"https:\/\/www.seal.com.gt\/en\/#organization"},"potentialAction":[{"@type":"SearchAction","target":{"@type":"EntryPoint","urlTemplate":"https:\/\/www.seal.com.gt\/en\/?s={search_term_string}"},"query-input":{"@type":"PropertyValueSpecification","valueRequired":true,"valueName":"search_term_string"}}],"inLanguage":"en-US"},{"@type":"Organization","@id":"https:\/\/www.seal.com.gt\/en\/#organization","name":"Servicios Especializados de Aduana y Logistica","url":"https:\/\/www.seal.com.gt\/en\/","logo":{"@type":"ImageObject","inLanguage":"en-US","@id":"https:\/\/www.seal.com.gt\/en\/#\/schema\/logo\/image\/","url":"https:\/\/seal.com.gt\/wp-content\/uploads\/2019\/07\/seal-guatemala.png","contentUrl":"https:\/\/seal.com.gt\/wp-content\/uploads\/2019\/07\/seal-guatemala.png","width":110,"height":75,"caption":"Servicios Especializados de Aduana y Logistica"},"image":{"@id":"https:\/\/www.seal.com.gt\/en\/#\/schema\/logo\/image\/"},"sameAs":["https:\/\/www.facebook.com\/sealgt\/","https:\/\/x.com\/SealGT","https:\/\/www.instagram.com\/sealgt_\/","https:\/\/www.linkedin.com\/company\/sealgt\/","https:\/\/www.youtube.com\/channel\/UCR7Hlb1FvtE-_dX61LGES_w"]},{"@type":"Person","@id":"https:\/\/www.seal.com.gt\/en\/#\/schema\/person\/bdaade145a7d4c0e4e550ce8a3a8c9aa","name":"Carlos Fernandez","image":{"@type":"ImageObject","inLanguage":"en-US","@id":"https:\/\/secure.gravatar.com\/avatar\/58d46d11b3ee03e1c767195c40dc71152c0851754aaf267b52fcee7abb624f2b?s=96&d=mm&r=g","url":"https:\/\/secure.gravatar.com\/avatar\/58d46d11b3ee03e1c767195c40dc71152c0851754aaf267b52fcee7abb624f2b?s=96&d=mm&r=g","contentUrl":"https:\/\/secure.gravatar.com\/avatar\/58d46d11b3ee03e1c767195c40dc71152c0851754aaf267b52fcee7abb624f2b?s=96&d=mm&r=g","caption":"Carlos Fernandez"},"url":"https:\/\/seal.com.gt\/en\/author\/carlos-fernandez\/"}]}},"_links":{"self":[{"href":"https:\/\/seal.com.gt\/en\/wp-json\/wp\/v2\/posts\/3995","targetHints":{"allow":["GET"]}}],"collection":[{"href":"https:\/\/seal.com.gt\/en\/wp-json\/wp\/v2\/posts"}],"about":[{"href":"https:\/\/seal.com.gt\/en\/wp-json\/wp\/v2\/types\/post"}],"author":[{"embeddable":true,"href":"https:\/\/seal.com.gt\/en\/wp-json\/wp\/v2\/users\/9"}],"replies":[{"embeddable":true,"href":"https:\/\/seal.com.gt\/en\/wp-json\/wp\/v2\/comments?post=3995"}],"version-history":[{"count":1,"href":"https:\/\/seal.com.gt\/en\/wp-json\/wp\/v2\/posts\/3995\/revisions"}],"predecessor-version":[{"id":3996,"href":"https:\/\/seal.com.gt\/en\/wp-json\/wp\/v2\/posts\/3995\/revisions\/3996"}],"wp:featuredmedia":[{"embeddable":true,"href":"https:\/\/seal.com.gt\/en\/wp-json\/wp\/v2\/media\/2721"}],"wp:attachment":[{"href":"https:\/\/seal.com.gt\/en\/wp-json\/wp\/v2\/media?parent=3995"}],"wp:term":[{"taxonomy":"category","embeddable":true,"href":"https:\/\/seal.com.gt\/en\/wp-json\/wp\/v2\/categories?post=3995"},{"taxonomy":"post_tag","embeddable":true,"href":"https:\/\/seal.com.gt\/en\/wp-json\/wp\/v2\/tags?post=3995"}],"curies":[{"name":"wp","href":"https:\/\/api.w.org\/{rel}","templated":true}]}}