{"id":4043,"date":"2026-03-19T13:27:00","date_gmt":"2026-03-19T19:27:00","guid":{"rendered":"https:\/\/seal.com.gt\/?p=4043"},"modified":"2026-04-27T14:15:24","modified_gmt":"2026-04-27T20:15:24","slug":"guatemala-completa-su-ratificacion-del-acuerdo-comercial-con-ee-uu-y-queda-a-la-espera-de-la-entrada-en-vigor","status":"publish","type":"post","link":"https:\/\/seal.com.gt\/en\/guatemala-completa-su-ratificacion-del-acuerdo-comercial-con-ee-uu-y-queda-a-la-espera-de-la-entrada-en-vigor\/","title":{"rendered":"Guatemala completa su ratificaci\u00f3n del acuerdo comercial con EE.UU. y queda a la espera de la entrada en vigor"},"content":{"rendered":"<h2 class=\"wp-block-heading\"><strong>El gobierno guatemalteco cerr\u00f3 su proceso interno para el Acuerdo sobre Comercio Rec\u00edproco con Estados Unidos, mientras el sector exportador permanece atento al \u00faltimo paso formal de Washington. M\u00e1s que una rebaja arancelaria, el pacto incorpora compromisos en facilitaci\u00f3n comercial, aduanas y modernizaci\u00f3n operativa.<\/strong><\/h2>\n\n\n\n<p>Guatemala complet\u00f3 su proceso interno de ratificaci\u00f3n del Acuerdo sobre Comercio Rec\u00edproco suscrito con Estados Unidos, un paso que despeja la fase dom\u00e9stica del tr\u00e1mite y deja pendiente \u00fanicamente la formalizaci\u00f3n final por parte de Washington para su entrada en vigor, se\u00f1alaron desde\u00a0<a href=\"https:\/\/seal.com.gt\/en\/\" target=\"_blank\" rel=\"noreferrer noopener\"><strong>SEAL, Servicios Especializados de Aduana y Log\u00edstica.<\/strong><\/a><\/p>\n\n\n\n<p>La noticia marca un hito relevante para el comercio exterior guatemalteco, no solo por el alivio arancelario que el acuerdo promete para una parte importante de las exportaciones nacionales, sino tambi\u00e9n por el conjunto de compromisos regulatorios, aduaneros y log\u00edsticos que acompa\u00f1an el texto.<\/p>\n\n\n\n<p>De acuerdo con la informaci\u00f3n oficial y con la cronolog\u00eda reportada por medios locales, el presidente Bernardo Ar\u00e9valo firm\u00f3 la ratificaci\u00f3n a inicios de marzo y Guatemala notific\u00f3 posteriormente a Estados Unidos que hab\u00eda concluido sus procedimientos legales internos. A partir de ah\u00ed, el acuerdo queda a la espera del acto formal de la contraparte estadounidense, condici\u00f3n necesaria para activar el plazo que definir\u00e1 su entrada en vigor.<\/p>\n\n\n\n<h3 class=\"wp-block-heading\">Un acuerdo que va m\u00e1s all\u00e1 de los aranceles<\/h3>\n\n\n\n<p>Aunque la atenci\u00f3n p\u00fablica se ha concentrado en el efecto sobre las tarifas aplicadas a productos guatemaltecos, el alcance del acuerdo es m\u00e1s amplio. En la pr\u00e1ctica, el instrumento tambi\u00e9n introduce compromisos vinculados con eliminaci\u00f3n o automatizaci\u00f3n de licencias de importaci\u00f3n, aceptaci\u00f3n de determinados est\u00e1ndares t\u00e9cnicos, facilitaci\u00f3n aduanera y fortalecimiento de procesos de control.<\/p>\n\n\n\n<p>Esto lo convierte en una se\u00f1al importante para exportadores, importadores, operadores log\u00edsticos, agentes aduaneros y empresas con cadenas de suministro integradas con el mercado estadounidense.<\/p>\n\n\n\n<p>Para Guatemala, el valor estrat\u00e9gico del acuerdo no radica solo en mejorar el acceso al principal destino de sus exportaciones, sino en utilizar esta negociaci\u00f3n como palanca para modernizar procesos que inciden directamente en competitividad: tiempos de despacho, gesti\u00f3n documental, trazabilidad y previsibilidad regulatoria, agregaron desde \u00a0<a href=\"https:\/\/seal.com.gt\/en\/\" target=\"_blank\" rel=\"noreferrer noopener\"><strong>SEAL, Servicios Especializados de Aduana y Log\u00edstica.<\/strong><\/a><\/p>\n\n\n\n<h3 class=\"wp-block-heading\">Impacto log\u00edstico y aduanero<\/h3>\n\n\n\n<p>Uno de los puntos m\u00e1s relevantes para el sector es que el acuerdo incorpora medidas que pueden traducirse en mejoras operativas concretas. Entre ellas figuran compromisos relacionados con valoraci\u00f3n aduanera, digitalizaci\u00f3n, ventanilla \u00fanica, uso de informaci\u00f3n anticipada y mecanismos que faciliten la liberaci\u00f3n m\u00e1s r\u00e1pida de mercanc\u00edas de bajo riesgo.<\/p>\n\n\n\n<p>En t\u00e9rminos pr\u00e1cticos, esto apunta a una agenda que podr\u00eda reducir fricciones en frontera, simplificar tr\u00e1mites y mejorar la coordinaci\u00f3n entre autoridades y operadores del comercio exterior.<\/p>\n\n\n\n<p>Tambi\u00e9n se abren oportunidades para reforzar la infraestructura institucional detr\u00e1s del intercambio bilateral, especialmente en lo referente a certificaciones electr\u00f3nicas, controles sanitarios y procedimientos de verificaci\u00f3n. Para un pa\u00eds que viene impulsando ajustes en su sistema aduanero, la implementaci\u00f3n del acuerdo podr\u00eda convertirse en un acelerador de modernizaci\u00f3n.<\/p>\n\n\n\n<h3 class=\"wp-block-heading\">Oportunidad para exportadores, pero no de forma homog\u00e9nea<\/h3>\n\n\n\n<p>Si bien el acuerdo ha sido presentado como una noticia positiva para la oferta exportadora guatemalteca, su impacto no ser\u00e1 uniforme en todos los sectores. Las estimaciones p\u00fablicas sobre la proporci\u00f3n de exportaciones que obtendr\u00edan beneficio arancelario inmediato var\u00edan seg\u00fan la fuente, pero coinciden en que la cobertura es significativa.<\/p>\n\n\n\n<p>Sin embargo, algunos productos relevantes seguir\u00edan fuera del beneficio total o mantendr\u00edan cargas que limitan el alcance del alivio. Esto implica que el efecto real deber\u00e1 medirse por sector, partida y mercado, m\u00e1s que a partir de una cifra general, indicaron desde\u00a0<a href=\"https:\/\/seal.com.gt\/en\/\" target=\"_blank\" rel=\"noreferrer noopener\"><strong>SEAL, Servicios Especializados de Aduana y Log\u00edstica.<\/strong><\/a><\/p>\n\n\n\n<p>Para las empresas exportadoras, el paso siguiente ser\u00e1 revisar con detalle qu\u00e9 productos quedan efectivamente amparados, bajo qu\u00e9 condiciones y desde qu\u00e9 fecha, una vez que el acuerdo entre formalmente en vigor.<\/p>\n\n\n\n<h3 class=\"wp-block-heading\">La fase final depende de Washington<\/h3>\n\n\n\n<p>El punto clave ahora est\u00e1 en Estados Unidos. Aunque Guatemala ya concluy\u00f3 su parte, la activaci\u00f3n del acuerdo depende de la notificaci\u00f3n oficial estadounidense. Solo entonces comenzar\u00e1 a correr el plazo establecido para su entrada en vigor.<\/p>\n\n\n\n<p>Ese detalle no es menor. En comercio exterior, la diferencia entre un acuerdo firmado, ratificado y vigente puede cambiar completamente la toma de decisiones empresariales. Mientras no exista la formalizaci\u00f3n final, el sector privado seguir\u00e1 operando con cautela, a la espera de definiciones concretas sobre fechas, cobertura y aplicaci\u00f3n pr\u00e1ctica.<\/p>\n\n\n\n<h3 class=\"wp-block-heading\">Una se\u00f1al de fondo para la relaci\u00f3n bilateral<\/h3>\n\n\n\n<p>M\u00e1s all\u00e1 del calendario inmediato, el acuerdo refleja una se\u00f1al pol\u00edtica y comercial de acercamiento entre Guatemala y Estados Unidos. Tambi\u00e9n muestra que la agenda bilateral est\u00e1 incorporando componentes cada vez m\u00e1s vinculados con seguridad de la cadena log\u00edstica, est\u00e1ndares t\u00e9cnicos y eficiencia regulatoria.<\/p>\n\n\n\n<p>Para Guatemala, esto puede representar una oportunidad doble: fortalecer su acceso al mercado estadounidense y, al mismo tiempo, avanzar en una agenda interna de facilitaci\u00f3n comercial que el sector exportador reclama desde hace a\u00f1os.<\/p>\n\n\n\n<p>La ratificaci\u00f3n ya est\u00e1 hecha. Ahora, la atenci\u00f3n se concentra en Washington y en la velocidad con que ese \u00faltimo paso pueda transformar el acuerdo en una herramienta efectiva para el comercio bilateral.<\/p>","protected":false},"excerpt":{"rendered":"<p>El gobierno guatemalteco cerr\u00f3 su proceso interno para el Acuerdo sobre Comercio Rec\u00edproco con Estados Unidos, mientras el sector exportador permanece atento al \u00faltimo paso formal de Washington. M\u00e1s que una rebaja arancelaria, el pacto incorpora compromisos en facilitaci\u00f3n comercial, aduanas y modernizaci\u00f3n operativa. Guatemala complet\u00f3 su proceso interno de ratificaci\u00f3n del Acuerdo sobre Comercio [&hellip;]<\/p>\n","protected":false},"author":9,"featured_media":3967,"comment_status":"closed","ping_status":"closed","sticky":false,"template":"","format":"standard","meta":{"footnotes":""},"categories":[1],"tags":[685,56,479],"class_list":["post-4043","post","type-post","status-publish","format-standard","has-post-thumbnail","hentry","category-blog","tag-acuerdo-comercio-reciproco","tag-logistica","tag-servicios-especialiados-de-aduana-y-logistica"],"yoast_head":"<!-- This site is optimized with the Yoast SEO plugin v27.5 - https:\/\/yoast.com\/product\/yoast-seo-wordpress\/ -->\n<title>Guatemala completa su ratificaci\u00f3n del acuerdo comercial con EE.UU. y queda a la espera de la entrada en vigor<\/title>\n<meta name=\"description\" content=\"Agencia de Aduana y Agencia de Carga, SEAL es una empresa de consultor\u00eda log\u00edstica que ofrece un servicio integral\" \/>\n<meta name=\"robots\" content=\"index, follow, max-snippet:-1, max-image-preview:large, max-video-preview:-1\" \/>\n<link rel=\"canonical\" href=\"https:\/\/seal.com.gt\/en\/guatemala-completa-su-ratificacion-del-acuerdo-comercial-con-ee-uu-y-queda-a-la-espera-de-la-entrada-en-vigor\/\" \/>\n<meta property=\"og:locale\" content=\"en_US\" \/>\n<meta property=\"og:type\" content=\"article\" \/>\n<meta property=\"og:title\" content=\"Guatemala completa su ratificaci\u00f3n del acuerdo comercial con EE.UU. y queda a la espera de la entrada en vigor\" \/>\n<meta property=\"og:description\" content=\"Agencia de Aduana y Agencia de Carga, SEAL es una empresa de consultor\u00eda log\u00edstica que ofrece un servicio integral\" \/>\n<meta property=\"og:url\" content=\"https:\/\/seal.com.gt\/en\/guatemala-completa-su-ratificacion-del-acuerdo-comercial-con-ee-uu-y-queda-a-la-espera-de-la-entrada-en-vigor\/\" \/>\n<meta property=\"og:site_name\" content=\"SEAL\" \/>\n<meta property=\"article:publisher\" content=\"https:\/\/www.facebook.com\/sealgt\/\" \/>\n<meta property=\"article:published_time\" content=\"2026-03-19T19:27:00+00:00\" \/>\n<meta property=\"article:modified_time\" content=\"2026-04-27T20:15:24+00:00\" \/>\n<meta property=\"og:image\" content=\"https:\/\/seal.com.gt\/wp-content\/uploads\/2025\/11\/guatemala-eeuu.png\" \/>\n\t<meta property=\"og:image:width\" content=\"460\" \/>\n\t<meta property=\"og:image:height\" content=\"259\" \/>\n\t<meta property=\"og:image:type\" content=\"image\/png\" \/>\n<meta name=\"author\" content=\"Carlos Fernandez\" \/>\n<meta name=\"twitter:card\" content=\"summary_large_image\" \/>\n<meta name=\"twitter:creator\" content=\"@SealGT\" \/>\n<meta name=\"twitter:site\" content=\"@SealGT\" \/>\n<meta name=\"twitter:label1\" content=\"Written by\" \/>\n\t<meta name=\"twitter:data1\" content=\"Carlos Fernandez\" \/>\n\t<meta name=\"twitter:label2\" content=\"Est. reading time\" \/>\n\t<meta name=\"twitter:data2\" content=\"5 minutes\" \/>\n<script type=\"application\/ld+json\" class=\"yoast-schema-graph\">{\"@context\":\"https:\\\/\\\/schema.org\",\"@graph\":[{\"@type\":\"Article\",\"@id\":\"https:\\\/\\\/seal.com.gt\\\/guatemala-completa-su-ratificacion-del-acuerdo-comercial-con-ee-uu-y-queda-a-la-espera-de-la-entrada-en-vigor\\\/#article\",\"isPartOf\":{\"@id\":\"https:\\\/\\\/seal.com.gt\\\/guatemala-completa-su-ratificacion-del-acuerdo-comercial-con-ee-uu-y-queda-a-la-espera-de-la-entrada-en-vigor\\\/\"},\"author\":{\"name\":\"Carlos Fernandez\",\"@id\":\"https:\\\/\\\/www.seal.com.gt\\\/en\\\/#\\\/schema\\\/person\\\/bdaade145a7d4c0e4e550ce8a3a8c9aa\"},\"headline\":\"Guatemala completa su ratificaci\u00f3n del acuerdo comercial con EE.UU. y queda a la espera de la entrada en vigor\",\"datePublished\":\"2026-03-19T19:27:00+00:00\",\"dateModified\":\"2026-04-27T20:15:24+00:00\",\"mainEntityOfPage\":{\"@id\":\"https:\\\/\\\/seal.com.gt\\\/guatemala-completa-su-ratificacion-del-acuerdo-comercial-con-ee-uu-y-queda-a-la-espera-de-la-entrada-en-vigor\\\/\"},\"wordCount\":938,\"publisher\":{\"@id\":\"https:\\\/\\\/www.seal.com.gt\\\/en\\\/#organization\"},\"image\":{\"@id\":\"https:\\\/\\\/seal.com.gt\\\/guatemala-completa-su-ratificacion-del-acuerdo-comercial-con-ee-uu-y-queda-a-la-espera-de-la-entrada-en-vigor\\\/#primaryimage\"},\"thumbnailUrl\":\"https:\\\/\\\/seal.com.gt\\\/wp-content\\\/uploads\\\/2025\\\/11\\\/guatemala-eeuu.png\",\"keywords\":[\"acuerdo comercio reciproco\",\"log\u00edstica\",\"servicios especialiados de aduana y log\u00edstica\"],\"articleSection\":[\"Blog\"],\"inLanguage\":\"en-US\"},{\"@type\":\"WebPage\",\"@id\":\"https:\\\/\\\/seal.com.gt\\\/guatemala-completa-su-ratificacion-del-acuerdo-comercial-con-ee-uu-y-queda-a-la-espera-de-la-entrada-en-vigor\\\/\",\"url\":\"https:\\\/\\\/seal.com.gt\\\/guatemala-completa-su-ratificacion-del-acuerdo-comercial-con-ee-uu-y-queda-a-la-espera-de-la-entrada-en-vigor\\\/\",\"name\":\"Guatemala completa su ratificaci\u00f3n del acuerdo comercial con EE.UU. y queda a la espera de la entrada en vigor\",\"isPartOf\":{\"@id\":\"https:\\\/\\\/www.seal.com.gt\\\/en\\\/#website\"},\"primaryImageOfPage\":{\"@id\":\"https:\\\/\\\/seal.com.gt\\\/guatemala-completa-su-ratificacion-del-acuerdo-comercial-con-ee-uu-y-queda-a-la-espera-de-la-entrada-en-vigor\\\/#primaryimage\"},\"image\":{\"@id\":\"https:\\\/\\\/seal.com.gt\\\/guatemala-completa-su-ratificacion-del-acuerdo-comercial-con-ee-uu-y-queda-a-la-espera-de-la-entrada-en-vigor\\\/#primaryimage\"},\"thumbnailUrl\":\"https:\\\/\\\/seal.com.gt\\\/wp-content\\\/uploads\\\/2025\\\/11\\\/guatemala-eeuu.png\",\"datePublished\":\"2026-03-19T19:27:00+00:00\",\"dateModified\":\"2026-04-27T20:15:24+00:00\",\"description\":\"Agencia de Aduana y Agencia de Carga, SEAL es una empresa de consultor\u00eda log\u00edstica que ofrece un servicio integral\",\"breadcrumb\":{\"@id\":\"https:\\\/\\\/seal.com.gt\\\/guatemala-completa-su-ratificacion-del-acuerdo-comercial-con-ee-uu-y-queda-a-la-espera-de-la-entrada-en-vigor\\\/#breadcrumb\"},\"inLanguage\":\"en-US\",\"potentialAction\":[{\"@type\":\"ReadAction\",\"target\":[\"https:\\\/\\\/seal.com.gt\\\/guatemala-completa-su-ratificacion-del-acuerdo-comercial-con-ee-uu-y-queda-a-la-espera-de-la-entrada-en-vigor\\\/\"]}]},{\"@type\":\"ImageObject\",\"inLanguage\":\"en-US\",\"@id\":\"https:\\\/\\\/seal.com.gt\\\/guatemala-completa-su-ratificacion-del-acuerdo-comercial-con-ee-uu-y-queda-a-la-espera-de-la-entrada-en-vigor\\\/#primaryimage\",\"url\":\"https:\\\/\\\/seal.com.gt\\\/wp-content\\\/uploads\\\/2025\\\/11\\\/guatemala-eeuu.png\",\"contentUrl\":\"https:\\\/\\\/seal.com.gt\\\/wp-content\\\/uploads\\\/2025\\\/11\\\/guatemala-eeuu.png\",\"width\":460,\"height\":259},{\"@type\":\"BreadcrumbList\",\"@id\":\"https:\\\/\\\/seal.com.gt\\\/guatemala-completa-su-ratificacion-del-acuerdo-comercial-con-ee-uu-y-queda-a-la-espera-de-la-entrada-en-vigor\\\/#breadcrumb\",\"itemListElement\":[{\"@type\":\"ListItem\",\"position\":1,\"name\":\"Portada\",\"item\":\"https:\\\/\\\/seal.com.gt\\\/\"},{\"@type\":\"ListItem\",\"position\":2,\"name\":\"Guatemala completa su ratificaci\u00f3n del acuerdo comercial con EE.UU. y queda a la espera de la entrada en vigor\"}]},{\"@type\":\"WebSite\",\"@id\":\"https:\\\/\\\/www.seal.com.gt\\\/en\\\/#website\",\"url\":\"https:\\\/\\\/www.seal.com.gt\\\/en\\\/\",\"name\":\"SEAL\",\"description\":\"Servicios especializados de aduana y log\u00edstica\",\"publisher\":{\"@id\":\"https:\\\/\\\/www.seal.com.gt\\\/en\\\/#organization\"},\"potentialAction\":[{\"@type\":\"SearchAction\",\"target\":{\"@type\":\"EntryPoint\",\"urlTemplate\":\"https:\\\/\\\/www.seal.com.gt\\\/en\\\/?s={search_term_string}\"},\"query-input\":{\"@type\":\"PropertyValueSpecification\",\"valueRequired\":true,\"valueName\":\"search_term_string\"}}],\"inLanguage\":\"en-US\"},{\"@type\":\"Organization\",\"@id\":\"https:\\\/\\\/www.seal.com.gt\\\/en\\\/#organization\",\"name\":\"Servicios Especializados de Aduana y Logistica\",\"url\":\"https:\\\/\\\/www.seal.com.gt\\\/en\\\/\",\"logo\":{\"@type\":\"ImageObject\",\"inLanguage\":\"en-US\",\"@id\":\"https:\\\/\\\/www.seal.com.gt\\\/en\\\/#\\\/schema\\\/logo\\\/image\\\/\",\"url\":\"https:\\\/\\\/seal.com.gt\\\/wp-content\\\/uploads\\\/2019\\\/07\\\/seal-guatemala.png\",\"contentUrl\":\"https:\\\/\\\/seal.com.gt\\\/wp-content\\\/uploads\\\/2019\\\/07\\\/seal-guatemala.png\",\"width\":110,\"height\":75,\"caption\":\"Servicios Especializados de Aduana y Logistica\"},\"image\":{\"@id\":\"https:\\\/\\\/www.seal.com.gt\\\/en\\\/#\\\/schema\\\/logo\\\/image\\\/\"},\"sameAs\":[\"https:\\\/\\\/www.facebook.com\\\/sealgt\\\/\",\"https:\\\/\\\/x.com\\\/SealGT\",\"https:\\\/\\\/www.instagram.com\\\/sealgt_\\\/\",\"https:\\\/\\\/www.linkedin.com\\\/company\\\/sealgt\\\/\",\"https:\\\/\\\/www.youtube.com\\\/channel\\\/UCR7Hlb1FvtE-_dX61LGES_w\"]},{\"@type\":\"Person\",\"@id\":\"https:\\\/\\\/www.seal.com.gt\\\/en\\\/#\\\/schema\\\/person\\\/bdaade145a7d4c0e4e550ce8a3a8c9aa\",\"name\":\"Carlos Fernandez\",\"image\":{\"@type\":\"ImageObject\",\"inLanguage\":\"en-US\",\"@id\":\"https:\\\/\\\/secure.gravatar.com\\\/avatar\\\/58d46d11b3ee03e1c767195c40dc71152c0851754aaf267b52fcee7abb624f2b?s=96&d=mm&r=g\",\"url\":\"https:\\\/\\\/secure.gravatar.com\\\/avatar\\\/58d46d11b3ee03e1c767195c40dc71152c0851754aaf267b52fcee7abb624f2b?s=96&d=mm&r=g\",\"contentUrl\":\"https:\\\/\\\/secure.gravatar.com\\\/avatar\\\/58d46d11b3ee03e1c767195c40dc71152c0851754aaf267b52fcee7abb624f2b?s=96&d=mm&r=g\",\"caption\":\"Carlos Fernandez\"},\"url\":\"https:\\\/\\\/seal.com.gt\\\/en\\\/author\\\/carlos-fernandez\\\/\"}]}<\/script>\n<!-- \/ Yoast SEO plugin. -->","yoast_head_json":{"title":"Guatemala completa su ratificaci\u00f3n del acuerdo comercial con EE.UU. y queda a la espera de la entrada en vigor","description":"Agencia de Aduana y Agencia de Carga, SEAL es una empresa de consultor\u00eda log\u00edstica que ofrece un servicio integral","robots":{"index":"index","follow":"follow","max-snippet":"max-snippet:-1","max-image-preview":"max-image-preview:large","max-video-preview":"max-video-preview:-1"},"canonical":"https:\/\/seal.com.gt\/en\/guatemala-completa-su-ratificacion-del-acuerdo-comercial-con-ee-uu-y-queda-a-la-espera-de-la-entrada-en-vigor\/","og_locale":"en_US","og_type":"article","og_title":"Guatemala completa su ratificaci\u00f3n del acuerdo comercial con EE.UU. y queda a la espera de la entrada en vigor","og_description":"Agencia de Aduana y Agencia de Carga, SEAL es una empresa de consultor\u00eda log\u00edstica que ofrece un servicio integral","og_url":"https:\/\/seal.com.gt\/en\/guatemala-completa-su-ratificacion-del-acuerdo-comercial-con-ee-uu-y-queda-a-la-espera-de-la-entrada-en-vigor\/","og_site_name":"SEAL","article_publisher":"https:\/\/www.facebook.com\/sealgt\/","article_published_time":"2026-03-19T19:27:00+00:00","article_modified_time":"2026-04-27T20:15:24+00:00","og_image":[{"width":460,"height":259,"url":"https:\/\/seal.com.gt\/wp-content\/uploads\/2025\/11\/guatemala-eeuu.png","type":"image\/png"}],"author":"Carlos Fernandez","twitter_card":"summary_large_image","twitter_creator":"@SealGT","twitter_site":"@SealGT","twitter_misc":{"Written by":"Carlos Fernandez","Est. reading time":"5 minutes"},"schema":{"@context":"https:\/\/schema.org","@graph":[{"@type":"Article","@id":"https:\/\/seal.com.gt\/guatemala-completa-su-ratificacion-del-acuerdo-comercial-con-ee-uu-y-queda-a-la-espera-de-la-entrada-en-vigor\/#article","isPartOf":{"@id":"https:\/\/seal.com.gt\/guatemala-completa-su-ratificacion-del-acuerdo-comercial-con-ee-uu-y-queda-a-la-espera-de-la-entrada-en-vigor\/"},"author":{"name":"Carlos Fernandez","@id":"https:\/\/www.seal.com.gt\/en\/#\/schema\/person\/bdaade145a7d4c0e4e550ce8a3a8c9aa"},"headline":"Guatemala completa su ratificaci\u00f3n del acuerdo comercial con EE.UU. y queda a la espera de la entrada en vigor","datePublished":"2026-03-19T19:27:00+00:00","dateModified":"2026-04-27T20:15:24+00:00","mainEntityOfPage":{"@id":"https:\/\/seal.com.gt\/guatemala-completa-su-ratificacion-del-acuerdo-comercial-con-ee-uu-y-queda-a-la-espera-de-la-entrada-en-vigor\/"},"wordCount":938,"publisher":{"@id":"https:\/\/www.seal.com.gt\/en\/#organization"},"image":{"@id":"https:\/\/seal.com.gt\/guatemala-completa-su-ratificacion-del-acuerdo-comercial-con-ee-uu-y-queda-a-la-espera-de-la-entrada-en-vigor\/#primaryimage"},"thumbnailUrl":"https:\/\/seal.com.gt\/wp-content\/uploads\/2025\/11\/guatemala-eeuu.png","keywords":["acuerdo comercio reciproco","log\u00edstica","servicios especialiados de aduana y log\u00edstica"],"articleSection":["Blog"],"inLanguage":"en-US"},{"@type":"WebPage","@id":"https:\/\/seal.com.gt\/guatemala-completa-su-ratificacion-del-acuerdo-comercial-con-ee-uu-y-queda-a-la-espera-de-la-entrada-en-vigor\/","url":"https:\/\/seal.com.gt\/guatemala-completa-su-ratificacion-del-acuerdo-comercial-con-ee-uu-y-queda-a-la-espera-de-la-entrada-en-vigor\/","name":"Guatemala completa su ratificaci\u00f3n del acuerdo comercial con EE.UU. y queda a la espera de la entrada en vigor","isPartOf":{"@id":"https:\/\/www.seal.com.gt\/en\/#website"},"primaryImageOfPage":{"@id":"https:\/\/seal.com.gt\/guatemala-completa-su-ratificacion-del-acuerdo-comercial-con-ee-uu-y-queda-a-la-espera-de-la-entrada-en-vigor\/#primaryimage"},"image":{"@id":"https:\/\/seal.com.gt\/guatemala-completa-su-ratificacion-del-acuerdo-comercial-con-ee-uu-y-queda-a-la-espera-de-la-entrada-en-vigor\/#primaryimage"},"thumbnailUrl":"https:\/\/seal.com.gt\/wp-content\/uploads\/2025\/11\/guatemala-eeuu.png","datePublished":"2026-03-19T19:27:00+00:00","dateModified":"2026-04-27T20:15:24+00:00","description":"Agencia de Aduana y Agencia de Carga, SEAL es una empresa de consultor\u00eda log\u00edstica que ofrece un servicio integral","breadcrumb":{"@id":"https:\/\/seal.com.gt\/guatemala-completa-su-ratificacion-del-acuerdo-comercial-con-ee-uu-y-queda-a-la-espera-de-la-entrada-en-vigor\/#breadcrumb"},"inLanguage":"en-US","potentialAction":[{"@type":"ReadAction","target":["https:\/\/seal.com.gt\/guatemala-completa-su-ratificacion-del-acuerdo-comercial-con-ee-uu-y-queda-a-la-espera-de-la-entrada-en-vigor\/"]}]},{"@type":"ImageObject","inLanguage":"en-US","@id":"https:\/\/seal.com.gt\/guatemala-completa-su-ratificacion-del-acuerdo-comercial-con-ee-uu-y-queda-a-la-espera-de-la-entrada-en-vigor\/#primaryimage","url":"https:\/\/seal.com.gt\/wp-content\/uploads\/2025\/11\/guatemala-eeuu.png","contentUrl":"https:\/\/seal.com.gt\/wp-content\/uploads\/2025\/11\/guatemala-eeuu.png","width":460,"height":259},{"@type":"BreadcrumbList","@id":"https:\/\/seal.com.gt\/guatemala-completa-su-ratificacion-del-acuerdo-comercial-con-ee-uu-y-queda-a-la-espera-de-la-entrada-en-vigor\/#breadcrumb","itemListElement":[{"@type":"ListItem","position":1,"name":"Portada","item":"https:\/\/seal.com.gt\/"},{"@type":"ListItem","position":2,"name":"Guatemala completa su ratificaci\u00f3n del acuerdo comercial con EE.UU. y queda a la espera de la entrada en vigor"}]},{"@type":"WebSite","@id":"https:\/\/www.seal.com.gt\/en\/#website","url":"https:\/\/www.seal.com.gt\/en\/","name":"SEAL","description":"Servicios especializados de aduana y log\u00edstica","publisher":{"@id":"https:\/\/www.seal.com.gt\/en\/#organization"},"potentialAction":[{"@type":"SearchAction","target":{"@type":"EntryPoint","urlTemplate":"https:\/\/www.seal.com.gt\/en\/?s={search_term_string}"},"query-input":{"@type":"PropertyValueSpecification","valueRequired":true,"valueName":"search_term_string"}}],"inLanguage":"en-US"},{"@type":"Organization","@id":"https:\/\/www.seal.com.gt\/en\/#organization","name":"Servicios Especializados de Aduana y Logistica","url":"https:\/\/www.seal.com.gt\/en\/","logo":{"@type":"ImageObject","inLanguage":"en-US","@id":"https:\/\/www.seal.com.gt\/en\/#\/schema\/logo\/image\/","url":"https:\/\/seal.com.gt\/wp-content\/uploads\/2019\/07\/seal-guatemala.png","contentUrl":"https:\/\/seal.com.gt\/wp-content\/uploads\/2019\/07\/seal-guatemala.png","width":110,"height":75,"caption":"Servicios Especializados de Aduana y Logistica"},"image":{"@id":"https:\/\/www.seal.com.gt\/en\/#\/schema\/logo\/image\/"},"sameAs":["https:\/\/www.facebook.com\/sealgt\/","https:\/\/x.com\/SealGT","https:\/\/www.instagram.com\/sealgt_\/","https:\/\/www.linkedin.com\/company\/sealgt\/","https:\/\/www.youtube.com\/channel\/UCR7Hlb1FvtE-_dX61LGES_w"]},{"@type":"Person","@id":"https:\/\/www.seal.com.gt\/en\/#\/schema\/person\/bdaade145a7d4c0e4e550ce8a3a8c9aa","name":"Carlos Fernandez","image":{"@type":"ImageObject","inLanguage":"en-US","@id":"https:\/\/secure.gravatar.com\/avatar\/58d46d11b3ee03e1c767195c40dc71152c0851754aaf267b52fcee7abb624f2b?s=96&d=mm&r=g","url":"https:\/\/secure.gravatar.com\/avatar\/58d46d11b3ee03e1c767195c40dc71152c0851754aaf267b52fcee7abb624f2b?s=96&d=mm&r=g","contentUrl":"https:\/\/secure.gravatar.com\/avatar\/58d46d11b3ee03e1c767195c40dc71152c0851754aaf267b52fcee7abb624f2b?s=96&d=mm&r=g","caption":"Carlos Fernandez"},"url":"https:\/\/seal.com.gt\/en\/author\/carlos-fernandez\/"}]}},"_links":{"self":[{"href":"https:\/\/seal.com.gt\/en\/wp-json\/wp\/v2\/posts\/4043","targetHints":{"allow":["GET"]}}],"collection":[{"href":"https:\/\/seal.com.gt\/en\/wp-json\/wp\/v2\/posts"}],"about":[{"href":"https:\/\/seal.com.gt\/en\/wp-json\/wp\/v2\/types\/post"}],"author":[{"embeddable":true,"href":"https:\/\/seal.com.gt\/en\/wp-json\/wp\/v2\/users\/9"}],"replies":[{"embeddable":true,"href":"https:\/\/seal.com.gt\/en\/wp-json\/wp\/v2\/comments?post=4043"}],"version-history":[{"count":2,"href":"https:\/\/seal.com.gt\/en\/wp-json\/wp\/v2\/posts\/4043\/revisions"}],"predecessor-version":[{"id":4060,"href":"https:\/\/seal.com.gt\/en\/wp-json\/wp\/v2\/posts\/4043\/revisions\/4060"}],"wp:featuredmedia":[{"embeddable":true,"href":"https:\/\/seal.com.gt\/en\/wp-json\/wp\/v2\/media\/3967"}],"wp:attachment":[{"href":"https:\/\/seal.com.gt\/en\/wp-json\/wp\/v2\/media?parent=4043"}],"wp:term":[{"taxonomy":"category","embeddable":true,"href":"https:\/\/seal.com.gt\/en\/wp-json\/wp\/v2\/categories?post=4043"},{"taxonomy":"post_tag","embeddable":true,"href":"https:\/\/seal.com.gt\/en\/wp-json\/wp\/v2\/tags?post=4043"}],"curies":[{"name":"wp","href":"https:\/\/api.w.org\/{rel}","templated":true}]}}