{"id":4049,"date":"2026-03-27T14:04:14","date_gmt":"2026-03-27T20:04:14","guid":{"rendered":"https:\/\/seal.com.gt\/?p=4049"},"modified":"2026-04-27T14:38:59","modified_gmt":"2026-04-27T20:38:59","slug":"ley-portuaria-entra-en-fase-decisiva-en-guatemala-y-abre-debate-sobre-inversion-privada","status":"publish","type":"post","link":"https:\/\/seal.com.gt\/en\/ley-portuaria-entra-en-fase-decisiva-en-guatemala-y-abre-debate-sobre-inversion-privada\/","title":{"rendered":"Ley portuaria entra en fase decisiva en Guatemala y abre debate sobre inversi\u00f3n privada"},"content":{"rendered":"<p><strong>El Congreso retomar\u00e1 despu\u00e9s de Semana Santa la discusi\u00f3n final de la Ley General del Sistema Portuario Nacional, una iniciativa que busca modernizar la infraestructura mar\u00edtima del pa\u00eds y habilitar nuevos esquemas de participaci\u00f3n privada bajo regulaci\u00f3n estatal.<\/strong><\/p>\n\n\n\n<p>La reforma portuaria de Guatemala entr\u00f3 en su tramo pol\u00edtico m\u00e1s delicado. La Ley General del Sistema Portuario Nacional, construida sobre las iniciativas 6527 y 6541, ya super\u00f3 el primer y segundo debate en el Congreso y qued\u00f3 encaminada para su discusi\u00f3n final en el pleno, seg\u00fan la hoja de ruta expuesta por autoridades legislativas y la cobertura reciente del tema, se\u00f1alaron desde\u00a0<a href=\"https:\/\/seal.com.gt\/en\/\" target=\"_blank\" rel=\"noreferrer noopener\"><strong>SEAL, Servicios Especializados de Aduana y Log\u00edstica.<\/strong><\/a><\/p>\n\n\n\n<p>El avance no es menor. Para el sector empresarial y log\u00edstico, la propuesta representa la posibilidad de actualizar un marco legal que hoy luce insuficiente para acompa\u00f1ar las necesidades de inversi\u00f3n, eficiencia operativa y competitividad del comercio exterior guatemalteco. En esa l\u00ednea, el Congreso ha presentado la iniciativa como una pieza orientada a promover puertos m\u00e1s seguros, eficientes y competitivos.<\/p>\n\n\n\n<p>Uno de los puntos que m\u00e1s inter\u00e9s ha despertado es la apertura a capital privado. La discusi\u00f3n legislativa y los documentos de comisi\u00f3n muestran que la ley contempla distintos mecanismos para incorporar inversi\u00f3n en el desarrollo portuario, entre ellos contratos de explotaci\u00f3n portuaria, alianzas p\u00fablico-privadas y proyectos de capital totalmente privado, siempre bajo supervisi\u00f3n p\u00fablica y con la seguridad y la soberan\u00eda t\u00e9cnica reservadas al Estado.<\/p>\n\n\n\n<p>Ese matiz es central. El mensaje pol\u00edtico que ha acompa\u00f1ado la iniciativa insiste en que no se trata de una privatizaci\u00f3n de los puertos existentes, sino de crear condiciones para atraer nuevas inversiones en terminales, infraestructura y operaci\u00f3n, sin desmontar el car\u00e1cter p\u00fablico del sistema portuario, apuntaron desde\u00a0<a href=\"https:\/\/seal.com.gt\/en\/\" target=\"_blank\" rel=\"noreferrer noopener\"><strong>SEAL, Servicios Especializados de Aduana y Log\u00edstica.<\/strong><\/a><\/p>\n\n\n\n<p>El proyecto, sin embargo, no avanza sin resistencias. El Ejecutivo remiti\u00f3 observaciones a 14 art\u00edculos del texto dictaminado, con reparos sobre gobernanza, estructura institucional y mecanismos de asignaci\u00f3n para operadores privados. Seg\u00fan esa postura, la modernizaci\u00f3n portuaria requiere reglas claras para evitar vac\u00edos regulatorios o dise\u00f1os que puedan comprometer la rector\u00eda p\u00fablica en el largo plazo.<\/p>\n\n\n\n<p>Las alertas tambi\u00e9n han surgido dentro del propio debate legislativo. Actas de comisi\u00f3n registran preocupaciones sobre posibles cambios en contrataci\u00f3n, integraci\u00f3n de \u00f3rganos de direcci\u00f3n y el equilibrio entre agilidad para invertir y controles suficientes de transparencia. Esa discusi\u00f3n revela que el verdadero debate ya no es si Guatemala necesita una nueva ley portuaria, sino bajo qu\u00e9 arquitectura institucional quiere abrirle espacio al capital privado.<\/p>\n\n\n\n<p>En t\u00e9rminos econ\u00f3micos, la presi\u00f3n para aprobar la norma responde a una realidad conocida por el sector: los puertos siguen siendo un cuello de botella para la competitividad del pa\u00eds. La ley busca responder a ese rezago con un marco m\u00e1s moderno para ordenar la autoridad del sistema, facilitar inversiones y crear mejores condiciones para el movimiento de carga, agregaron desde\u00a0<a href=\"https:\/\/seal.com.gt\/en\/\" target=\"_blank\" rel=\"noreferrer noopener\"><strong>SEAL, Servicios Especializados de Aduana y Log\u00edstica.<\/strong><\/a><\/p>\n\n\n\n<p>Por ahora, la iniciativa no puede darse por aprobada. Lo que s\u00ed est\u00e1 claro es que la discusi\u00f3n entra en una fase final en la que se definir\u00e1 mucho m\u00e1s que un calendario legislativo: se decidir\u00e1 si Guatemala logra sacar adelante una reforma portuaria capaz de atraer inversi\u00f3n sin debilitar la regulaci\u00f3n, y si convierte esa apuesta en una ventaja real para su comercio exterior.<\/p>","protected":false},"excerpt":{"rendered":"<p>El Congreso retomar\u00e1 despu\u00e9s de Semana Santa la discusi\u00f3n final de la Ley General del Sistema Portuario Nacional, una iniciativa que busca modernizar la infraestructura mar\u00edtima del pa\u00eds y habilitar nuevos esquemas de participaci\u00f3n privada bajo regulaci\u00f3n estatal. La reforma portuaria de Guatemala entr\u00f3 en su tramo pol\u00edtico m\u00e1s delicado. La Ley General del Sistema [&hellip;]<\/p>\n","protected":false},"author":9,"featured_media":1986,"comment_status":"closed","ping_status":"closed","sticky":false,"template":"","format":"standard","meta":{"footnotes":""},"categories":[1],"tags":[112,55,624],"class_list":["post-4049","post","type-post","status-publish","format-standard","has-post-thumbnail","hentry","category-blog","tag-aduanas","tag-seal","tag-seal-gt"],"yoast_head":"<!-- This site is optimized with the Yoast SEO plugin v27.5 - https:\/\/yoast.com\/product\/yoast-seo-wordpress\/ -->\n<title>Ley portuaria entra en fase decisiva en Guatemala y abre debate sobre inversi\u00f3n privada<\/title>\n<meta name=\"description\" content=\"Agencia de Aduana y Agencia de Carga, SEAL es una empresa de consultor\u00eda log\u00edstica que ofrece un servicio integral\" \/>\n<meta name=\"robots\" content=\"index, follow, max-snippet:-1, max-image-preview:large, max-video-preview:-1\" \/>\n<link rel=\"canonical\" href=\"https:\/\/seal.com.gt\/en\/ley-portuaria-entra-en-fase-decisiva-en-guatemala-y-abre-debate-sobre-inversion-privada\/\" \/>\n<meta property=\"og:locale\" content=\"en_US\" \/>\n<meta property=\"og:type\" content=\"article\" \/>\n<meta property=\"og:title\" content=\"Ley portuaria entra en fase decisiva en Guatemala y abre debate sobre inversi\u00f3n privada\" \/>\n<meta property=\"og:description\" content=\"Agencia de Aduana y Agencia de Carga, SEAL es una empresa de consultor\u00eda log\u00edstica que ofrece un servicio integral\" \/>\n<meta property=\"og:url\" content=\"https:\/\/seal.com.gt\/en\/ley-portuaria-entra-en-fase-decisiva-en-guatemala-y-abre-debate-sobre-inversion-privada\/\" \/>\n<meta property=\"og:site_name\" content=\"SEAL\" \/>\n<meta property=\"article:publisher\" content=\"https:\/\/www.facebook.com\/sealgt\/\" \/>\n<meta property=\"article:published_time\" content=\"2026-03-27T20:04:14+00:00\" \/>\n<meta property=\"article:modified_time\" content=\"2026-04-27T20:38:59+00:00\" \/>\n<meta property=\"og:image\" content=\"https:\/\/seal.com.gt\/wp-content\/uploads\/2022\/12\/PUERTO-QUETZAL.jpg\" \/>\n\t<meta property=\"og:image:width\" content=\"765\" \/>\n\t<meta property=\"og:image:height\" content=\"550\" \/>\n\t<meta property=\"og:image:type\" content=\"image\/jpeg\" \/>\n<meta name=\"author\" content=\"Carlos Fernandez\" \/>\n<meta name=\"twitter:card\" content=\"summary_large_image\" \/>\n<meta name=\"twitter:creator\" content=\"@SealGT\" \/>\n<meta name=\"twitter:site\" content=\"@SealGT\" \/>\n<meta name=\"twitter:label1\" content=\"Written by\" \/>\n\t<meta name=\"twitter:data1\" content=\"Carlos Fernandez\" \/>\n\t<meta name=\"twitter:label2\" content=\"Est. reading time\" \/>\n\t<meta name=\"twitter:data2\" content=\"3 minutes\" \/>\n<script type=\"application\/ld+json\" class=\"yoast-schema-graph\">{\"@context\":\"https:\\\/\\\/schema.org\",\"@graph\":[{\"@type\":\"Article\",\"@id\":\"https:\\\/\\\/seal.com.gt\\\/ley-portuaria-entra-en-fase-decisiva-en-guatemala-y-abre-debate-sobre-inversion-privada\\\/#article\",\"isPartOf\":{\"@id\":\"https:\\\/\\\/seal.com.gt\\\/ley-portuaria-entra-en-fase-decisiva-en-guatemala-y-abre-debate-sobre-inversion-privada\\\/\"},\"author\":{\"name\":\"Carlos Fernandez\",\"@id\":\"https:\\\/\\\/www.seal.com.gt\\\/en\\\/#\\\/schema\\\/person\\\/bdaade145a7d4c0e4e550ce8a3a8c9aa\"},\"headline\":\"Ley portuaria entra en fase decisiva en Guatemala y abre debate sobre inversi\u00f3n privada\",\"datePublished\":\"2026-03-27T20:04:14+00:00\",\"dateModified\":\"2026-04-27T20:38:59+00:00\",\"mainEntityOfPage\":{\"@id\":\"https:\\\/\\\/seal.com.gt\\\/ley-portuaria-entra-en-fase-decisiva-en-guatemala-y-abre-debate-sobre-inversion-privada\\\/\"},\"wordCount\":614,\"publisher\":{\"@id\":\"https:\\\/\\\/www.seal.com.gt\\\/en\\\/#organization\"},\"image\":{\"@id\":\"https:\\\/\\\/seal.com.gt\\\/ley-portuaria-entra-en-fase-decisiva-en-guatemala-y-abre-debate-sobre-inversion-privada\\\/#primaryimage\"},\"thumbnailUrl\":\"https:\\\/\\\/seal.com.gt\\\/wp-content\\\/uploads\\\/2022\\\/12\\\/PUERTO-QUETZAL.jpg\",\"keywords\":[\"aduanas\",\"SEAL\",\"seal gt\"],\"articleSection\":[\"Blog\"],\"inLanguage\":\"en-US\"},{\"@type\":\"WebPage\",\"@id\":\"https:\\\/\\\/seal.com.gt\\\/ley-portuaria-entra-en-fase-decisiva-en-guatemala-y-abre-debate-sobre-inversion-privada\\\/\",\"url\":\"https:\\\/\\\/seal.com.gt\\\/ley-portuaria-entra-en-fase-decisiva-en-guatemala-y-abre-debate-sobre-inversion-privada\\\/\",\"name\":\"Ley portuaria entra en fase decisiva en Guatemala y abre debate sobre inversi\u00f3n privada\",\"isPartOf\":{\"@id\":\"https:\\\/\\\/www.seal.com.gt\\\/en\\\/#website\"},\"primaryImageOfPage\":{\"@id\":\"https:\\\/\\\/seal.com.gt\\\/ley-portuaria-entra-en-fase-decisiva-en-guatemala-y-abre-debate-sobre-inversion-privada\\\/#primaryimage\"},\"image\":{\"@id\":\"https:\\\/\\\/seal.com.gt\\\/ley-portuaria-entra-en-fase-decisiva-en-guatemala-y-abre-debate-sobre-inversion-privada\\\/#primaryimage\"},\"thumbnailUrl\":\"https:\\\/\\\/seal.com.gt\\\/wp-content\\\/uploads\\\/2022\\\/12\\\/PUERTO-QUETZAL.jpg\",\"datePublished\":\"2026-03-27T20:04:14+00:00\",\"dateModified\":\"2026-04-27T20:38:59+00:00\",\"description\":\"Agencia de Aduana y Agencia de Carga, SEAL es una empresa de consultor\u00eda log\u00edstica que ofrece un servicio integral\",\"breadcrumb\":{\"@id\":\"https:\\\/\\\/seal.com.gt\\\/ley-portuaria-entra-en-fase-decisiva-en-guatemala-y-abre-debate-sobre-inversion-privada\\\/#breadcrumb\"},\"inLanguage\":\"en-US\",\"potentialAction\":[{\"@type\":\"ReadAction\",\"target\":[\"https:\\\/\\\/seal.com.gt\\\/ley-portuaria-entra-en-fase-decisiva-en-guatemala-y-abre-debate-sobre-inversion-privada\\\/\"]}]},{\"@type\":\"ImageObject\",\"inLanguage\":\"en-US\",\"@id\":\"https:\\\/\\\/seal.com.gt\\\/ley-portuaria-entra-en-fase-decisiva-en-guatemala-y-abre-debate-sobre-inversion-privada\\\/#primaryimage\",\"url\":\"https:\\\/\\\/seal.com.gt\\\/wp-content\\\/uploads\\\/2022\\\/12\\\/PUERTO-QUETZAL.jpg\",\"contentUrl\":\"https:\\\/\\\/seal.com.gt\\\/wp-content\\\/uploads\\\/2022\\\/12\\\/PUERTO-QUETZAL.jpg\",\"width\":765,\"height\":550},{\"@type\":\"BreadcrumbList\",\"@id\":\"https:\\\/\\\/seal.com.gt\\\/ley-portuaria-entra-en-fase-decisiva-en-guatemala-y-abre-debate-sobre-inversion-privada\\\/#breadcrumb\",\"itemListElement\":[{\"@type\":\"ListItem\",\"position\":1,\"name\":\"Portada\",\"item\":\"https:\\\/\\\/seal.com.gt\\\/\"},{\"@type\":\"ListItem\",\"position\":2,\"name\":\"Ley portuaria entra en fase decisiva en Guatemala y abre debate sobre inversi\u00f3n privada\"}]},{\"@type\":\"WebSite\",\"@id\":\"https:\\\/\\\/www.seal.com.gt\\\/en\\\/#website\",\"url\":\"https:\\\/\\\/www.seal.com.gt\\\/en\\\/\",\"name\":\"SEAL\",\"description\":\"Servicios especializados de aduana y log\u00edstica\",\"publisher\":{\"@id\":\"https:\\\/\\\/www.seal.com.gt\\\/en\\\/#organization\"},\"potentialAction\":[{\"@type\":\"SearchAction\",\"target\":{\"@type\":\"EntryPoint\",\"urlTemplate\":\"https:\\\/\\\/www.seal.com.gt\\\/en\\\/?s={search_term_string}\"},\"query-input\":{\"@type\":\"PropertyValueSpecification\",\"valueRequired\":true,\"valueName\":\"search_term_string\"}}],\"inLanguage\":\"en-US\"},{\"@type\":\"Organization\",\"@id\":\"https:\\\/\\\/www.seal.com.gt\\\/en\\\/#organization\",\"name\":\"Servicios Especializados de Aduana y Logistica\",\"url\":\"https:\\\/\\\/www.seal.com.gt\\\/en\\\/\",\"logo\":{\"@type\":\"ImageObject\",\"inLanguage\":\"en-US\",\"@id\":\"https:\\\/\\\/www.seal.com.gt\\\/en\\\/#\\\/schema\\\/logo\\\/image\\\/\",\"url\":\"https:\\\/\\\/seal.com.gt\\\/wp-content\\\/uploads\\\/2019\\\/07\\\/seal-guatemala.png\",\"contentUrl\":\"https:\\\/\\\/seal.com.gt\\\/wp-content\\\/uploads\\\/2019\\\/07\\\/seal-guatemala.png\",\"width\":110,\"height\":75,\"caption\":\"Servicios Especializados de Aduana y Logistica\"},\"image\":{\"@id\":\"https:\\\/\\\/www.seal.com.gt\\\/en\\\/#\\\/schema\\\/logo\\\/image\\\/\"},\"sameAs\":[\"https:\\\/\\\/www.facebook.com\\\/sealgt\\\/\",\"https:\\\/\\\/x.com\\\/SealGT\",\"https:\\\/\\\/www.instagram.com\\\/sealgt_\\\/\",\"https:\\\/\\\/www.linkedin.com\\\/company\\\/sealgt\\\/\",\"https:\\\/\\\/www.youtube.com\\\/channel\\\/UCR7Hlb1FvtE-_dX61LGES_w\"]},{\"@type\":\"Person\",\"@id\":\"https:\\\/\\\/www.seal.com.gt\\\/en\\\/#\\\/schema\\\/person\\\/bdaade145a7d4c0e4e550ce8a3a8c9aa\",\"name\":\"Carlos Fernandez\",\"image\":{\"@type\":\"ImageObject\",\"inLanguage\":\"en-US\",\"@id\":\"https:\\\/\\\/secure.gravatar.com\\\/avatar\\\/58d46d11b3ee03e1c767195c40dc71152c0851754aaf267b52fcee7abb624f2b?s=96&d=mm&r=g\",\"url\":\"https:\\\/\\\/secure.gravatar.com\\\/avatar\\\/58d46d11b3ee03e1c767195c40dc71152c0851754aaf267b52fcee7abb624f2b?s=96&d=mm&r=g\",\"contentUrl\":\"https:\\\/\\\/secure.gravatar.com\\\/avatar\\\/58d46d11b3ee03e1c767195c40dc71152c0851754aaf267b52fcee7abb624f2b?s=96&d=mm&r=g\",\"caption\":\"Carlos Fernandez\"},\"url\":\"https:\\\/\\\/seal.com.gt\\\/en\\\/author\\\/carlos-fernandez\\\/\"}]}<\/script>\n<!-- \/ Yoast SEO plugin. -->","yoast_head_json":{"title":"Ley portuaria entra en fase decisiva en Guatemala y abre debate sobre inversi\u00f3n privada","description":"Agencia de Aduana y Agencia de Carga, SEAL es una empresa de consultor\u00eda log\u00edstica que ofrece un servicio integral","robots":{"index":"index","follow":"follow","max-snippet":"max-snippet:-1","max-image-preview":"max-image-preview:large","max-video-preview":"max-video-preview:-1"},"canonical":"https:\/\/seal.com.gt\/en\/ley-portuaria-entra-en-fase-decisiva-en-guatemala-y-abre-debate-sobre-inversion-privada\/","og_locale":"en_US","og_type":"article","og_title":"Ley portuaria entra en fase decisiva en Guatemala y abre debate sobre inversi\u00f3n privada","og_description":"Agencia de Aduana y Agencia de Carga, SEAL es una empresa de consultor\u00eda log\u00edstica que ofrece un servicio integral","og_url":"https:\/\/seal.com.gt\/en\/ley-portuaria-entra-en-fase-decisiva-en-guatemala-y-abre-debate-sobre-inversion-privada\/","og_site_name":"SEAL","article_publisher":"https:\/\/www.facebook.com\/sealgt\/","article_published_time":"2026-03-27T20:04:14+00:00","article_modified_time":"2026-04-27T20:38:59+00:00","og_image":[{"width":765,"height":550,"url":"https:\/\/seal.com.gt\/wp-content\/uploads\/2022\/12\/PUERTO-QUETZAL.jpg","type":"image\/jpeg"}],"author":"Carlos Fernandez","twitter_card":"summary_large_image","twitter_creator":"@SealGT","twitter_site":"@SealGT","twitter_misc":{"Written by":"Carlos Fernandez","Est. reading time":"3 minutes"},"schema":{"@context":"https:\/\/schema.org","@graph":[{"@type":"Article","@id":"https:\/\/seal.com.gt\/ley-portuaria-entra-en-fase-decisiva-en-guatemala-y-abre-debate-sobre-inversion-privada\/#article","isPartOf":{"@id":"https:\/\/seal.com.gt\/ley-portuaria-entra-en-fase-decisiva-en-guatemala-y-abre-debate-sobre-inversion-privada\/"},"author":{"name":"Carlos Fernandez","@id":"https:\/\/www.seal.com.gt\/en\/#\/schema\/person\/bdaade145a7d4c0e4e550ce8a3a8c9aa"},"headline":"Ley portuaria entra en fase decisiva en Guatemala y abre debate sobre inversi\u00f3n privada","datePublished":"2026-03-27T20:04:14+00:00","dateModified":"2026-04-27T20:38:59+00:00","mainEntityOfPage":{"@id":"https:\/\/seal.com.gt\/ley-portuaria-entra-en-fase-decisiva-en-guatemala-y-abre-debate-sobre-inversion-privada\/"},"wordCount":614,"publisher":{"@id":"https:\/\/www.seal.com.gt\/en\/#organization"},"image":{"@id":"https:\/\/seal.com.gt\/ley-portuaria-entra-en-fase-decisiva-en-guatemala-y-abre-debate-sobre-inversion-privada\/#primaryimage"},"thumbnailUrl":"https:\/\/seal.com.gt\/wp-content\/uploads\/2022\/12\/PUERTO-QUETZAL.jpg","keywords":["aduanas","SEAL","seal gt"],"articleSection":["Blog"],"inLanguage":"en-US"},{"@type":"WebPage","@id":"https:\/\/seal.com.gt\/ley-portuaria-entra-en-fase-decisiva-en-guatemala-y-abre-debate-sobre-inversion-privada\/","url":"https:\/\/seal.com.gt\/ley-portuaria-entra-en-fase-decisiva-en-guatemala-y-abre-debate-sobre-inversion-privada\/","name":"Ley portuaria entra en fase decisiva en Guatemala y abre debate sobre inversi\u00f3n privada","isPartOf":{"@id":"https:\/\/www.seal.com.gt\/en\/#website"},"primaryImageOfPage":{"@id":"https:\/\/seal.com.gt\/ley-portuaria-entra-en-fase-decisiva-en-guatemala-y-abre-debate-sobre-inversion-privada\/#primaryimage"},"image":{"@id":"https:\/\/seal.com.gt\/ley-portuaria-entra-en-fase-decisiva-en-guatemala-y-abre-debate-sobre-inversion-privada\/#primaryimage"},"thumbnailUrl":"https:\/\/seal.com.gt\/wp-content\/uploads\/2022\/12\/PUERTO-QUETZAL.jpg","datePublished":"2026-03-27T20:04:14+00:00","dateModified":"2026-04-27T20:38:59+00:00","description":"Agencia de Aduana y Agencia de Carga, SEAL es una empresa de consultor\u00eda log\u00edstica que ofrece un servicio integral","breadcrumb":{"@id":"https:\/\/seal.com.gt\/ley-portuaria-entra-en-fase-decisiva-en-guatemala-y-abre-debate-sobre-inversion-privada\/#breadcrumb"},"inLanguage":"en-US","potentialAction":[{"@type":"ReadAction","target":["https:\/\/seal.com.gt\/ley-portuaria-entra-en-fase-decisiva-en-guatemala-y-abre-debate-sobre-inversion-privada\/"]}]},{"@type":"ImageObject","inLanguage":"en-US","@id":"https:\/\/seal.com.gt\/ley-portuaria-entra-en-fase-decisiva-en-guatemala-y-abre-debate-sobre-inversion-privada\/#primaryimage","url":"https:\/\/seal.com.gt\/wp-content\/uploads\/2022\/12\/PUERTO-QUETZAL.jpg","contentUrl":"https:\/\/seal.com.gt\/wp-content\/uploads\/2022\/12\/PUERTO-QUETZAL.jpg","width":765,"height":550},{"@type":"BreadcrumbList","@id":"https:\/\/seal.com.gt\/ley-portuaria-entra-en-fase-decisiva-en-guatemala-y-abre-debate-sobre-inversion-privada\/#breadcrumb","itemListElement":[{"@type":"ListItem","position":1,"name":"Portada","item":"https:\/\/seal.com.gt\/"},{"@type":"ListItem","position":2,"name":"Ley portuaria entra en fase decisiva en Guatemala y abre debate sobre inversi\u00f3n privada"}]},{"@type":"WebSite","@id":"https:\/\/www.seal.com.gt\/en\/#website","url":"https:\/\/www.seal.com.gt\/en\/","name":"SEAL","description":"Servicios especializados de aduana y log\u00edstica","publisher":{"@id":"https:\/\/www.seal.com.gt\/en\/#organization"},"potentialAction":[{"@type":"SearchAction","target":{"@type":"EntryPoint","urlTemplate":"https:\/\/www.seal.com.gt\/en\/?s={search_term_string}"},"query-input":{"@type":"PropertyValueSpecification","valueRequired":true,"valueName":"search_term_string"}}],"inLanguage":"en-US"},{"@type":"Organization","@id":"https:\/\/www.seal.com.gt\/en\/#organization","name":"Servicios Especializados de Aduana y Logistica","url":"https:\/\/www.seal.com.gt\/en\/","logo":{"@type":"ImageObject","inLanguage":"en-US","@id":"https:\/\/www.seal.com.gt\/en\/#\/schema\/logo\/image\/","url":"https:\/\/seal.com.gt\/wp-content\/uploads\/2019\/07\/seal-guatemala.png","contentUrl":"https:\/\/seal.com.gt\/wp-content\/uploads\/2019\/07\/seal-guatemala.png","width":110,"height":75,"caption":"Servicios Especializados de Aduana y Logistica"},"image":{"@id":"https:\/\/www.seal.com.gt\/en\/#\/schema\/logo\/image\/"},"sameAs":["https:\/\/www.facebook.com\/sealgt\/","https:\/\/x.com\/SealGT","https:\/\/www.instagram.com\/sealgt_\/","https:\/\/www.linkedin.com\/company\/sealgt\/","https:\/\/www.youtube.com\/channel\/UCR7Hlb1FvtE-_dX61LGES_w"]},{"@type":"Person","@id":"https:\/\/www.seal.com.gt\/en\/#\/schema\/person\/bdaade145a7d4c0e4e550ce8a3a8c9aa","name":"Carlos Fernandez","image":{"@type":"ImageObject","inLanguage":"en-US","@id":"https:\/\/secure.gravatar.com\/avatar\/58d46d11b3ee03e1c767195c40dc71152c0851754aaf267b52fcee7abb624f2b?s=96&d=mm&r=g","url":"https:\/\/secure.gravatar.com\/avatar\/58d46d11b3ee03e1c767195c40dc71152c0851754aaf267b52fcee7abb624f2b?s=96&d=mm&r=g","contentUrl":"https:\/\/secure.gravatar.com\/avatar\/58d46d11b3ee03e1c767195c40dc71152c0851754aaf267b52fcee7abb624f2b?s=96&d=mm&r=g","caption":"Carlos Fernandez"},"url":"https:\/\/seal.com.gt\/en\/author\/carlos-fernandez\/"}]}},"_links":{"self":[{"href":"https:\/\/seal.com.gt\/en\/wp-json\/wp\/v2\/posts\/4049","targetHints":{"allow":["GET"]}}],"collection":[{"href":"https:\/\/seal.com.gt\/en\/wp-json\/wp\/v2\/posts"}],"about":[{"href":"https:\/\/seal.com.gt\/en\/wp-json\/wp\/v2\/types\/post"}],"author":[{"embeddable":true,"href":"https:\/\/seal.com.gt\/en\/wp-json\/wp\/v2\/users\/9"}],"replies":[{"embeddable":true,"href":"https:\/\/seal.com.gt\/en\/wp-json\/wp\/v2\/comments?post=4049"}],"version-history":[{"count":2,"href":"https:\/\/seal.com.gt\/en\/wp-json\/wp\/v2\/posts\/4049\/revisions"}],"predecessor-version":[{"id":4064,"href":"https:\/\/seal.com.gt\/en\/wp-json\/wp\/v2\/posts\/4049\/revisions\/4064"}],"wp:featuredmedia":[{"embeddable":true,"href":"https:\/\/seal.com.gt\/en\/wp-json\/wp\/v2\/media\/1986"}],"wp:attachment":[{"href":"https:\/\/seal.com.gt\/en\/wp-json\/wp\/v2\/media?parent=4049"}],"wp:term":[{"taxonomy":"category","embeddable":true,"href":"https:\/\/seal.com.gt\/en\/wp-json\/wp\/v2\/categories?post=4049"},{"taxonomy":"post_tag","embeddable":true,"href":"https:\/\/seal.com.gt\/en\/wp-json\/wp\/v2\/tags?post=4049"}],"curies":[{"name":"wp","href":"https:\/\/api.w.org\/{rel}","templated":true}]}}