{"id":4065,"date":"2026-04-08T15:00:49","date_gmt":"2026-04-08T21:00:49","guid":{"rendered":"https:\/\/seal.com.gt\/?p=4065"},"modified":"2026-04-27T15:02:33","modified_gmt":"2026-04-27T21:02:33","slug":"los-paises-latinoamericanos-que-mas-crecerian-en-2026","status":"publish","type":"post","link":"https:\/\/seal.com.gt\/en\/los-paises-latinoamericanos-que-mas-crecerian-en-2026\/","title":{"rendered":"Los pa\u00edses latinoamericanos que m\u00e1s crecer\u00edan en 2026"},"content":{"rendered":"<p>El Banco Mundial prev\u00e9 una recuperaci\u00f3n moderada para Am\u00e9rica Latina y el Caribe, con una expansi\u00f3n econ\u00f3mica de 2,3% hacia 2026. La entidad financiera internacional se\u00f1ala que dicho avance resultar\u00e1 \u201cgradual\u201d debido a la incertidumbre comercial y las limitaciones financieras actuales. Seg\u00fan el informe oficial, el panorama ratifica que la zona mantiene un ritmo de desarrollo inferior al promedio global, indicaron desde&nbsp;<a href=\"https:\/\/seal.com.gt\/en\/\" target=\"_blank\" rel=\"noreferrer noopener\"><strong>SEAL, Servicios Especializados de Aduana y Log\u00edstica.<\/strong><\/a><\/p>\n\n\n\n<p>Pese a la tendencia general, publica recientemente La Rep\u00fablica, diversas naciones presentar\u00e1n mejoras sustanciales respecto al ciclo previo gracias al repunte del turismo, las materias primas y la inversi\u00f3n extranjera. Un territorio espec\u00edfico lograr\u00e1 un incremento aproximado de 5 puntos porcentuales, lo cual representa una \u201cdiferencia notable frente al resto de la regi\u00f3n\u201d. Este contraste subraya la heterogeneidad de las econom\u00edas de la regi\u00f3n ante los desaf\u00edos externos y el dinamismo interno.<\/p>\n\n\n\n<h3 class=\"wp-block-heading\"><strong>Los 3 l\u00edderes econ\u00f3micos regionales, seg\u00fan ranking 2026<\/strong><\/h3>\n\n\n\n<p>Guyana encabeza las proyecciones financieras con una aceleraci\u00f3n notable, ya que su PIB escalar\u00e1 de 14,6% en 2025 a 19,6% el a\u00f1o siguiente. Este repunte de 5 puntos porcentuales depende directamente de la explotaci\u00f3n de hidrocarburos, como el petr\u00f3leo y el gas, seg\u00fan autoridades econ\u00f3micas consultadas por Reuters, seg\u00fan nos se\u00f1alaron desde&nbsp;<a href=\"https:\/\/seal.com.gt\/en\/\" target=\"_blank\" rel=\"noreferrer noopener\"><strong>SEAL, Servicios Especializados de Aduana y Log\u00edstica.<\/strong><\/a><\/p>\n\n\n\n<p>Surinam ocupa la segunda posici\u00f3n en esta lista con un avance que pasar\u00e1 de 1,4% a 3,5%. Dicha cifra consolida una recuperaci\u00f3n necesaria despu\u00e9s de periodos con escasa actividad comercial. La mejora econ\u00f3mica obedece al fortalecimiento de los sectores extractivos y a un equilibrio macroecon\u00f3mico s\u00f3lido, factores que impulsan el desarrollo de las naciones peque\u00f1as en Sudam\u00e9rica.<\/p>\n\n\n\n<p>Rep\u00fablica Dominicana completa el podio con una estimaci\u00f3n que sube de 2,5% a 4,5% anual. El pa\u00eds caribe\u00f1o aprovecha el dinamismo del turismo y el consumo interno para mantenerse como un referente de estabilidad en el Caribe.<\/p>\n\n\n\n<h3 class=\"wp-block-heading\"><strong>\u00bfC\u00f3mo les ir\u00eda a Per\u00fa y Colombia en 2026?<\/strong><\/h3>\n\n\n\n<p>El crecimiento de la econom\u00eda peruana experimentar\u00e1 un freno al pasar de 3% en 2025 a 2,5% en 2026. Seg\u00fan el Banco Mundial, este descenso responde a un menor dinamismo en el gasto de los hogares; sin embargo, la expansi\u00f3n conserva su vigor gracias al financiamiento en cobre e infraestructura. Dichos sectores estrat\u00e9gicos act\u00faan como pilares que evitan una ca\u00edda mayor en los indicadores de producci\u00f3n nacional ante la debilidad del mercado interno.<\/p>\n\n\n\n<p>Por otro lado, Colombia presentar\u00e1 una tasa estable de 2,6% durante el mismo periodo, cifra id\u00e9ntica a la del ejercicio anterior. El organismo internacional fundamenta este pron\u00f3stico en un consumo resiliente y la recuperaci\u00f3n gradual de la inversi\u00f3n privada, elementos que brindan soporte al producto interno bruto. En comparaci\u00f3n con sus pares regionales, ambas naciones muestran un avance pausado que las aleja del liderazgo en Latinoam\u00e9rica, en un contexto de estabilidad sin transformaciones dr\u00e1sticas, se\u00f1alaron desde&nbsp;<a href=\"https:\/\/seal.com.gt\/en\/\" target=\"_blank\" rel=\"noreferrer noopener\"><strong>SEAL, Servicios Especializados de Aduana y Log\u00edstica.<\/strong><\/a><\/p>\n\n\n\n<h3 class=\"wp-block-heading\"><strong>\u00bfCu\u00e1les son los pa\u00edses con m\u00e1s bajas econ\u00f3micas?<\/strong><\/h3>\n\n\n\n<p>El reciente informe del Banco Mundial proyecta un escenario adverso para Bolivia y Jamaica, \u00fanicas econom\u00edas con contracciones previstas para 2026. Los desequilibrios macroecon\u00f3micos internos, sumados a la p\u00e9rdida de fuerza en el comercio internacional, explican estas cifras negativas. De acuerdo con el organismo, la combinaci\u00f3n de factores locales y externos debilita el desempe\u00f1o econ\u00f3mico en ambas naciones, lo que marca una brecha significativa respecto a otros pa\u00edses latinoamericanos que a\u00fan conservan el dinamismo.<\/p>\n\n\n\n<p>Por otro lado, M\u00e9xico, junto con Trinidad y Tobago, presenta expectativas de bajo crecimiento debido a su vulnerabilidad ante posibles ajustes en pol\u00edticas comerciales.<\/p>\n\n\n\n<p>La instituci\u00f3n resalta amenazas latentes como nuevos aranceles o la inestabilidad en los mercados, elementos que configuran un clima de incertidumbre elevada para la regi\u00f3n. Esta situaci\u00f3n restringe la expansi\u00f3n econ\u00f3mica y obliga a los gobiernos a enfrentar riesgos que comprometen la estabilidad del producto interno bruto en el corto plazo, se\u00f1alaron desde&nbsp;<a href=\"https:\/\/seal.com.gt\/en\/\" target=\"_blank\" rel=\"noreferrer noopener\"><strong>SEAL, Servicios Especializados de Aduana y Log\u00edstica.<\/strong><\/a><\/p>","protected":false},"excerpt":{"rendered":"<p>El Banco Mundial prev\u00e9 una recuperaci\u00f3n moderada para Am\u00e9rica Latina y el Caribe, con una expansi\u00f3n econ\u00f3mica de 2,3% hacia 2026. La entidad financiera internacional se\u00f1ala que dicho avance resultar\u00e1 \u201cgradual\u201d debido a la incertidumbre comercial y las limitaciones financieras actuales. Seg\u00fan el informe oficial, el panorama ratifica que la zona mantiene un ritmo de [&hellip;]<\/p>\n","protected":false},"author":9,"featured_media":4066,"comment_status":"closed","ping_status":"closed","sticky":false,"template":"","format":"standard","meta":{"footnotes":""},"categories":[1],"tags":[388,695,694],"class_list":["post-4065","post","type-post","status-publish","format-standard","has-post-thumbnail","hentry","category-blog","tag-crecimiento","tag-latam","tag-paises-2"],"yoast_head":"<!-- This site is optimized with the Yoast SEO plugin v27.5 - https:\/\/yoast.com\/product\/yoast-seo-wordpress\/ -->\n<title>Los pa\u00edses latinoamericanos que m\u00e1s crecer\u00edan en 2026 - SEAL<\/title>\n<meta name=\"description\" content=\"Agencia de Aduana y Agencia de Carga, SEAL es una empresa de consultor\u00eda log\u00edstica que ofrece un servicio integral\" \/>\n<meta name=\"robots\" content=\"index, follow, max-snippet:-1, max-image-preview:large, max-video-preview:-1\" \/>\n<link rel=\"canonical\" href=\"https:\/\/seal.com.gt\/en\/los-paises-latinoamericanos-que-mas-crecerian-en-2026\/\" \/>\n<meta property=\"og:locale\" content=\"en_US\" \/>\n<meta property=\"og:type\" content=\"article\" \/>\n<meta property=\"og:title\" content=\"Los pa\u00edses latinoamericanos que m\u00e1s crecer\u00edan en 2026 - SEAL\" \/>\n<meta property=\"og:description\" content=\"Agencia de Aduana y Agencia de Carga, SEAL es una empresa de consultor\u00eda log\u00edstica que ofrece un servicio integral\" \/>\n<meta property=\"og:url\" content=\"https:\/\/seal.com.gt\/en\/los-paises-latinoamericanos-que-mas-crecerian-en-2026\/\" \/>\n<meta property=\"og:site_name\" content=\"SEAL\" \/>\n<meta property=\"article:publisher\" content=\"https:\/\/www.facebook.com\/sealgt\/\" \/>\n<meta property=\"article:published_time\" content=\"2026-04-08T21:00:49+00:00\" \/>\n<meta property=\"article:modified_time\" content=\"2026-04-27T21:02:33+00:00\" \/>\n<meta property=\"og:image\" content=\"https:\/\/seal.com.gt\/wp-content\/uploads\/2026\/04\/Captura-de-pantalla-2026-04-27-a-las-4.58.35-p.-m-1024x735.png\" \/>\n\t<meta property=\"og:image:width\" content=\"1024\" \/>\n\t<meta property=\"og:image:height\" content=\"735\" \/>\n\t<meta property=\"og:image:type\" content=\"image\/png\" \/>\n<meta name=\"author\" content=\"Carlos Fernandez\" \/>\n<meta name=\"twitter:card\" content=\"summary_large_image\" \/>\n<meta name=\"twitter:creator\" content=\"@SealGT\" \/>\n<meta name=\"twitter:site\" content=\"@SealGT\" \/>\n<meta name=\"twitter:label1\" content=\"Written by\" \/>\n\t<meta name=\"twitter:data1\" content=\"Carlos Fernandez\" \/>\n\t<meta name=\"twitter:label2\" content=\"Est. reading time\" \/>\n\t<meta name=\"twitter:data2\" content=\"3 minutes\" \/>\n<script type=\"application\/ld+json\" class=\"yoast-schema-graph\">{\"@context\":\"https:\\\/\\\/schema.org\",\"@graph\":[{\"@type\":\"Article\",\"@id\":\"https:\\\/\\\/seal.com.gt\\\/los-paises-latinoamericanos-que-mas-crecerian-en-2026\\\/#article\",\"isPartOf\":{\"@id\":\"https:\\\/\\\/seal.com.gt\\\/los-paises-latinoamericanos-que-mas-crecerian-en-2026\\\/\"},\"author\":{\"name\":\"Carlos Fernandez\",\"@id\":\"https:\\\/\\\/www.seal.com.gt\\\/en\\\/#\\\/schema\\\/person\\\/bdaade145a7d4c0e4e550ce8a3a8c9aa\"},\"headline\":\"Los pa\u00edses latinoamericanos que m\u00e1s crecer\u00edan en 2026\",\"datePublished\":\"2026-04-08T21:00:49+00:00\",\"dateModified\":\"2026-04-27T21:02:33+00:00\",\"mainEntityOfPage\":{\"@id\":\"https:\\\/\\\/seal.com.gt\\\/los-paises-latinoamericanos-que-mas-crecerian-en-2026\\\/\"},\"wordCount\":705,\"publisher\":{\"@id\":\"https:\\\/\\\/www.seal.com.gt\\\/en\\\/#organization\"},\"image\":{\"@id\":\"https:\\\/\\\/seal.com.gt\\\/los-paises-latinoamericanos-que-mas-crecerian-en-2026\\\/#primaryimage\"},\"thumbnailUrl\":\"https:\\\/\\\/seal.com.gt\\\/wp-content\\\/uploads\\\/2026\\\/04\\\/Captura-de-pantalla-2026-04-27-a-las-4.58.35-p.-m.png\",\"keywords\":[\"crecimiento\",\"latam\",\"paises\"],\"articleSection\":[\"Blog\"],\"inLanguage\":\"en-US\"},{\"@type\":\"WebPage\",\"@id\":\"https:\\\/\\\/seal.com.gt\\\/los-paises-latinoamericanos-que-mas-crecerian-en-2026\\\/\",\"url\":\"https:\\\/\\\/seal.com.gt\\\/los-paises-latinoamericanos-que-mas-crecerian-en-2026\\\/\",\"name\":\"Los pa\u00edses latinoamericanos que m\u00e1s crecer\u00edan en 2026 - SEAL\",\"isPartOf\":{\"@id\":\"https:\\\/\\\/www.seal.com.gt\\\/en\\\/#website\"},\"primaryImageOfPage\":{\"@id\":\"https:\\\/\\\/seal.com.gt\\\/los-paises-latinoamericanos-que-mas-crecerian-en-2026\\\/#primaryimage\"},\"image\":{\"@id\":\"https:\\\/\\\/seal.com.gt\\\/los-paises-latinoamericanos-que-mas-crecerian-en-2026\\\/#primaryimage\"},\"thumbnailUrl\":\"https:\\\/\\\/seal.com.gt\\\/wp-content\\\/uploads\\\/2026\\\/04\\\/Captura-de-pantalla-2026-04-27-a-las-4.58.35-p.-m.png\",\"datePublished\":\"2026-04-08T21:00:49+00:00\",\"dateModified\":\"2026-04-27T21:02:33+00:00\",\"description\":\"Agencia de Aduana y Agencia de Carga, SEAL es una empresa de consultor\u00eda log\u00edstica que ofrece un servicio integral\",\"breadcrumb\":{\"@id\":\"https:\\\/\\\/seal.com.gt\\\/los-paises-latinoamericanos-que-mas-crecerian-en-2026\\\/#breadcrumb\"},\"inLanguage\":\"en-US\",\"potentialAction\":[{\"@type\":\"ReadAction\",\"target\":[\"https:\\\/\\\/seal.com.gt\\\/los-paises-latinoamericanos-que-mas-crecerian-en-2026\\\/\"]}]},{\"@type\":\"ImageObject\",\"inLanguage\":\"en-US\",\"@id\":\"https:\\\/\\\/seal.com.gt\\\/los-paises-latinoamericanos-que-mas-crecerian-en-2026\\\/#primaryimage\",\"url\":\"https:\\\/\\\/seal.com.gt\\\/wp-content\\\/uploads\\\/2026\\\/04\\\/Captura-de-pantalla-2026-04-27-a-las-4.58.35-p.-m.png\",\"contentUrl\":\"https:\\\/\\\/seal.com.gt\\\/wp-content\\\/uploads\\\/2026\\\/04\\\/Captura-de-pantalla-2026-04-27-a-las-4.58.35-p.-m.png\",\"width\":1578,\"height\":1132},{\"@type\":\"BreadcrumbList\",\"@id\":\"https:\\\/\\\/seal.com.gt\\\/los-paises-latinoamericanos-que-mas-crecerian-en-2026\\\/#breadcrumb\",\"itemListElement\":[{\"@type\":\"ListItem\",\"position\":1,\"name\":\"Portada\",\"item\":\"https:\\\/\\\/seal.com.gt\\\/\"},{\"@type\":\"ListItem\",\"position\":2,\"name\":\"Los pa\u00edses latinoamericanos que m\u00e1s crecer\u00edan en 2026\"}]},{\"@type\":\"WebSite\",\"@id\":\"https:\\\/\\\/www.seal.com.gt\\\/en\\\/#website\",\"url\":\"https:\\\/\\\/www.seal.com.gt\\\/en\\\/\",\"name\":\"SEAL\",\"description\":\"Servicios especializados de aduana y log\u00edstica\",\"publisher\":{\"@id\":\"https:\\\/\\\/www.seal.com.gt\\\/en\\\/#organization\"},\"potentialAction\":[{\"@type\":\"SearchAction\",\"target\":{\"@type\":\"EntryPoint\",\"urlTemplate\":\"https:\\\/\\\/www.seal.com.gt\\\/en\\\/?s={search_term_string}\"},\"query-input\":{\"@type\":\"PropertyValueSpecification\",\"valueRequired\":true,\"valueName\":\"search_term_string\"}}],\"inLanguage\":\"en-US\"},{\"@type\":\"Organization\",\"@id\":\"https:\\\/\\\/www.seal.com.gt\\\/en\\\/#organization\",\"name\":\"Servicios Especializados de Aduana y Logistica\",\"url\":\"https:\\\/\\\/www.seal.com.gt\\\/en\\\/\",\"logo\":{\"@type\":\"ImageObject\",\"inLanguage\":\"en-US\",\"@id\":\"https:\\\/\\\/www.seal.com.gt\\\/en\\\/#\\\/schema\\\/logo\\\/image\\\/\",\"url\":\"https:\\\/\\\/seal.com.gt\\\/wp-content\\\/uploads\\\/2019\\\/07\\\/seal-guatemala.png\",\"contentUrl\":\"https:\\\/\\\/seal.com.gt\\\/wp-content\\\/uploads\\\/2019\\\/07\\\/seal-guatemala.png\",\"width\":110,\"height\":75,\"caption\":\"Servicios Especializados de Aduana y Logistica\"},\"image\":{\"@id\":\"https:\\\/\\\/www.seal.com.gt\\\/en\\\/#\\\/schema\\\/logo\\\/image\\\/\"},\"sameAs\":[\"https:\\\/\\\/www.facebook.com\\\/sealgt\\\/\",\"https:\\\/\\\/x.com\\\/SealGT\",\"https:\\\/\\\/www.instagram.com\\\/sealgt_\\\/\",\"https:\\\/\\\/www.linkedin.com\\\/company\\\/sealgt\\\/\",\"https:\\\/\\\/www.youtube.com\\\/channel\\\/UCR7Hlb1FvtE-_dX61LGES_w\"]},{\"@type\":\"Person\",\"@id\":\"https:\\\/\\\/www.seal.com.gt\\\/en\\\/#\\\/schema\\\/person\\\/bdaade145a7d4c0e4e550ce8a3a8c9aa\",\"name\":\"Carlos Fernandez\",\"image\":{\"@type\":\"ImageObject\",\"inLanguage\":\"en-US\",\"@id\":\"https:\\\/\\\/secure.gravatar.com\\\/avatar\\\/58d46d11b3ee03e1c767195c40dc71152c0851754aaf267b52fcee7abb624f2b?s=96&d=mm&r=g\",\"url\":\"https:\\\/\\\/secure.gravatar.com\\\/avatar\\\/58d46d11b3ee03e1c767195c40dc71152c0851754aaf267b52fcee7abb624f2b?s=96&d=mm&r=g\",\"contentUrl\":\"https:\\\/\\\/secure.gravatar.com\\\/avatar\\\/58d46d11b3ee03e1c767195c40dc71152c0851754aaf267b52fcee7abb624f2b?s=96&d=mm&r=g\",\"caption\":\"Carlos Fernandez\"},\"url\":\"https:\\\/\\\/seal.com.gt\\\/en\\\/author\\\/carlos-fernandez\\\/\"}]}<\/script>\n<!-- \/ Yoast SEO plugin. -->","yoast_head_json":{"title":"Los pa\u00edses latinoamericanos que m\u00e1s crecer\u00edan en 2026 - SEAL","description":"Agencia de Aduana y Agencia de Carga, SEAL es una empresa de consultor\u00eda log\u00edstica que ofrece un servicio integral","robots":{"index":"index","follow":"follow","max-snippet":"max-snippet:-1","max-image-preview":"max-image-preview:large","max-video-preview":"max-video-preview:-1"},"canonical":"https:\/\/seal.com.gt\/en\/los-paises-latinoamericanos-que-mas-crecerian-en-2026\/","og_locale":"en_US","og_type":"article","og_title":"Los pa\u00edses latinoamericanos que m\u00e1s crecer\u00edan en 2026 - SEAL","og_description":"Agencia de Aduana y Agencia de Carga, SEAL es una empresa de consultor\u00eda log\u00edstica que ofrece un servicio integral","og_url":"https:\/\/seal.com.gt\/en\/los-paises-latinoamericanos-que-mas-crecerian-en-2026\/","og_site_name":"SEAL","article_publisher":"https:\/\/www.facebook.com\/sealgt\/","article_published_time":"2026-04-08T21:00:49+00:00","article_modified_time":"2026-04-27T21:02:33+00:00","og_image":[{"width":1024,"height":735,"url":"https:\/\/seal.com.gt\/wp-content\/uploads\/2026\/04\/Captura-de-pantalla-2026-04-27-a-las-4.58.35-p.-m-1024x735.png","type":"image\/png"}],"author":"Carlos Fernandez","twitter_card":"summary_large_image","twitter_creator":"@SealGT","twitter_site":"@SealGT","twitter_misc":{"Written by":"Carlos Fernandez","Est. reading time":"3 minutes"},"schema":{"@context":"https:\/\/schema.org","@graph":[{"@type":"Article","@id":"https:\/\/seal.com.gt\/los-paises-latinoamericanos-que-mas-crecerian-en-2026\/#article","isPartOf":{"@id":"https:\/\/seal.com.gt\/los-paises-latinoamericanos-que-mas-crecerian-en-2026\/"},"author":{"name":"Carlos Fernandez","@id":"https:\/\/www.seal.com.gt\/en\/#\/schema\/person\/bdaade145a7d4c0e4e550ce8a3a8c9aa"},"headline":"Los pa\u00edses latinoamericanos que m\u00e1s crecer\u00edan en 2026","datePublished":"2026-04-08T21:00:49+00:00","dateModified":"2026-04-27T21:02:33+00:00","mainEntityOfPage":{"@id":"https:\/\/seal.com.gt\/los-paises-latinoamericanos-que-mas-crecerian-en-2026\/"},"wordCount":705,"publisher":{"@id":"https:\/\/www.seal.com.gt\/en\/#organization"},"image":{"@id":"https:\/\/seal.com.gt\/los-paises-latinoamericanos-que-mas-crecerian-en-2026\/#primaryimage"},"thumbnailUrl":"https:\/\/seal.com.gt\/wp-content\/uploads\/2026\/04\/Captura-de-pantalla-2026-04-27-a-las-4.58.35-p.-m.png","keywords":["crecimiento","latam","paises"],"articleSection":["Blog"],"inLanguage":"en-US"},{"@type":"WebPage","@id":"https:\/\/seal.com.gt\/los-paises-latinoamericanos-que-mas-crecerian-en-2026\/","url":"https:\/\/seal.com.gt\/los-paises-latinoamericanos-que-mas-crecerian-en-2026\/","name":"Los pa\u00edses latinoamericanos que m\u00e1s crecer\u00edan en 2026 - SEAL","isPartOf":{"@id":"https:\/\/www.seal.com.gt\/en\/#website"},"primaryImageOfPage":{"@id":"https:\/\/seal.com.gt\/los-paises-latinoamericanos-que-mas-crecerian-en-2026\/#primaryimage"},"image":{"@id":"https:\/\/seal.com.gt\/los-paises-latinoamericanos-que-mas-crecerian-en-2026\/#primaryimage"},"thumbnailUrl":"https:\/\/seal.com.gt\/wp-content\/uploads\/2026\/04\/Captura-de-pantalla-2026-04-27-a-las-4.58.35-p.-m.png","datePublished":"2026-04-08T21:00:49+00:00","dateModified":"2026-04-27T21:02:33+00:00","description":"Agencia de Aduana y Agencia de Carga, SEAL es una empresa de consultor\u00eda log\u00edstica que ofrece un servicio integral","breadcrumb":{"@id":"https:\/\/seal.com.gt\/los-paises-latinoamericanos-que-mas-crecerian-en-2026\/#breadcrumb"},"inLanguage":"en-US","potentialAction":[{"@type":"ReadAction","target":["https:\/\/seal.com.gt\/los-paises-latinoamericanos-que-mas-crecerian-en-2026\/"]}]},{"@type":"ImageObject","inLanguage":"en-US","@id":"https:\/\/seal.com.gt\/los-paises-latinoamericanos-que-mas-crecerian-en-2026\/#primaryimage","url":"https:\/\/seal.com.gt\/wp-content\/uploads\/2026\/04\/Captura-de-pantalla-2026-04-27-a-las-4.58.35-p.-m.png","contentUrl":"https:\/\/seal.com.gt\/wp-content\/uploads\/2026\/04\/Captura-de-pantalla-2026-04-27-a-las-4.58.35-p.-m.png","width":1578,"height":1132},{"@type":"BreadcrumbList","@id":"https:\/\/seal.com.gt\/los-paises-latinoamericanos-que-mas-crecerian-en-2026\/#breadcrumb","itemListElement":[{"@type":"ListItem","position":1,"name":"Portada","item":"https:\/\/seal.com.gt\/"},{"@type":"ListItem","position":2,"name":"Los pa\u00edses latinoamericanos que m\u00e1s crecer\u00edan en 2026"}]},{"@type":"WebSite","@id":"https:\/\/www.seal.com.gt\/en\/#website","url":"https:\/\/www.seal.com.gt\/en\/","name":"SEAL","description":"Servicios especializados de aduana y log\u00edstica","publisher":{"@id":"https:\/\/www.seal.com.gt\/en\/#organization"},"potentialAction":[{"@type":"SearchAction","target":{"@type":"EntryPoint","urlTemplate":"https:\/\/www.seal.com.gt\/en\/?s={search_term_string}"},"query-input":{"@type":"PropertyValueSpecification","valueRequired":true,"valueName":"search_term_string"}}],"inLanguage":"en-US"},{"@type":"Organization","@id":"https:\/\/www.seal.com.gt\/en\/#organization","name":"Servicios Especializados de Aduana y Logistica","url":"https:\/\/www.seal.com.gt\/en\/","logo":{"@type":"ImageObject","inLanguage":"en-US","@id":"https:\/\/www.seal.com.gt\/en\/#\/schema\/logo\/image\/","url":"https:\/\/seal.com.gt\/wp-content\/uploads\/2019\/07\/seal-guatemala.png","contentUrl":"https:\/\/seal.com.gt\/wp-content\/uploads\/2019\/07\/seal-guatemala.png","width":110,"height":75,"caption":"Servicios Especializados de Aduana y Logistica"},"image":{"@id":"https:\/\/www.seal.com.gt\/en\/#\/schema\/logo\/image\/"},"sameAs":["https:\/\/www.facebook.com\/sealgt\/","https:\/\/x.com\/SealGT","https:\/\/www.instagram.com\/sealgt_\/","https:\/\/www.linkedin.com\/company\/sealgt\/","https:\/\/www.youtube.com\/channel\/UCR7Hlb1FvtE-_dX61LGES_w"]},{"@type":"Person","@id":"https:\/\/www.seal.com.gt\/en\/#\/schema\/person\/bdaade145a7d4c0e4e550ce8a3a8c9aa","name":"Carlos Fernandez","image":{"@type":"ImageObject","inLanguage":"en-US","@id":"https:\/\/secure.gravatar.com\/avatar\/58d46d11b3ee03e1c767195c40dc71152c0851754aaf267b52fcee7abb624f2b?s=96&d=mm&r=g","url":"https:\/\/secure.gravatar.com\/avatar\/58d46d11b3ee03e1c767195c40dc71152c0851754aaf267b52fcee7abb624f2b?s=96&d=mm&r=g","contentUrl":"https:\/\/secure.gravatar.com\/avatar\/58d46d11b3ee03e1c767195c40dc71152c0851754aaf267b52fcee7abb624f2b?s=96&d=mm&r=g","caption":"Carlos Fernandez"},"url":"https:\/\/seal.com.gt\/en\/author\/carlos-fernandez\/"}]}},"_links":{"self":[{"href":"https:\/\/seal.com.gt\/en\/wp-json\/wp\/v2\/posts\/4065","targetHints":{"allow":["GET"]}}],"collection":[{"href":"https:\/\/seal.com.gt\/en\/wp-json\/wp\/v2\/posts"}],"about":[{"href":"https:\/\/seal.com.gt\/en\/wp-json\/wp\/v2\/types\/post"}],"author":[{"embeddable":true,"href":"https:\/\/seal.com.gt\/en\/wp-json\/wp\/v2\/users\/9"}],"replies":[{"embeddable":true,"href":"https:\/\/seal.com.gt\/en\/wp-json\/wp\/v2\/comments?post=4065"}],"version-history":[{"count":1,"href":"https:\/\/seal.com.gt\/en\/wp-json\/wp\/v2\/posts\/4065\/revisions"}],"predecessor-version":[{"id":4067,"href":"https:\/\/seal.com.gt\/en\/wp-json\/wp\/v2\/posts\/4065\/revisions\/4067"}],"wp:featuredmedia":[{"embeddable":true,"href":"https:\/\/seal.com.gt\/en\/wp-json\/wp\/v2\/media\/4066"}],"wp:attachment":[{"href":"https:\/\/seal.com.gt\/en\/wp-json\/wp\/v2\/media?parent=4065"}],"wp:term":[{"taxonomy":"category","embeddable":true,"href":"https:\/\/seal.com.gt\/en\/wp-json\/wp\/v2\/categories?post=4065"},{"taxonomy":"post_tag","embeddable":true,"href":"https:\/\/seal.com.gt\/en\/wp-json\/wp\/v2\/tags?post=4065"}],"curies":[{"name":"wp","href":"https:\/\/api.w.org\/{rel}","templated":true}]}}