{"id":499,"date":"2019-03-25T13:08:02","date_gmt":"2019-03-25T19:08:02","guid":{"rendered":"http:\/\/www.seal.com.gt\/?p=499"},"modified":"2024-04-01T11:55:52","modified_gmt":"2024-04-01T17:55:52","slug":"declaracion-unica-centroamericana-duca","status":"publish","type":"post","link":"https:\/\/seal.com.gt\/en\/declaracion-unica-centroamericana-duca\/","title":{"rendered":"Implementaci\u00f3n de Declaraci\u00f3n \u00danica Centroamericana (DUCA)"},"content":{"rendered":"<p>De conformidad con la Resoluci\u00f3n No. 409-2018 del Consejo de Ministros de Integraci\u00f3n Econ\u00f3mica; a partir del 1 de abril de 2019, se implementar\u00e1 el formato de <strong>Declaraci\u00f3n \u00danica Centroamericana (DUCA)<\/strong>.<\/p>\n<p>El cual remplaza el formato del Formulario Aduanero \u00danico Centroamericano (FAUCA), la Declaraci\u00f3n \u00danica de Mercanc\u00edas para el Tr\u00e1nsito Aduanero Internacional terrestre (DUT) y la Declaraci\u00f3n de Mercanc\u00edas (DUA-GT).<\/p>\n<p>Las mercanc\u00edas que al momento de la entrada en vigencia de la indicada Resoluci\u00f3n, se encuentren autorizadas por el servicio aduanero mediante una declaraci\u00f3n distinta podr\u00e1n completar la operaci\u00f3n para la cual fueron destinadas con dicha declaraci\u00f3n.<\/p>\n<p><img decoding=\"async\" class=\"alignnone size-medium wp-image-501\" src=\"http:\/\/www.seal.com.gt\/wp-content\/uploads\/2019\/03\/DUCA-portalArtboard-67-copy-2@2x-100-1800x900-300x150.jpg\" alt=\"\" width=\"300\" height=\"150\" srcset=\"https:\/\/seal.com.gt\/wp-content\/uploads\/2019\/03\/DUCA-portalArtboard-67-copy-2@2x-100-1800x900-300x150.jpg 300w, https:\/\/seal.com.gt\/wp-content\/uploads\/2019\/03\/DUCA-portalArtboard-67-copy-2@2x-100-1800x900-1024x512.jpg 1024w, https:\/\/seal.com.gt\/wp-content\/uploads\/2019\/03\/DUCA-portalArtboard-67-copy-2@2x-100-1800x900-768x384.jpg 768w, https:\/\/seal.com.gt\/wp-content\/uploads\/2019\/03\/DUCA-portalArtboard-67-copy-2@2x-100-1800x900-1536x768.jpg 1536w, https:\/\/seal.com.gt\/wp-content\/uploads\/2019\/03\/DUCA-portalArtboard-67-copy-2@2x-100-1800x900-18x9.jpg 18w, https:\/\/seal.com.gt\/wp-content\/uploads\/2019\/03\/DUCA-portalArtboard-67-copy-2@2x-100-1800x900.jpg 1800w\" sizes=\"(max-width: 300px) 100vw, 300px\" \/><\/p>\n<p><a href=\"https:\/\/portal.sat.gob.gt\/portal\/declaracion-unica-centroamericana-duca\/\">https:\/\/portal.sat.gob.gt\/portal\/declaracion-unica-centroamericana-duca\/<\/a><\/p>","protected":false},"excerpt":{"rendered":"<p>De conformidad con la Resoluci\u00f3n No. 409-2018 del Consejo de Ministros de Integraci\u00f3n Econ\u00f3mica; a partir del 1 de abril de 2019, se implementar\u00e1 el formato de Declaraci\u00f3n \u00danica Centroamericana (DUCA). El cual remplaza el formato del Formulario Aduanero \u00danico Centroamericano (FAUCA), la Declaraci\u00f3n \u00danica de Mercanc\u00edas para el Tr\u00e1nsito Aduanero Internacional terrestre (DUT) y [&hellip;]<\/p>\n","protected":false},"author":17,"featured_media":0,"comment_status":"closed","ping_status":"closed","sticky":false,"template":"","format":"standard","meta":{"footnotes":""},"categories":[1],"tags":[35,34,36,37,38],"class_list":["post-499","post","type-post","status-publish","format-standard","hentry","category-blog","tag-declaracion-unica-centroamericana","tag-duca","tag-duca-d","tag-duca-f","tag-duca-t"],"yoast_head":"<!-- This site is optimized with the Yoast SEO plugin v27.5 - https:\/\/yoast.com\/product\/yoast-seo-wordpress\/ -->\n<title>Implementaci\u00f3n de Declaraci\u00f3n \u00danica Centroamericana (DUCA) - SEAL<\/title>\n<meta name=\"description\" content=\"El formato Declaraci\u00f3n \u00danica Centroamericana (DUCA) se implementar\u00e1 partir del 1\/04\/2019, en conformidad con la Resoluci\u00f3n No. 409-2018.\" \/>\n<meta name=\"robots\" content=\"index, follow, max-snippet:-1, max-image-preview:large, max-video-preview:-1\" \/>\n<link rel=\"canonical\" href=\"https:\/\/www.seal.com.gt\/declaracion-unica-centroamericana-duca\/\" \/>\n<meta property=\"og:locale\" content=\"en_US\" \/>\n<meta property=\"og:type\" content=\"article\" \/>\n<meta property=\"og:title\" content=\"Implementaci\u00f3n de Declaraci\u00f3n \u00danica Centroamericana (DUCA) - SEAL\" \/>\n<meta property=\"og:description\" content=\"El formato Declaraci\u00f3n \u00danica Centroamericana (DUCA) se implementar\u00e1 partir del 1\/04\/2019, en conformidad con la Resoluci\u00f3n No. 409-2018.\" \/>\n<meta property=\"og:url\" content=\"https:\/\/www.seal.com.gt\/declaracion-unica-centroamericana-duca\/\" \/>\n<meta property=\"og:site_name\" content=\"SEAL\" \/>\n<meta property=\"article:publisher\" content=\"https:\/\/www.facebook.com\/sealgt\/\" \/>\n<meta property=\"article:published_time\" content=\"2019-03-25T19:08:02+00:00\" \/>\n<meta property=\"article:modified_time\" content=\"2024-04-01T17:55:52+00:00\" \/>\n<meta property=\"og:image\" content=\"http:\/\/www.seal.com.gt\/wp-content\/uploads\/2019\/03\/DUCA-portalArtboard-67-copy-2@2x-100-1800x900-300x150.jpg\" \/>\n<meta name=\"author\" content=\"Victor L\u00f3pez\" \/>\n<meta name=\"twitter:card\" content=\"summary_large_image\" \/>\n<meta name=\"twitter:creator\" content=\"@SealGT\" \/>\n<meta name=\"twitter:site\" content=\"@SealGT\" \/>\n<meta name=\"twitter:label1\" content=\"Written by\" \/>\n\t<meta name=\"twitter:data1\" content=\"Victor L\u00f3pez\" \/>\n\t<meta name=\"twitter:label2\" content=\"Est. reading time\" \/>\n\t<meta name=\"twitter:data2\" content=\"1 minute\" \/>\n<script type=\"application\/ld+json\" class=\"yoast-schema-graph\">{\"@context\":\"https:\\\/\\\/schema.org\",\"@graph\":[{\"@type\":\"Article\",\"@id\":\"https:\\\/\\\/www.seal.com.gt\\\/declaracion-unica-centroamericana-duca\\\/#article\",\"isPartOf\":{\"@id\":\"https:\\\/\\\/www.seal.com.gt\\\/declaracion-unica-centroamericana-duca\\\/\"},\"author\":{\"name\":\"Victor L\u00f3pez\",\"@id\":\"https:\\\/\\\/www.seal.com.gt\\\/en\\\/#\\\/schema\\\/person\\\/7488585eca32fbe4bef15f57c426ca38\"},\"headline\":\"Implementaci\u00f3n de Declaraci\u00f3n \u00danica Centroamericana (DUCA)\",\"datePublished\":\"2019-03-25T19:08:02+00:00\",\"dateModified\":\"2024-04-01T17:55:52+00:00\",\"mainEntityOfPage\":{\"@id\":\"https:\\\/\\\/www.seal.com.gt\\\/declaracion-unica-centroamericana-duca\\\/\"},\"wordCount\":125,\"publisher\":{\"@id\":\"https:\\\/\\\/www.seal.com.gt\\\/en\\\/#organization\"},\"image\":{\"@id\":\"https:\\\/\\\/www.seal.com.gt\\\/declaracion-unica-centroamericana-duca\\\/#primaryimage\"},\"thumbnailUrl\":\"http:\\\/\\\/www.seal.com.gt\\\/wp-content\\\/uploads\\\/2019\\\/03\\\/DUCA-portalArtboard-67-copy-2@2x-100-1800x900-300x150.jpg\",\"keywords\":[\"Declaraci\u00f3n \u00danica Centroamericana\",\"DUCA\",\"DUCA-D\",\"DUCA-F\",\"DUCA-T\"],\"articleSection\":[\"Blog\"],\"inLanguage\":\"en-US\"},{\"@type\":\"WebPage\",\"@id\":\"https:\\\/\\\/www.seal.com.gt\\\/declaracion-unica-centroamericana-duca\\\/\",\"url\":\"https:\\\/\\\/www.seal.com.gt\\\/declaracion-unica-centroamericana-duca\\\/\",\"name\":\"Implementaci\u00f3n de Declaraci\u00f3n \u00danica Centroamericana (DUCA) - SEAL\",\"isPartOf\":{\"@id\":\"https:\\\/\\\/www.seal.com.gt\\\/en\\\/#website\"},\"primaryImageOfPage\":{\"@id\":\"https:\\\/\\\/www.seal.com.gt\\\/declaracion-unica-centroamericana-duca\\\/#primaryimage\"},\"image\":{\"@id\":\"https:\\\/\\\/www.seal.com.gt\\\/declaracion-unica-centroamericana-duca\\\/#primaryimage\"},\"thumbnailUrl\":\"http:\\\/\\\/www.seal.com.gt\\\/wp-content\\\/uploads\\\/2019\\\/03\\\/DUCA-portalArtboard-67-copy-2@2x-100-1800x900-300x150.jpg\",\"datePublished\":\"2019-03-25T19:08:02+00:00\",\"dateModified\":\"2024-04-01T17:55:52+00:00\",\"description\":\"El formato Declaraci\u00f3n \u00danica Centroamericana (DUCA) se implementar\u00e1 partir del 1\\\/04\\\/2019, en conformidad con la Resoluci\u00f3n No. 409-2018.\",\"breadcrumb\":{\"@id\":\"https:\\\/\\\/www.seal.com.gt\\\/declaracion-unica-centroamericana-duca\\\/#breadcrumb\"},\"inLanguage\":\"en-US\",\"potentialAction\":[{\"@type\":\"ReadAction\",\"target\":[\"https:\\\/\\\/www.seal.com.gt\\\/declaracion-unica-centroamericana-duca\\\/\"]}]},{\"@type\":\"ImageObject\",\"inLanguage\":\"en-US\",\"@id\":\"https:\\\/\\\/www.seal.com.gt\\\/declaracion-unica-centroamericana-duca\\\/#primaryimage\",\"url\":\"http:\\\/\\\/www.seal.com.gt\\\/wp-content\\\/uploads\\\/2019\\\/03\\\/DUCA-portalArtboard-67-copy-2@2x-100-1800x900-300x150.jpg\",\"contentUrl\":\"http:\\\/\\\/www.seal.com.gt\\\/wp-content\\\/uploads\\\/2019\\\/03\\\/DUCA-portalArtboard-67-copy-2@2x-100-1800x900-300x150.jpg\"},{\"@type\":\"BreadcrumbList\",\"@id\":\"https:\\\/\\\/www.seal.com.gt\\\/declaracion-unica-centroamericana-duca\\\/#breadcrumb\",\"itemListElement\":[{\"@type\":\"ListItem\",\"position\":1,\"name\":\"Portada\",\"item\":\"https:\\\/\\\/seal.com.gt\\\/\"},{\"@type\":\"ListItem\",\"position\":2,\"name\":\"Implementaci\u00f3n de Declaraci\u00f3n \u00danica Centroamericana (DUCA)\"}]},{\"@type\":\"WebSite\",\"@id\":\"https:\\\/\\\/www.seal.com.gt\\\/en\\\/#website\",\"url\":\"https:\\\/\\\/www.seal.com.gt\\\/en\\\/\",\"name\":\"SEAL\",\"description\":\"Servicios especializados de aduana y log\u00edstica\",\"publisher\":{\"@id\":\"https:\\\/\\\/www.seal.com.gt\\\/en\\\/#organization\"},\"potentialAction\":[{\"@type\":\"SearchAction\",\"target\":{\"@type\":\"EntryPoint\",\"urlTemplate\":\"https:\\\/\\\/www.seal.com.gt\\\/en\\\/?s={search_term_string}\"},\"query-input\":{\"@type\":\"PropertyValueSpecification\",\"valueRequired\":true,\"valueName\":\"search_term_string\"}}],\"inLanguage\":\"en-US\"},{\"@type\":\"Organization\",\"@id\":\"https:\\\/\\\/www.seal.com.gt\\\/en\\\/#organization\",\"name\":\"Servicios Especializados de Aduana y Logistica\",\"url\":\"https:\\\/\\\/www.seal.com.gt\\\/en\\\/\",\"logo\":{\"@type\":\"ImageObject\",\"inLanguage\":\"en-US\",\"@id\":\"https:\\\/\\\/www.seal.com.gt\\\/en\\\/#\\\/schema\\\/logo\\\/image\\\/\",\"url\":\"https:\\\/\\\/seal.com.gt\\\/wp-content\\\/uploads\\\/2019\\\/07\\\/seal-guatemala.png\",\"contentUrl\":\"https:\\\/\\\/seal.com.gt\\\/wp-content\\\/uploads\\\/2019\\\/07\\\/seal-guatemala.png\",\"width\":110,\"height\":75,\"caption\":\"Servicios Especializados de Aduana y Logistica\"},\"image\":{\"@id\":\"https:\\\/\\\/www.seal.com.gt\\\/en\\\/#\\\/schema\\\/logo\\\/image\\\/\"},\"sameAs\":[\"https:\\\/\\\/www.facebook.com\\\/sealgt\\\/\",\"https:\\\/\\\/x.com\\\/SealGT\",\"https:\\\/\\\/www.instagram.com\\\/sealgt_\\\/\",\"https:\\\/\\\/www.linkedin.com\\\/company\\\/sealgt\\\/\",\"https:\\\/\\\/www.youtube.com\\\/channel\\\/UCR7Hlb1FvtE-_dX61LGES_w\"]},{\"@type\":\"Person\",\"@id\":\"https:\\\/\\\/www.seal.com.gt\\\/en\\\/#\\\/schema\\\/person\\\/7488585eca32fbe4bef15f57c426ca38\",\"name\":\"Victor L\u00f3pez\",\"image\":{\"@type\":\"ImageObject\",\"inLanguage\":\"en-US\",\"@id\":\"https:\\\/\\\/secure.gravatar.com\\\/avatar\\\/6d949258842b0213a12cd9cbd6fe0c9cddcc094559160e834ca6402b7286985e?s=96&d=mm&r=g\",\"url\":\"https:\\\/\\\/secure.gravatar.com\\\/avatar\\\/6d949258842b0213a12cd9cbd6fe0c9cddcc094559160e834ca6402b7286985e?s=96&d=mm&r=g\",\"contentUrl\":\"https:\\\/\\\/secure.gravatar.com\\\/avatar\\\/6d949258842b0213a12cd9cbd6fe0c9cddcc094559160e834ca6402b7286985e?s=96&d=mm&r=g\",\"caption\":\"Victor L\u00f3pez\"},\"url\":\"https:\\\/\\\/seal.com.gt\\\/en\\\/author\\\/victor\\\/\"}]}<\/script>\n<!-- \/ Yoast SEO plugin. -->","yoast_head_json":{"title":"Implementaci\u00f3n de Declaraci\u00f3n \u00danica Centroamericana (DUCA) - SEAL","description":"El formato Declaraci\u00f3n \u00danica Centroamericana (DUCA) se implementar\u00e1 partir del 1\/04\/2019, en conformidad con la Resoluci\u00f3n No. 409-2018.","robots":{"index":"index","follow":"follow","max-snippet":"max-snippet:-1","max-image-preview":"max-image-preview:large","max-video-preview":"max-video-preview:-1"},"canonical":"https:\/\/www.seal.com.gt\/declaracion-unica-centroamericana-duca\/","og_locale":"en_US","og_type":"article","og_title":"Implementaci\u00f3n de Declaraci\u00f3n \u00danica Centroamericana (DUCA) - SEAL","og_description":"El formato Declaraci\u00f3n \u00danica Centroamericana (DUCA) se implementar\u00e1 partir del 1\/04\/2019, en conformidad con la Resoluci\u00f3n No. 409-2018.","og_url":"https:\/\/www.seal.com.gt\/declaracion-unica-centroamericana-duca\/","og_site_name":"SEAL","article_publisher":"https:\/\/www.facebook.com\/sealgt\/","article_published_time":"2019-03-25T19:08:02+00:00","article_modified_time":"2024-04-01T17:55:52+00:00","og_image":[{"url":"http:\/\/www.seal.com.gt\/wp-content\/uploads\/2019\/03\/DUCA-portalArtboard-67-copy-2@2x-100-1800x900-300x150.jpg","type":"","width":"","height":""}],"author":"Victor L\u00f3pez","twitter_card":"summary_large_image","twitter_creator":"@SealGT","twitter_site":"@SealGT","twitter_misc":{"Written by":"Victor L\u00f3pez","Est. reading time":"1 minute"},"schema":{"@context":"https:\/\/schema.org","@graph":[{"@type":"Article","@id":"https:\/\/www.seal.com.gt\/declaracion-unica-centroamericana-duca\/#article","isPartOf":{"@id":"https:\/\/www.seal.com.gt\/declaracion-unica-centroamericana-duca\/"},"author":{"name":"Victor L\u00f3pez","@id":"https:\/\/www.seal.com.gt\/en\/#\/schema\/person\/7488585eca32fbe4bef15f57c426ca38"},"headline":"Implementaci\u00f3n de Declaraci\u00f3n \u00danica Centroamericana (DUCA)","datePublished":"2019-03-25T19:08:02+00:00","dateModified":"2024-04-01T17:55:52+00:00","mainEntityOfPage":{"@id":"https:\/\/www.seal.com.gt\/declaracion-unica-centroamericana-duca\/"},"wordCount":125,"publisher":{"@id":"https:\/\/www.seal.com.gt\/en\/#organization"},"image":{"@id":"https:\/\/www.seal.com.gt\/declaracion-unica-centroamericana-duca\/#primaryimage"},"thumbnailUrl":"http:\/\/www.seal.com.gt\/wp-content\/uploads\/2019\/03\/DUCA-portalArtboard-67-copy-2@2x-100-1800x900-300x150.jpg","keywords":["Declaraci\u00f3n \u00danica Centroamericana","DUCA","DUCA-D","DUCA-F","DUCA-T"],"articleSection":["Blog"],"inLanguage":"en-US"},{"@type":"WebPage","@id":"https:\/\/www.seal.com.gt\/declaracion-unica-centroamericana-duca\/","url":"https:\/\/www.seal.com.gt\/declaracion-unica-centroamericana-duca\/","name":"Implementaci\u00f3n de Declaraci\u00f3n \u00danica Centroamericana (DUCA) - SEAL","isPartOf":{"@id":"https:\/\/www.seal.com.gt\/en\/#website"},"primaryImageOfPage":{"@id":"https:\/\/www.seal.com.gt\/declaracion-unica-centroamericana-duca\/#primaryimage"},"image":{"@id":"https:\/\/www.seal.com.gt\/declaracion-unica-centroamericana-duca\/#primaryimage"},"thumbnailUrl":"http:\/\/www.seal.com.gt\/wp-content\/uploads\/2019\/03\/DUCA-portalArtboard-67-copy-2@2x-100-1800x900-300x150.jpg","datePublished":"2019-03-25T19:08:02+00:00","dateModified":"2024-04-01T17:55:52+00:00","description":"El formato Declaraci\u00f3n \u00danica Centroamericana (DUCA) se implementar\u00e1 partir del 1\/04\/2019, en conformidad con la Resoluci\u00f3n No. 409-2018.","breadcrumb":{"@id":"https:\/\/www.seal.com.gt\/declaracion-unica-centroamericana-duca\/#breadcrumb"},"inLanguage":"en-US","potentialAction":[{"@type":"ReadAction","target":["https:\/\/www.seal.com.gt\/declaracion-unica-centroamericana-duca\/"]}]},{"@type":"ImageObject","inLanguage":"en-US","@id":"https:\/\/www.seal.com.gt\/declaracion-unica-centroamericana-duca\/#primaryimage","url":"http:\/\/www.seal.com.gt\/wp-content\/uploads\/2019\/03\/DUCA-portalArtboard-67-copy-2@2x-100-1800x900-300x150.jpg","contentUrl":"http:\/\/www.seal.com.gt\/wp-content\/uploads\/2019\/03\/DUCA-portalArtboard-67-copy-2@2x-100-1800x900-300x150.jpg"},{"@type":"BreadcrumbList","@id":"https:\/\/www.seal.com.gt\/declaracion-unica-centroamericana-duca\/#breadcrumb","itemListElement":[{"@type":"ListItem","position":1,"name":"Portada","item":"https:\/\/seal.com.gt\/"},{"@type":"ListItem","position":2,"name":"Implementaci\u00f3n de Declaraci\u00f3n \u00danica Centroamericana (DUCA)"}]},{"@type":"WebSite","@id":"https:\/\/www.seal.com.gt\/en\/#website","url":"https:\/\/www.seal.com.gt\/en\/","name":"SEAL","description":"Servicios especializados de aduana y log\u00edstica","publisher":{"@id":"https:\/\/www.seal.com.gt\/en\/#organization"},"potentialAction":[{"@type":"SearchAction","target":{"@type":"EntryPoint","urlTemplate":"https:\/\/www.seal.com.gt\/en\/?s={search_term_string}"},"query-input":{"@type":"PropertyValueSpecification","valueRequired":true,"valueName":"search_term_string"}}],"inLanguage":"en-US"},{"@type":"Organization","@id":"https:\/\/www.seal.com.gt\/en\/#organization","name":"Servicios Especializados de Aduana y Logistica","url":"https:\/\/www.seal.com.gt\/en\/","logo":{"@type":"ImageObject","inLanguage":"en-US","@id":"https:\/\/www.seal.com.gt\/en\/#\/schema\/logo\/image\/","url":"https:\/\/seal.com.gt\/wp-content\/uploads\/2019\/07\/seal-guatemala.png","contentUrl":"https:\/\/seal.com.gt\/wp-content\/uploads\/2019\/07\/seal-guatemala.png","width":110,"height":75,"caption":"Servicios Especializados de Aduana y Logistica"},"image":{"@id":"https:\/\/www.seal.com.gt\/en\/#\/schema\/logo\/image\/"},"sameAs":["https:\/\/www.facebook.com\/sealgt\/","https:\/\/x.com\/SealGT","https:\/\/www.instagram.com\/sealgt_\/","https:\/\/www.linkedin.com\/company\/sealgt\/","https:\/\/www.youtube.com\/channel\/UCR7Hlb1FvtE-_dX61LGES_w"]},{"@type":"Person","@id":"https:\/\/www.seal.com.gt\/en\/#\/schema\/person\/7488585eca32fbe4bef15f57c426ca38","name":"Victor L\u00f3pez","image":{"@type":"ImageObject","inLanguage":"en-US","@id":"https:\/\/secure.gravatar.com\/avatar\/6d949258842b0213a12cd9cbd6fe0c9cddcc094559160e834ca6402b7286985e?s=96&d=mm&r=g","url":"https:\/\/secure.gravatar.com\/avatar\/6d949258842b0213a12cd9cbd6fe0c9cddcc094559160e834ca6402b7286985e?s=96&d=mm&r=g","contentUrl":"https:\/\/secure.gravatar.com\/avatar\/6d949258842b0213a12cd9cbd6fe0c9cddcc094559160e834ca6402b7286985e?s=96&d=mm&r=g","caption":"Victor L\u00f3pez"},"url":"https:\/\/seal.com.gt\/en\/author\/victor\/"}]}},"_links":{"self":[{"href":"https:\/\/seal.com.gt\/en\/wp-json\/wp\/v2\/posts\/499","targetHints":{"allow":["GET"]}}],"collection":[{"href":"https:\/\/seal.com.gt\/en\/wp-json\/wp\/v2\/posts"}],"about":[{"href":"https:\/\/seal.com.gt\/en\/wp-json\/wp\/v2\/types\/post"}],"author":[{"embeddable":true,"href":"https:\/\/seal.com.gt\/en\/wp-json\/wp\/v2\/users\/17"}],"replies":[{"embeddable":true,"href":"https:\/\/seal.com.gt\/en\/wp-json\/wp\/v2\/comments?post=499"}],"version-history":[{"count":0,"href":"https:\/\/seal.com.gt\/en\/wp-json\/wp\/v2\/posts\/499\/revisions"}],"wp:attachment":[{"href":"https:\/\/seal.com.gt\/en\/wp-json\/wp\/v2\/media?parent=499"}],"wp:term":[{"taxonomy":"category","embeddable":true,"href":"https:\/\/seal.com.gt\/en\/wp-json\/wp\/v2\/categories?post=499"},{"taxonomy":"post_tag","embeddable":true,"href":"https:\/\/seal.com.gt\/en\/wp-json\/wp\/v2\/tags?post=499"}],"curies":[{"name":"wp","href":"https:\/\/api.w.org\/{rel}","templated":true}]}}